{"id":408655,"date":"2021-11-26T09:24:09","date_gmt":"2021-11-26T06:24:09","guid":{"rendered":"http:\/\/arantv.az\/?p=408655"},"modified":"2021-11-26T09:24:09","modified_gmt":"2021-11-26T06:24:09","slug":"danisiqlar-masasinda-lacin-v%c9%99-z%c9%99ng%c9%99zur-d%c9%99hlizi-xank%c9%99ndi-var","status":"publish","type":"post","link":"https:\/\/arantv.az\/?p=408655","title":{"rendered":"Dan\u0131\u015f\u0131qlar masas\u0131nda La\u00e7\u0131n v\u0259 Z\u0259ng\u0259zur d\u0259hlizi, Xank\u0259ndi var&#8230;"},"content":{"rendered":"<h3><strong>Ekspert: \u201cSo\u00e7i g\u00f6r\u00fc\u015f\u00fcnd\u0259n n\u0259tic\u0259nin hasil olmas\u0131 Rusiyan\u0131n davran\u0131\u015flar\u0131ndan as\u0131l\u0131d\u0131r\u201d<\/strong><\/h3>\n<p><strong>2021-ci ilin yanvar ay\u0131n\u0131n 11-d\u0259n sonra Az\u0259rbaycan Prezidenti \u0130lham \u018fliyev, Rusiya d\u00f6vl\u0259t ba\u015f\u00e7\u0131s\u0131 Vladmir Putinin vasit\u0259\u00e7iliyi il\u0259 Erm\u0259nistan\u0131n ba\u015f naziri Nikol Pa\u015finyanla bu g\u00fcn ikinci d\u0259f\u0259 bir araya g\u0259l\u0259c\u0259k.<\/strong><\/p>\n<p>Bu faktd\u0131r ki, 11 yanvar g\u00f6r\u00fc\u015f\u00fcnd\u0259n ke\u00e7\u0259n 10 ay m\u00fcdd\u0259td\u0259 Erm\u0259nistan \u00fcz\u0259rin\u0259 g\u00f6t\u00fcrd\u00fcy\u00fc \u00f6hd\u0259likl\u0259ri yerin\u0259 yetirm\u0259kd\u0259n yay\u0131n\u0131b, \u00fcst\u0259lik, tez-tez, x\u00fcsusil\u0259 s\u0259rh\u0259dd\u0259 t\u0259xribatlar ara verm\u0259yib, t\u0259r\u0259fl\u0259r yenid\u0259n h\u0259tta a\u011f\u0131r silahlardan istifad\u0259 edibl\u0259r. Onu da xat\u0131rladaq ki, h\u0259l\u0259 2020-ci ilin 10 noyabr \u00fc\u00e7t\u0259r\u0259fli raz\u0131la\u015fmas\u0131ndan sonra Qaraba\u011fda s\u00fclhm\u0259raml\u0131lar\u0131n m\u0259suliyy\u0259t zonas\u0131nda m\u0259skunla\u015fd\u0131qlar\u0131 b\u00f6lg\u0259d\u0259 d\u0259 t\u0259xribatlar davam edib. Ke\u00e7\u0259n ilin dekabr\u0131nda 60-dan \u00e7ox erm\u0259ni diversant Az\u0259rbaycan\u0131n Hadrut q\u0259s\u0259b\u0259si istiqam\u0259tind\u0259 terror aktlar\u0131 h\u0259yata ke\u00e7ir\u0259n zaman z\u0259r\u0259rsizl\u0259\u015fdirildi, onlar\u0131n bir \u00e7ox m\u0259hkumluq h\u0259yat\u0131 ya\u015fay\u0131r. Sonrak\u0131 d\u00f6n\u0259ml\u0259rd\u0259 d\u0259 m\u00f6vqel\u0259rimiz at\u0259\u015f\u0259 tutulub, \u0259sg\u0259rl\u0259rimizin h\u0259yat\u0131 risk alt\u0131na d\u00fc\u015f\u00fcb, \u015f\u0259hid olan v\u0259 yaralananlar\u0131m\u0131z olub, h\u0259tta m\u00f6vqeyimiz\u0259 s\u00fclhm\u0259raml\u0131lar\u0131n g\u00f6z\u00fc qar\u015f\u0131s\u0131nda \u0259l qumbaras\u0131 bel\u0259 at\u0131l\u0131b. Xank\u0259ndind\u0259 h\u0259l\u0259 d\u0259 silahl\u0131 d\u0259st\u0259l\u0259rin m\u00f6vcudlu\u011funa son qoyulmay\u0131b, separatizm meyll\u0259ri h\u0259l\u0259 d\u0259 \u0259vv\u0259lki t\u0259k qal\u0131r. B\u00fct\u00fcn bunlar o dem\u0259kdir ki, So\u00e7i g\u00f6r\u00fc\u015f\u00fcnd\u0259 m\u00fczakir\u0259 edil\u0259c\u0259k m\u0259s\u0259l\u0259l\u0259r s\u0131ras\u0131nda \u0259sas\u0259n s\u0259rh\u0259d v\u0259 Z\u0259ng\u0259zur d\u0259hlizi il\u0259 ba\u011fl\u0131 m\u0259s\u0259l\u0259 \u00f6n s\u0131rada olacaq. T\u0259sad\u00fcfi deyil ki, g\u00f6r\u00fc\u015fd\u0259n bir g\u00fcn \u0259vv\u0259l Erm\u0259nistan parlamenti m\u0259hz delimitasiya v\u0259 demarkasiya m\u0259s\u0259l\u0259sini m\u00fczakir\u0259 \u00fc\u00e7\u00fcn topla\u015f\u0131b.<\/p>\n<p>O c\u00fcml\u0259d\u0259n La\u00e7\u0131n d\u0259hlizi il\u0259 ba\u011fl\u0131 Az\u0259rbaycan\u0131n narahatl\u0131qlar\u0131 var ki, bu bar\u0259d\u0259 d\u0259 m\u00fczakir\u0259l\u0259r g\u00f6zl\u0259nil\u0259ndir. S\u00fclhm\u0259raml\u0131larla ba\u011fl\u0131 da b\u0259zi narahatl\u0131qlar qalmaqdad\u0131r ki, Bak\u0131 onu da detall\u0131 masaya yat\u0131ra bil\u0259r. Erm\u0259nistan\u0131n da Az\u0259rbaycandan Putin\u0259 \u201c\u015fikay\u0259ti olaca\u011f\u0131\u201d m\u00fcmk\u00fcnd\u00fcr. Amma g\u00f6r\u00fc\u015fd\u0259 \u0259sas suallar t\u0259bii ki, Erm\u0259nistan\u0131n ba\u015f naziri Nikol Pa\u015finyana olacaq. G\u00f6r\u00fc\u015f\u00fcn n\u0259tic\u0259si olaraq yeni b\u0259yanat\u0131n imzalanaca\u011f\u0131na \u00fcmid b\u00f6y\u00fckd\u00fcr. Ancaq erm\u0259nil\u0259rin narahatl\u0131\u011f\u0131 buna g\u00f6r\u0259dir ki, burada da \u0259sas \u201cy\u00fck\u201d yen\u0259 d\u0259 Erm\u0259nistan\u0131n \u00fcz\u0259rin\u0259 qoyula bil\u0259r.<\/p>\n<p><img src=\"https:\/\/banker.az\/wp-content\/uploads\/2020\/02\/Ceyhun-m%C9%99mm%C9%99dov.jpg\" alt=\"Ceyhun M\u0259mm\u0259dov | Banker.az\" \/><\/p>\n<p><strong>Ceyhun M\u0259mm\u0259dov\u00a0<\/strong><\/p>\n<p><strong>Deputat Ceyhun M\u0259mm\u0259dov \u201cYeni M\u00fcsavat\u201da bildirdi ki, m\u00f6vcud situasiyada Pa\u015finya<\/strong><strong>n haz\u0131rda hans\u0131sa s\u0259n\u0259di imzalamaqdan yay\u0131naraq Q\u0259rbin d\u0259st\u0259yini alma\u011fa \u00e7al\u0131\u015f\u0131r:<\/strong>\u00a0\u201cHesab edir\u0259m ki, son t\u0259xribatlar da buna hesablanm\u0131\u015fd\u0131. Z\u0259ng\u0259zur d\u0259hlizinin a\u00e7\u0131lmas\u0131n\u0131 haz\u0131rda Rusiya da ist\u0259yir v\u0259 hesab edir\u0259m ki, Erm\u0259nistan buna m\u0259cbur edil\u0259c\u0259k\u201d. C.M\u0259mm\u0259dovun q\u0259na\u0259tin\u0259 g\u00f6r\u0259, qar\u015f\u0131dak\u0131 g\u00f6r\u00fc\u015fd\u0259 Az\u0259rbaycan\u0131n qald\u0131raca\u011f\u0131 m\u0259s\u0259l\u0259l\u0259r kifay\u0259t q\u0259d\u0259rdir: \u201cNoyabr raz\u0131la\u015fmas\u0131na \u0259sas\u0259n, Z\u0259ng\u0259zur d\u0259hlizi a\u00e7\u0131lmal\u0131, Qaraba\u011fda qeyri-qanuni silahl\u0131 q\u00fcvv\u0259l\u0259r t\u0259rk-silah olunmal\u0131, La\u00e7\u0131n d\u0259hlizin\u0259 n\u0259zar\u0259t g\u00fccl\u0259ndirilm\u0259lidir. Erm\u0259nistan bunu k\u00f6n\u00fcll\u00fc etm\u0259s\u0259, yenid\u0259n m\u0259cburetm\u0259 \u0259m\u0259liyyat\u0131na ba\u015flan\u0131lacaq. \u018fn ciddi m\u0259s\u0259l\u0259l\u0259rd\u0259n biri d\u0259 La\u00e7\u0131n d\u0259hlizin\u0259 n\u0259zar\u0259tin olmas\u0131, Az\u0259rbaycan\u0131n raz\u0131l\u0131\u011f\u0131 olmadan buradan ist\u0259nil\u0259n \u015f\u0259xsin Qaraba\u011fa s\u0259rb\u0259st getm\u0259sin\u0259 son qoyulmas\u0131d\u0131r\u201d. Deputat bu m\u0259s\u0259l\u0259d\u0259 vaxt\u0131n uzad\u0131lmas\u0131n\u0131 faydal\u0131 hesab etmir: \u201cYa Erm\u0259nistan noyabr raz\u0131la\u015fmas\u0131n\u0131 yerin\u0259 yetirm\u0259li, ya da buna m\u0259cbur edilm\u0259lidir. Az\u0259rbaycan\u0131n yenid\u0259n uzun ill\u0259r Erm\u0259nistan\u0131n c\u0131\u011fall\u0131\u011f\u0131na v\u0259 \u015f\u0131ltaql\u0131\u011f\u0131na d\u00f6zm\u0259k plan\u0131 yoxdur. M\u0259s\u0259l\u0259 tez bir zamanda h\u0259llini tapmal\u0131d\u0131r\u201d.<\/p>\n<p><strong>Politoloq El\u00e7in Mirz\u0259b\u0259yli \u00f6nc\u0259 diqq\u0259ti Erm\u0259nistan\u0131n anti-Rusiya f\u0259aliyy\u0259tin\u0259 \u00e7\u0259kdi:<\/strong>\u00a0\u201cErm\u0259nistan 9 noyabrda Rusiyan\u0131n t\u0259\u015f\u0259bb\u00fcs\u00fc il\u0259 ke\u00e7irilm\u0259si n\u0259z\u0259rd\u0259 tutulan g\u00f6r\u00fc\u015f\u00fc iqnor etm\u0259kl\u0259 v\u0259 Avropa \u0130ttifaq\u0131na g\u00f6r\u00fc\u015f t\u0259\u015f\u0259bb\u00fcs\u00fc \u00fc\u00e7\u00fcn yalvarmaqla, n\u0259tic\u0259 etibaril\u0259 Rusiyan\u0131n prosesd\u0259ki dominant z\u0259man\u0259t\u00e7i rolunu \u015f\u00fcbh\u0259 alt\u0131na al\u0131b v\u0259 Kremlin n\u00fcfuzuna z\u0259rb\u0259 vurub. B\u00fct\u00fcn bunlardan sonra n\u00f6vb\u0259ti d\u0259f\u0259 Rusiyaya d\u00f6n\u00fckl\u00fck n\u00fcmayi\u015f etdir\u0259n Erm\u0259nistan\u0131n Az\u0259rbaycanla ba\u011fl\u0131 Kreml\u0259 \u015fikay\u0259tl\u0259nm\u0259k \u00fc\u00e7\u00fcn h\u0259r hans\u0131 bir \u0259sas\u0131n\u0131n v\u0259 \u00fcz\u00fcn\u00fcn oldu\u011funu d\u00fc\u015f\u00fcnm\u00fcr\u0259m. Do\u011frudur, \u201d\u00fcz&#8221; m\u0259s\u0259l\u0259si bir az m\u00fcbahis\u0259lidir. \u00c7\u00fcnki biz erm\u0259nil\u0259rd\u0259n el\u0259 \u00fczs\u00fczl\u00fckl\u0259r g\u00f6rm\u00fc\u015f\u00fck ki, bu, onun yan\u0131nda, m\u0259\u015fhur el m\u0259s\u0259lind\u0259 deyildiyi kimi, toya getm\u0259lidir. Dig\u0259r t\u0259r\u0259fd\u0259n, Pa\u015finyan\u0131n bir m\u00fcdd\u0259t \u00f6nc\u0259 Erm\u0259nistan parlamentind\u0259 s\u0259sl\u0259ndirdiyi fikirl\u0259ri d\u0259 diqq\u0259t\u0259 \u00e7atd\u0131rma\u011f\u0131n yerin\u0259 d\u00fc\u015f\u0259c\u0259yi q\u0259na\u0259tind\u0259y\u0259m. Az\u0259rbaycan medias\u0131n\u0131n da \u0259trafl\u0131 yer ay\u0131rd\u0131\u011f\u0131 \u00e7\u0131x\u0131\u015f\u0131nda Pa\u015finyan d\u00fcnyan\u0131n Erm\u0259nistan\u0131n \u015fikay\u0259tl\u0259rind\u0259n yoruldu\u011funu bildirmi\u015fdi. Q\u0259na\u0259tim\u0259 g\u00f6r\u0259, \u0259g\u0259r o, bunu ba\u015fa d\u00fc\u015fm\u0259yi bacar\u0131bsa, dig\u0259r m\u0259s\u0259l\u0259l\u0259ri d\u0259 So\u00e7i g\u00f6r\u00fc\u015f\u00fcnd\u0259 ona v\u0259 erm\u0259nil\u0259r\u0259 ba\u015fa salmaq m\u00fcmk\u00fcn olacaq. So\u00e7i g\u00f6r\u00fc\u015f\u00fcnd\u0259n n\u0259tic\u0259nin hasil olmas\u0131 Rusiyan\u0131n davran\u0131\u015flar\u0131ndan as\u0131l\u0131d\u0131r&#8221;.<\/p>\n<p><img loading=\"lazy\" src=\"https:\/\/azertag.az\/files\/galleryphoto\/2020\/3\/1000x669\/16067396153787335619_1000x669.jpg\" alt=\"El\u00e7in Mirz\u0259b\u0259yli: Erm\u0259nistan tarixinin \u0259n ac\u0131nacaql\u0131 g\u00fcnl\u0259rini ya\u015fay\u0131r -  AZ\u018fRTAC \u2013 Az\u0259rbaycan D\u00f6vl\u0259t \u0130nformasiya Agentliyi\" width=\"732\" height=\"492\" \/><\/p>\n<p><strong>El\u00e7in Mirz\u0259b\u0259yli\u00a0<\/strong><\/p>\n<p>E.Mirz\u0259b\u0259yli dig\u0259r m\u0259qama da diqq\u0259t \u00e7\u0259km\u0259yi vacib say\u0131r: \u201c\u018fg\u0259r Erm\u0259nistan ba\u015f nazirinin h\u0259r iki g\u00f6r\u00fc\u015fl\u0259 ba\u011fl\u0131 fikirl\u0259rini \u0259sas g\u00f6t\u00fcrs\u0259k, o zaman diqq\u0259tin \u0259sas\u0259n kommunikasiyalar\u0131n a\u00e7\u0131lmas\u0131na y\u00f6n\u0259ldil\u0259c\u0259yini d\u00fc\u015f\u00fcn\u00fcr\u0259m. Ola bilsin ki, g\u00f6r\u00fc\u015f\u00fcn n\u0259tic\u0259si olaraq, hans\u0131sa ke\u00e7ici bir s\u0259n\u0259d imzalans\u0131n. Q\u0259na\u0259tim\u0259 g\u00f6r\u0259, Moskva buna Br\u00fcssel g\u00f6r\u00fc\u015f\u00fcn\u00fcn \u0259h\u0259miyy\u0259tini azaltmaq \u00fc\u00e7\u00fcn c\u0259hd g\u00f6st\u0259r\u0259c\u0259k. Erm\u0259nistan\u0131n ba\u015f naziri is\u0259 \u00e7al\u0131\u015facaq ki, n\u0259 So\u00e7i, n\u0259 d\u0259 Br\u00fcssel g\u00f6r\u00fc\u015fl\u0259rind\u0259 regiondak\u0131 m\u00f6vcud reall\u0131qlar\u0131 \u0259ks etdir\u0259n v\u0259 Erm\u0259nistan\u0131n m\u0259\u011flubiyy\u0259tinin ruhuna uy\u011fun olan s\u0259n\u0259d imzalanmas\u0131n\u201d.<\/p>\n<p><strong>Siyasi analitikin fikrinc\u0259, bel\u0259 olaca\u011f\u0131 t\u0259qdird\u0259, Pa\u015finyan Avropa \u0130ttifaq\u0131na Kremlin \u201cyol x\u0259rit\u0259si\u201dn\u0259 uy\u011fun davranmad\u0131\u011f\u0131n\u0131, Rusiyaya is\u0259 Avropa \u0130ttifaq\u0131n\u0131n prosesd\u0259ki dominant rolunu q\u0259bil etm\u0259diyini n\u00fcmayi\u015f etdir\u0259c\u0259k:<\/strong>\u00a0\u201cBel\u0259likl\u0259, m\u00fcharib\u0259nin n\u0259tic\u0259l\u0259rinin v\u0259 imzalanm\u0131\u015f s\u0259n\u0259dl\u0259rin dikt\u0259 etdiyi \u015f\u0259rtl\u0259rin yerin\u0259 yetirilm\u0259sinin uzad\u0131lmas\u0131na imkan yaranacaq. Dekabr\u0131n 15-d\u0259n sonra h\u0259r hans\u0131 bir g\u00f6r\u00fc\u015f\u00fcn ke\u00e7irilm\u0259si ehtimal\u0131 yoxdur. Proses \u0259n yax\u015f\u0131 halda fevral ay\u0131n\u0131n ortalar\u0131ndan ba\u015flayaraq davam ed\u0259 bil\u0259r. Bu zaman k\u0259siyind\u0259, y\u0259ni q\u0131\u015f\u0131n \u0259n s\u0259rt aylar\u0131nda, Erm\u0259nistan Rusiyadan ald\u0131\u011f\u0131 t\u0259bii qazla v\u0259 Avropa \u0130ttifaq\u0131n\u0131n verdiyi v\u0259saitl\u0259rl\u0259 bu q\u0131\u015f\u0131 da yola ver\u0259 bil\u0259r\u201d.<\/p>\n<p>Bug\u00fcnl\u0259rd\u0259 erm\u0259ni medias\u0131 v\u0259 siyasi \u00e7evr\u0259l\u0259rind\u0259 d\u0259 So\u00e7i g\u00f6r\u00fc\u015f\u00fc \u0259traf\u0131nda maraql\u0131 m\u00fczakir\u0259l\u0259r apar\u0131lmaqdad\u0131r. Erm\u0259nistan\u0131n \u201cPast\u201d q\u0259zeti yaz\u0131b ki, noyabr\u0131n 26-da So\u00e7id\u0259 ke\u00e7iril\u0259c\u0259k \u00fc\u00e7t\u0259r\u0259fli \u018fliyev-Putin-Pa\u015finyan g\u00f6r\u00fc\u015f\u00fc \u0259vv\u0259lc\u0259d\u0259n planla\u015fd\u0131r\u0131lmay\u0131b. \u201cSo\u00e7i g\u00f6r\u00fc\u015f\u00fc dekabr\u0131n 15-d\u0259\u00a0 Br\u00fcsseld\u0259 ke\u00e7iril\u0259c\u0259k g\u00f6r\u00fc\u015f\u00fcn \u201dpreambulas\u0131&#8221; kimi spontan \u015f\u0259kild\u0259 g\u00fcnd\u0259liy\u0259 sal\u0131n\u0131b&#8221;, q\u0259zet yaz\u0131r. \u201c\u00dcst\u0259lik, m\u0259lumat var ki, So\u00e7id\u0259 t\u0259r\u0259fl\u0259r s\u0259rh\u0259dl\u0259rini demarkasiya v\u0259 delimitasiyas\u0131 \u00fczr\u0259 m\u00fcvafiq komissiyan\u0131n yarad\u0131lmas\u0131 il\u0259 ba\u011fl\u0131 ilkin raz\u0131l\u0131\u011fa g\u0259l\u0259c\u0259kl\u0259r. Yeri g\u0259lmi\u015fk\u0259n, sonuncu m\u0259tbuat konfrans\u0131nda bunu faktiki olaraq Pa\u015finyan da t\u0259sdiql\u0259yib. \u0130mzalanacaq potensial s\u0259n\u0259d Erm\u0259nistan v\u0259 Az\u0259rbaycan\u0131n s\u0259rh\u0259dl\u0259rin m\u00fc\u0259yy\u0259n edilm\u0259si il\u0259 m\u0259\u015f\u011ful olan komissiyan\u0131n yarad\u0131lmas\u0131 haqda olacaq. Nikol Pa\u015finyan art\u0131q komissiya \u00fczvl\u0259rinin ilkin siyah\u0131s\u0131n\u0131 haz\u0131rlay\u0131b v\u0259 dekabr\u0131n 15-d\u0259k adlar r\u0259sm\u0259n a\u00e7\u0131qlanacaq. Bununla bel\u0259, ekspertl\u0259rin fikrinc\u0259, Br\u00fcsseld\u0259ki g\u00f6r\u00fc\u015f \u0259sas\u0259n \u201dprotokol&#8221; olacaq, \u00e7\u00fcnki \u0259sas m\u0259s\u0259l\u0259l\u0259r So\u00e7id\u0259 h\u0259ll edil\u0259c\u0259k&#8221; &#8211; erm\u0259ni n\u0259\u015fri bel\u0259 yaz\u0131r.<\/p>\n<p>Bel\u0259likl\u0259, Erm\u0259nistan aqoniya v\u0259ziyy\u0259tind\u0259dir. Burada h\u0259m Rusiyan\u0131 m\u0259\u011flubiyy\u0259t\u0259 g\u00f6r\u0259 s\u00f6y\u00fcrl\u0259r, h\u0259m d\u0259 dar ayaqda nicat\u0131 Rusiyadan g\u00f6zl\u0259yirl\u0259r. Eyni zamanda \u201cSoros u\u015faqlar\u0131\u201dn\u0131n bir aya\u011f\u0131 Avropadad\u0131r. Ancaq bu davran\u0131\u015f Az\u0259rbaycan\u0131n \u00f6z h\u0259d\u0259fl\u0259rin\u0259 daha tez \u00e7atmas\u0131na da k\u00f6m\u0259k ed\u0259 bil\u0259r, biz tezlikl\u0259 La\u00e7\u0131n, Xocal\u0131, Xank\u0259ndind\u0259 olmaq, La\u00e7\u0131n d\u0259hlizin\u0259 n\u0259zar\u0259ti \u0259limiz\u0259 almaq, Z\u0259ng\u0259zur d\u0259hlizind\u0259n ke\u00e7m\u0259k ist\u0259yirik&#8230; Bu h\u0259d\u0259fl\u0259r bizim \u00fc\u00e7\u00fcn olmazsa, olmaz&#8221;d\u0131r&#8230; \u018fks halda, s\u00f6z\u00fc ordumuz dey\u0259c\u0259k!<\/p>\n","protected":false},"excerpt":{"rendered":"<p>Ekspert: \u201cSo\u00e7i g\u00f6r\u00fc\u015f\u00fcnd\u0259n n\u0259tic\u0259nin hasil olmas\u0131 Rusiyan\u0131n davran\u0131\u015flar\u0131ndan as\u0131l\u0131d\u0131r\u201d 2021-ci ilin yanvar ay\u0131n\u0131n 11-d\u0259n sonra Az\u0259rbaycan Prezidenti \u0130lham \u018fliyev, Rusiya d\u00f6vl\u0259t ba\u015f\u00e7\u0131s\u0131 Vladmir Putinin vasit\u0259\u00e7iliyi il\u0259 Erm\u0259nistan\u0131n ba\u015f naziri Nikol Pa\u015finyanla bu g\u00fcn ikinci d\u0259f\u0259 bir araya g\u0259l\u0259c\u0259k. Bu faktd\u0131r ki, 11 yanvar g\u00f6r\u00fc\u015f\u00fcnd\u0259n ke\u00e7\u0259n 10 ay m\u00fcdd\u0259td\u0259 Erm\u0259nistan \u00fcz\u0259rin\u0259 g\u00f6t\u00fcrd\u00fcy\u00fc \u00f6hd\u0259likl\u0259ri yerin\u0259 yetirm\u0259kd\u0259n yay\u0131n\u0131b, \u00fcst\u0259lik, tez-tez, x\u00fcsusil\u0259 s\u0259rh\u0259dd\u0259 t\u0259xribatlar ara verm\u0259yib, t\u0259r\u0259fl\u0259r yenid\u0259n h\u0259tta a\u011f\u0131r silahlardan istifad\u0259 edibl\u0259r. Onu da xat\u0131rladaq ki, h\u0259l\u0259 2020-ci ilin 10 noyabr \u00fc\u00e7t\u0259r\u0259fli raz\u0131la\u015fmas\u0131ndan sonra Qaraba\u011fda s\u00fclhm\u0259raml\u0131lar\u0131n m\u0259suliyy\u0259t zonas\u0131nda m\u0259skunla\u015fd\u0131qlar\u0131 b\u00f6lg\u0259d\u0259 d\u0259 t\u0259xribatlar davam&hellip;<\/p>\n","protected":false},"author":2,"featured_media":408656,"comment_status":"closed","ping_status":"closed","sticky":false,"template":"","format":"standard","meta":{"om_disable_all_campaigns":false,"_monsterinsights_skip_tracking":false,"_monsterinsights_sitenote_active":false,"_monsterinsights_sitenote_note":"","_monsterinsights_sitenote_category":0},"categories":[4],"tags":[],"aioseo_notices":[],"gutentor_comment":0,"rttpg_featured_image_url":{"full":["https:\/\/arantv.az\/wp-content\/uploads\/2021\/11\/6a32fda8099b76d12d4874317a03defa.jpg",450,300,false],"landscape":["https:\/\/arantv.az\/wp-content\/uploads\/2021\/11\/6a32fda8099b76d12d4874317a03defa.jpg",450,300,false],"portraits":["https:\/\/arantv.az\/wp-content\/uploads\/2021\/11\/6a32fda8099b76d12d4874317a03defa.jpg",450,300,false],"thumbnail":["https:\/\/arantv.az\/wp-content\/uploads\/2021\/11\/6a32fda8099b76d12d4874317a03defa-450x280.jpg",450,280,true],"medium":["https:\/\/arantv.az\/wp-content\/uploads\/2021\/11\/6a32fda8099b76d12d4874317a03defa.jpg",450,300,false],"large":["https:\/\/arantv.az\/wp-content\/uploads\/2021\/11\/6a32fda8099b76d12d4874317a03defa.jpg",450,300,false],"1536x1536":["https:\/\/arantv.az\/wp-content\/uploads\/2021\/11\/6a32fda8099b76d12d4874317a03defa.jpg",450,300,false],"2048x2048":["https:\/\/arantv.az\/wp-content\/uploads\/2021\/11\/6a32fda8099b76d12d4874317a03defa.jpg",450,300,false],"post-thumbnail":["https:\/\/arantv.az\/wp-content\/uploads\/2021\/11\/6a32fda8099b76d12d4874317a03defa-240x172.jpg",240,172,true],"advps-thumb-one":["https:\/\/arantv.az\/wp-content\/uploads\/2021\/11\/6a32fda8099b76d12d4874317a03defa.jpg",450,300,false]},"rttpg_author":{"display_name":"V\u00fcsal Rafiqo\u011flu","author_link":"https:\/\/arantv.az\/?author=2"},"rttpg_comment":0,"rttpg_category":"<a href=\"https:\/\/arantv.az\/?cat=4\" rel=\"category\">Siyas\u0259t<\/a>","rttpg_excerpt":"Ekspert: \u201cSo\u00e7i g\u00f6r\u00fc\u015f\u00fcnd\u0259n n\u0259tic\u0259nin hasil olmas\u0131 Rusiyan\u0131n davran\u0131\u015flar\u0131ndan as\u0131l\u0131d\u0131r\u201d 2021-ci ilin yanvar ay\u0131n\u0131n 11-d\u0259n sonra Az\u0259rbaycan Prezidenti \u0130lham \u018fliyev, Rusiya d\u00f6vl\u0259t ba\u015f\u00e7\u0131s\u0131 Vladmir Putinin vasit\u0259\u00e7iliyi il\u0259 Erm\u0259nistan\u0131n ba\u015f naziri Nikol Pa\u015finyanla bu g\u00fcn ikinci d\u0259f\u0259 bir araya g\u0259l\u0259c\u0259k. Bu faktd\u0131r ki, 11 yanvar g\u00f6r\u00fc\u015f\u00fcnd\u0259n ke\u00e7\u0259n 10 ay m\u00fcdd\u0259td\u0259 Erm\u0259nistan \u00fcz\u0259rin\u0259 g\u00f6t\u00fcrd\u00fcy\u00fc \u00f6hd\u0259likl\u0259ri yerin\u0259 yetirm\u0259kd\u0259n yay\u0131n\u0131b,&hellip;","_links":{"self":[{"href":"https:\/\/arantv.az\/index.php?rest_route=\/wp\/v2\/posts\/408655"}],"collection":[{"href":"https:\/\/arantv.az\/index.php?rest_route=\/wp\/v2\/posts"}],"about":[{"href":"https:\/\/arantv.az\/index.php?rest_route=\/wp\/v2\/types\/post"}],"author":[{"embeddable":true,"href":"https:\/\/arantv.az\/index.php?rest_route=\/wp\/v2\/users\/2"}],"replies":[{"embeddable":true,"href":"https:\/\/arantv.az\/index.php?rest_route=%2Fwp%2Fv2%2Fcomments&post=408655"}],"version-history":[{"count":0,"href":"https:\/\/arantv.az\/index.php?rest_route=\/wp\/v2\/posts\/408655\/revisions"}],"wp:featuredmedia":[{"embeddable":true,"href":"https:\/\/arantv.az\/index.php?rest_route=\/wp\/v2\/media\/408656"}],"wp:attachment":[{"href":"https:\/\/arantv.az\/index.php?rest_route=%2Fwp%2Fv2%2Fmedia&parent=408655"}],"wp:term":[{"taxonomy":"category","embeddable":true,"href":"https:\/\/arantv.az\/index.php?rest_route=%2Fwp%2Fv2%2Fcategories&post=408655"},{"taxonomy":"post_tag","embeddable":true,"href":"https:\/\/arantv.az\/index.php?rest_route=%2Fwp%2Fv2%2Ftags&post=408655"}],"curies":[{"name":"wp","href":"https:\/\/api.w.org\/{rel}","templated":true}]}}