{"id":408667,"date":"2021-11-26T09:48:16","date_gmt":"2021-11-26T06:48:16","guid":{"rendered":"http:\/\/arantv.az\/?p=408667"},"modified":"2021-11-26T09:48:16","modified_gmt":"2021-11-26T06:48:16","slug":"s%c9%99yyad-%c9%99lizad%c9%99nin-oglu-atamin-dostlari-etibarsiz-cixdi","status":"publish","type":"post","link":"https:\/\/arantv.az\/?p=408667","title":{"rendered":"S\u0259yyad \u018flizad\u0259nin o\u011flu: \u201cAtam\u0131n dostlar\u0131 etibars\u0131z \u00e7\u0131xd\u0131\u201d"},"content":{"rendered":"<p>\u201cV\u0259ziyy\u0259timiz yax\u015f\u0131d\u0131r, amma m\u0259n\u0259vi olaraq biz\u0259 atas\u0131z \u00e7ox \u00e7\u0259tin olacaq\u201d.<\/p>\n<p>Bunu\u00a0Qaynarinfo-ya a\u00e7\u0131qlamas\u0131nda m\u0259rhum s\u0259n\u0259tkar S\u0259yyad \u018flizad\u0259nin o\u011flu Atab\u0259y \u018flizad\u0259 atas\u0131 haqq\u0131nda dan\u0131\u015fark\u0259n deyib. S\u0259n\u0259t\u00e7inin o\u011flu atas\u0131n\u0131n b\u0259zi dostlar\u0131ndan gileyl\u0259nib:<\/p>\n<p>\u201cAtam 2016-ci ild\u0259 \u00fcr\u0259yind\u0259n \u0259m\u0259liyyat olundu. X\u0259st\u0259xanadan \u00e7\u0131xandan sonra televiziya verili\u015fl\u0259rinin birin\u0259 verdiyi m\u00fcsahib\u0259sind\u0259 dostlar\u0131 il\u0259 ba\u011fl\u0131 sullar\u0131 cavabland\u0131rark\u0259n\u00a0demi\u015fdi:<\/p>\n<p>\u201cBeynimd\u0259 bir beyt yaran\u0131b, bu, sonda \u015feir olacaq&#8230;<br \/>\n\u00dcr\u0259kl\u0259ri da\u015f, d\u0259mir dostlar\u0131m,<br \/>\n\u018fz\u0259ld\u0259n saxtaym\u0131\u015fs\u0131n\u0131z, saxta dostlar\u0131m&#8230;<br \/>\n\u0130nsan m\u00fc\u0259yy\u0259n \u00e7\u0259tinliy\u0259 d\u00fc\u015f\u0259nd\u0259 \u00e7ox \u015feyl\u0259r \u00fcz\u0259 \u00e7\u0131x\u0131r, kimin kim oldu\u011fun daha yax\u015f\u0131 bilirs\u0259n\u201d.<\/p>\n<p>Do\u011frudan da atam d\u00fcz deyirdi, bu \u00e7\u0131x\u0131\u015f\u0131 g\u00f6rd\u00fcm v\u0259 onun profilind\u0259 payla\u015fd\u0131m. Atam\u0131n dostlar\u0131n\u0131n b\u0259zil\u0259ri etibars\u0131z \u00e7\u0131xd\u0131. Atam h\u0259yatda yoxdur, he\u00e7 n\u0259yi g\u00f6rm\u00fcr, h\u0259r \u015fey onlar\u0131n vicdanlar\u0131na qal\u0131b. \u018fsas odur ki, atam\u0131n \u0259n yax\u0131n dostlar\u0131 var, g\u0259lib-gedirl\u0259r\u201d.<\/p>\n<p>Qeyd ed\u0259k ki, m\u00fc\u011f\u0259nni S\u0259yyad \u018flizad\u0259 sentyabr\u0131n 13-d\u0259\u00a0 COVID-19 x\u0259st\u0259liyi il\u0259 \u0259laq\u0259dar Z\u0131\u011fda yerl\u0259\u015f\u0259n modul tipli x\u0259st\u0259xanaya yerl\u0259\u015fdirilib. Sentyabr\u0131n 17-d\u0259 s\u0259n\u0259t\u00e7i\u00a0M\u0259rk\u0259zi G\u00f6mr\u00fck Hospital\u0131na k\u00f6\u00e7\u00fcr\u00fcl\u00fcb. H\u0259kiml\u0259rin s\u0259yin\u0259 baxmayaraq, S\u0259yyad \u018flizad\u0259 sentyabr\u0131n 30-da 63 ya\u015f\u0131nda v\u0259fat edib.<\/p>\n","protected":false},"excerpt":{"rendered":"<p>\u201cV\u0259ziyy\u0259timiz yax\u015f\u0131d\u0131r, amma m\u0259n\u0259vi olaraq biz\u0259 atas\u0131z \u00e7ox \u00e7\u0259tin olacaq\u201d. Bunu\u00a0Qaynarinfo-ya a\u00e7\u0131qlamas\u0131nda m\u0259rhum s\u0259n\u0259tkar S\u0259yyad \u018flizad\u0259nin o\u011flu Atab\u0259y \u018flizad\u0259 atas\u0131 haqq\u0131nda dan\u0131\u015fark\u0259n deyib. S\u0259n\u0259t\u00e7inin o\u011flu atas\u0131n\u0131n b\u0259zi dostlar\u0131ndan gileyl\u0259nib: \u201cAtam 2016-ci ild\u0259 \u00fcr\u0259yind\u0259n \u0259m\u0259liyyat olundu. X\u0259st\u0259xanadan \u00e7\u0131xandan sonra televiziya verili\u015fl\u0259rinin birin\u0259 verdiyi m\u00fcsahib\u0259sind\u0259 dostlar\u0131 il\u0259 ba\u011fl\u0131 sullar\u0131 cavabland\u0131rark\u0259n\u00a0demi\u015fdi: \u201cBeynimd\u0259 bir beyt yaran\u0131b, bu, sonda \u015feir olacaq&#8230; \u00dcr\u0259kl\u0259ri da\u015f, d\u0259mir dostlar\u0131m, \u018fz\u0259ld\u0259n saxtaym\u0131\u015fs\u0131n\u0131z, saxta dostlar\u0131m&#8230; \u0130nsan m\u00fc\u0259yy\u0259n \u00e7\u0259tinliy\u0259 d\u00fc\u015f\u0259nd\u0259 \u00e7ox \u015feyl\u0259r \u00fcz\u0259 \u00e7\u0131x\u0131r, kimin kim oldu\u011fun daha yax\u015f\u0131 bilirs\u0259n\u201d. Do\u011frudan da atam d\u00fcz deyirdi, bu \u00e7\u0131x\u0131\u015f\u0131 g\u00f6rd\u00fcm v\u0259 onun profilind\u0259 payla\u015fd\u0131m.&hellip;<\/p>\n","protected":false},"author":2,"featured_media":408668,"comment_status":"closed","ping_status":"closed","sticky":false,"template":"","format":"standard","meta":{"om_disable_all_campaigns":false,"_monsterinsights_skip_tracking":false,"_monsterinsights_sitenote_active":false,"_monsterinsights_sitenote_note":"","_monsterinsights_sitenote_category":0},"categories":[20],"tags":[],"aioseo_notices":[],"gutentor_comment":0,"rttpg_featured_image_url":{"full":["https:\/\/arantv.az\/wp-content\/uploads\/2021\/11\/FotoJet-2021-11-26T100834.871.jpg",620,413,false],"landscape":["https:\/\/arantv.az\/wp-content\/uploads\/2021\/11\/FotoJet-2021-11-26T100834.871.jpg",620,413,false],"portraits":["https:\/\/arantv.az\/wp-content\/uploads\/2021\/11\/FotoJet-2021-11-26T100834.871.jpg",620,413,false],"thumbnail":["https:\/\/arantv.az\/wp-content\/uploads\/2021\/11\/FotoJet-2021-11-26T100834.871-500x280.jpg",500,280,true],"medium":["https:\/\/arantv.az\/wp-content\/uploads\/2021\/11\/FotoJet-2021-11-26T100834.871-548x365.jpg",548,365,true],"large":["https:\/\/arantv.az\/wp-content\/uploads\/2021\/11\/FotoJet-2021-11-26T100834.871.jpg",620,413,false],"1536x1536":["https:\/\/arantv.az\/wp-content\/uploads\/2021\/11\/FotoJet-2021-11-26T100834.871.jpg",620,413,false],"2048x2048":["https:\/\/arantv.az\/wp-content\/uploads\/2021\/11\/FotoJet-2021-11-26T100834.871.jpg",620,413,false],"post-thumbnail":["https:\/\/arantv.az\/wp-content\/uploads\/2021\/11\/FotoJet-2021-11-26T100834.871-240x172.jpg",240,172,true],"advps-thumb-one":["https:\/\/arantv.az\/wp-content\/uploads\/2021\/11\/FotoJet-2021-11-26T100834.871.jpg",620,413,false]},"rttpg_author":{"display_name":"V\u00fcsal Rafiqo\u011flu","author_link":"https:\/\/arantv.az\/?author=2"},"rttpg_comment":0,"rttpg_category":"<a href=\"https:\/\/arantv.az\/?cat=20\" rel=\"category\">\u015eou biznes<\/a>","rttpg_excerpt":"\u201cV\u0259ziyy\u0259timiz yax\u015f\u0131d\u0131r, amma m\u0259n\u0259vi olaraq biz\u0259 atas\u0131z \u00e7ox \u00e7\u0259tin olacaq\u201d. Bunu\u00a0Qaynarinfo-ya a\u00e7\u0131qlamas\u0131nda m\u0259rhum s\u0259n\u0259tkar S\u0259yyad \u018flizad\u0259nin o\u011flu Atab\u0259y \u018flizad\u0259 atas\u0131 haqq\u0131nda dan\u0131\u015fark\u0259n deyib. S\u0259n\u0259t\u00e7inin o\u011flu atas\u0131n\u0131n b\u0259zi dostlar\u0131ndan gileyl\u0259nib: \u201cAtam 2016-ci ild\u0259 \u00fcr\u0259yind\u0259n \u0259m\u0259liyyat olundu. X\u0259st\u0259xanadan \u00e7\u0131xandan sonra televiziya verili\u015fl\u0259rinin birin\u0259 verdiyi m\u00fcsahib\u0259sind\u0259 dostlar\u0131 il\u0259 ba\u011fl\u0131 sullar\u0131 cavabland\u0131rark\u0259n\u00a0demi\u015fdi: \u201cBeynimd\u0259 bir beyt yaran\u0131b, bu, sonda \u015feir&hellip;","_links":{"self":[{"href":"https:\/\/arantv.az\/index.php?rest_route=\/wp\/v2\/posts\/408667"}],"collection":[{"href":"https:\/\/arantv.az\/index.php?rest_route=\/wp\/v2\/posts"}],"about":[{"href":"https:\/\/arantv.az\/index.php?rest_route=\/wp\/v2\/types\/post"}],"author":[{"embeddable":true,"href":"https:\/\/arantv.az\/index.php?rest_route=\/wp\/v2\/users\/2"}],"replies":[{"embeddable":true,"href":"https:\/\/arantv.az\/index.php?rest_route=%2Fwp%2Fv2%2Fcomments&post=408667"}],"version-history":[{"count":0,"href":"https:\/\/arantv.az\/index.php?rest_route=\/wp\/v2\/posts\/408667\/revisions"}],"wp:featuredmedia":[{"embeddable":true,"href":"https:\/\/arantv.az\/index.php?rest_route=\/wp\/v2\/media\/408668"}],"wp:attachment":[{"href":"https:\/\/arantv.az\/index.php?rest_route=%2Fwp%2Fv2%2Fmedia&parent=408667"}],"wp:term":[{"taxonomy":"category","embeddable":true,"href":"https:\/\/arantv.az\/index.php?rest_route=%2Fwp%2Fv2%2Fcategories&post=408667"},{"taxonomy":"post_tag","embeddable":true,"href":"https:\/\/arantv.az\/index.php?rest_route=%2Fwp%2Fv2%2Ftags&post=408667"}],"curies":[{"name":"wp","href":"https:\/\/api.w.org\/{rel}","templated":true}]}}