{"id":408670,"date":"2021-11-26T09:50:23","date_gmt":"2021-11-26T06:50:23","guid":{"rendered":"http:\/\/arantv.az\/?p=408670"},"modified":"2021-11-26T09:50:23","modified_gmt":"2021-11-26T06:50:23","slug":"daha-43-n%c9%99f%c9%99r-almaniyadan-az%c9%99rbaycana-gond%c9%99rilib-r%c9%99smi","status":"publish","type":"post","link":"https:\/\/arantv.az\/?p=408670","title":{"rendered":"Daha 43 n\u0259f\u0259r Almaniyadan Az\u0259rbaycana g\u00f6nd\u0259rilib &#8211; R\u018fSM\u0130"},"content":{"rendered":"<p>Noyabr\u0131n 25-d\u0259 &#8220;Az\u0259rbaycan Respublikas\u0131 il\u0259 Avropa \u0130ttifaq\u0131 aras\u0131nda icaz\u0259siz ya\u015fayan \u015f\u0259xsl\u0259rin readmissiyas\u0131 haqq\u0131nda Sazi\u015f&#8221; \u00e7\u0259r\u00e7iv\u0259sind\u0259 43 n\u0259f\u0259r Az\u0259rbaycan Respublikas\u0131 v\u0259t\u0259nda\u015f\u0131 Almaniya Federativ Respublikas\u0131ndan \u00f6lk\u0259y\u0259 geri q\u0259bul edilib.<\/p>\n<p>Bunu\u00a0APA-ya a\u00e7\u0131qlamas\u0131nda D\u00f6vl\u0259t Miqrasiya Xidm\u0259tinin \u0130ctimaiyy\u0259tl\u0259 \u0259laq\u0259l\u0259r idar\u0259sinin r\u0259isi Elnur K\u0259l\u0259nt\u0259rov bildirib. O qeyd edib ki, geri q\u0259bul prosesi Nazirl\u0259r Kabineti yan\u0131nda Operativ Q\u0259rargah\u0131n pandemiya il\u0259 \u0259laq\u0259dar m\u00fc\u0259yy\u0259n etdiyi qaydalar \u00e7\u0259r\u00e7iv\u0259sind\u0259 h\u0259yata ke\u00e7irilib.<\/p>\n<p>Qeyd ed\u0259k ki, f\u0259aliyy\u0259ti D\u00f6vl\u0259t Miqrasiya Xidm\u0259ti t\u0259r\u0259find\u0259n \u0259laq\u0259l\u0259ndiril\u0259n Reinteqrasiya \u00fczr\u0259 \u0130\u015f\u00e7i Qrupu readmissiya olunan Az\u0259rbaycan Respublikas\u0131 v\u0259t\u0259nda\u015flar\u0131n\u0131n \u00fczl\u0259\u015fdikl\u0259ri \u00e7\u0259tinlik v\u0259 probleml\u0259rin operativ h\u0259lli, onlar\u0131n c\u0259miyy\u0259t\u0259 s\u0259m\u0259r\u0259li, dayan\u0131ql\u0131 sosial-iqtisadi reinteqrasiyas\u0131 i\u015finin t\u0259\u015fkili istiqam\u0259tind\u0259 m\u00fcvafiq t\u0259dbirl\u0259r h\u0259yata ke\u00e7irir.<\/p>\n","protected":false},"excerpt":{"rendered":"<p>Noyabr\u0131n 25-d\u0259 &#8220;Az\u0259rbaycan Respublikas\u0131 il\u0259 Avropa \u0130ttifaq\u0131 aras\u0131nda icaz\u0259siz ya\u015fayan \u015f\u0259xsl\u0259rin readmissiyas\u0131 haqq\u0131nda Sazi\u015f&#8221; \u00e7\u0259r\u00e7iv\u0259sind\u0259 43 n\u0259f\u0259r Az\u0259rbaycan Respublikas\u0131 v\u0259t\u0259nda\u015f\u0131 Almaniya Federativ Respublikas\u0131ndan \u00f6lk\u0259y\u0259 geri q\u0259bul edilib. Bunu\u00a0APA-ya a\u00e7\u0131qlamas\u0131nda D\u00f6vl\u0259t Miqrasiya Xidm\u0259tinin \u0130ctimaiyy\u0259tl\u0259 \u0259laq\u0259l\u0259r idar\u0259sinin r\u0259isi Elnur K\u0259l\u0259nt\u0259rov bildirib. O qeyd edib ki, geri q\u0259bul prosesi Nazirl\u0259r Kabineti yan\u0131nda Operativ Q\u0259rargah\u0131n pandemiya il\u0259 \u0259laq\u0259dar m\u00fc\u0259yy\u0259n etdiyi qaydalar \u00e7\u0259r\u00e7iv\u0259sind\u0259 h\u0259yata ke\u00e7irilib. Qeyd ed\u0259k ki, f\u0259aliyy\u0259ti D\u00f6vl\u0259t Miqrasiya Xidm\u0259ti t\u0259r\u0259find\u0259n \u0259laq\u0259l\u0259ndiril\u0259n Reinteqrasiya \u00fczr\u0259 \u0130\u015f\u00e7i Qrupu readmissiya olunan Az\u0259rbaycan Respublikas\u0131 v\u0259t\u0259nda\u015flar\u0131n\u0131n \u00fczl\u0259\u015fdikl\u0259ri \u00e7\u0259tinlik v\u0259 probleml\u0259rin operativ h\u0259lli, onlar\u0131n c\u0259miyy\u0259t\u0259 s\u0259m\u0259r\u0259li, dayan\u0131ql\u0131 sosial-iqtisadi reinteqrasiyas\u0131&hellip;<\/p>\n","protected":false},"author":2,"featured_media":408671,"comment_status":"closed","ping_status":"closed","sticky":false,"template":"","format":"standard","meta":{"om_disable_all_campaigns":false,"_monsterinsights_skip_tracking":false,"_monsterinsights_sitenote_active":false,"_monsterinsights_sitenote_note":"","_monsterinsights_sitenote_category":0},"categories":[19],"tags":[],"aioseo_notices":[],"gutentor_comment":0,"rttpg_featured_image_url":{"full":["https:\/\/arantv.az\/wp-content\/uploads\/2021\/11\/aeroport_gozleme_yeri_088.jpg",800,600,false],"landscape":["https:\/\/arantv.az\/wp-content\/uploads\/2021\/11\/aeroport_gozleme_yeri_088.jpg",800,600,false],"portraits":["https:\/\/arantv.az\/wp-content\/uploads\/2021\/11\/aeroport_gozleme_yeri_088.jpg",800,600,false],"thumbnail":["https:\/\/arantv.az\/wp-content\/uploads\/2021\/11\/aeroport_gozleme_yeri_088-500x280.jpg",500,280,true],"medium":["https:\/\/arantv.az\/wp-content\/uploads\/2021\/11\/aeroport_gozleme_yeri_088-487x365.jpg",487,365,true],"large":["https:\/\/arantv.az\/wp-content\/uploads\/2021\/11\/aeroport_gozleme_yeri_088.jpg",640,480,false],"1536x1536":["https:\/\/arantv.az\/wp-content\/uploads\/2021\/11\/aeroport_gozleme_yeri_088.jpg",800,600,false],"2048x2048":["https:\/\/arantv.az\/wp-content\/uploads\/2021\/11\/aeroport_gozleme_yeri_088.jpg",800,600,false],"post-thumbnail":["https:\/\/arantv.az\/wp-content\/uploads\/2021\/11\/aeroport_gozleme_yeri_088-240x172.jpg",240,172,true],"advps-thumb-one":["https:\/\/arantv.az\/wp-content\/uploads\/2021\/11\/aeroport_gozleme_yeri_088.jpg",800,600,false]},"rttpg_author":{"display_name":"V\u00fcsal Rafiqo\u011flu","author_link":"https:\/\/arantv.az\/?author=2"},"rttpg_comment":0,"rttpg_category":"<a href=\"https:\/\/arantv.az\/?cat=19\" rel=\"category\">G\u00fcnd\u0259m<\/a>","rttpg_excerpt":"Noyabr\u0131n 25-d\u0259 &#8220;Az\u0259rbaycan Respublikas\u0131 il\u0259 Avropa \u0130ttifaq\u0131 aras\u0131nda icaz\u0259siz ya\u015fayan \u015f\u0259xsl\u0259rin readmissiyas\u0131 haqq\u0131nda Sazi\u015f&#8221; \u00e7\u0259r\u00e7iv\u0259sind\u0259 43 n\u0259f\u0259r Az\u0259rbaycan Respublikas\u0131 v\u0259t\u0259nda\u015f\u0131 Almaniya Federativ Respublikas\u0131ndan \u00f6lk\u0259y\u0259 geri q\u0259bul edilib. Bunu\u00a0APA-ya a\u00e7\u0131qlamas\u0131nda D\u00f6vl\u0259t Miqrasiya Xidm\u0259tinin \u0130ctimaiyy\u0259tl\u0259 \u0259laq\u0259l\u0259r idar\u0259sinin r\u0259isi Elnur K\u0259l\u0259nt\u0259rov bildirib. O qeyd edib ki, geri q\u0259bul prosesi Nazirl\u0259r Kabineti yan\u0131nda Operativ Q\u0259rargah\u0131n pandemiya il\u0259 \u0259laq\u0259dar m\u00fc\u0259yy\u0259n&hellip;","_links":{"self":[{"href":"https:\/\/arantv.az\/index.php?rest_route=\/wp\/v2\/posts\/408670"}],"collection":[{"href":"https:\/\/arantv.az\/index.php?rest_route=\/wp\/v2\/posts"}],"about":[{"href":"https:\/\/arantv.az\/index.php?rest_route=\/wp\/v2\/types\/post"}],"author":[{"embeddable":true,"href":"https:\/\/arantv.az\/index.php?rest_route=\/wp\/v2\/users\/2"}],"replies":[{"embeddable":true,"href":"https:\/\/arantv.az\/index.php?rest_route=%2Fwp%2Fv2%2Fcomments&post=408670"}],"version-history":[{"count":0,"href":"https:\/\/arantv.az\/index.php?rest_route=\/wp\/v2\/posts\/408670\/revisions"}],"wp:featuredmedia":[{"embeddable":true,"href":"https:\/\/arantv.az\/index.php?rest_route=\/wp\/v2\/media\/408671"}],"wp:attachment":[{"href":"https:\/\/arantv.az\/index.php?rest_route=%2Fwp%2Fv2%2Fmedia&parent=408670"}],"wp:term":[{"taxonomy":"category","embeddable":true,"href":"https:\/\/arantv.az\/index.php?rest_route=%2Fwp%2Fv2%2Fcategories&post=408670"},{"taxonomy":"post_tag","embeddable":true,"href":"https:\/\/arantv.az\/index.php?rest_route=%2Fwp%2Fv2%2Ftags&post=408670"}],"curies":[{"name":"wp","href":"https:\/\/api.w.org\/{rel}","templated":true}]}}