{"id":408676,"date":"2021-11-26T10:16:46","date_gmt":"2021-11-26T07:16:46","guid":{"rendered":"http:\/\/arantv.az\/?p=408676"},"modified":"2021-11-26T10:16:46","modified_gmt":"2021-11-26T07:16:46","slug":"16-noyabr-doyusun%c9%99-gor%c9%99-erm%c9%99nistanda-h%c9%99bsl%c9%99r-basladi","status":"publish","type":"post","link":"https:\/\/arantv.az\/?p=408676","title":{"rendered":"16 Noyabr d\u00f6y\u00fc\u015f\u00fcn\u0259 g\u00f6r\u0259 Erm\u0259nistanda h\u0259bsl\u0259r ba\u015flad\u0131"},"content":{"rendered":"<p>16 Noyabr d\u00f6y\u00fc\u015fl\u0259ri zaman\u0131 s\u0259rh\u0259dd\u0259ki d\u00f6y\u00fc\u015f m\u00f6vqeyini itirdiyin\u0259 g\u00f6r\u0259 Erm\u0259nistanda bir zabit h\u0259bs edilib.<\/p>\n<p><strong>ARANTV.AZ\u00a0<\/strong> \u00a0Axar.az-a istinad\u0259n x\u0259b\u0259r verir ki, bu bar\u0259d\u0259 Erm\u0259nistan Ba\u015f Prokurorlu\u011fu m\u0259lumat yay\u0131b.<\/p>\n<p>M\u0259lumatda bildirilib ki, d\u00f6y\u00fc\u015f ba\u015flayanda h\u0259min m\u00f6vqed\u0259 xidm\u0259t ed\u0259n mayor 7 \u0259sg\u0259rl\u0259 birlikd\u0259 qa\u00e7\u0131b aradan \u00e7\u0131x\u0131b. H\u0259min m\u00f6vqed\u0259 11 \u0259sg\u0259r \u0259sir d\u00fc\u015f\u00fcb, daha iki \u0259sg\u0259rin meyiti is\u0259 17 v\u0259 19 noyabr tarixl\u0259rind\u0259 erm\u0259ni t\u0259r\u0259fin\u0259 t\u0259hvil verilib. D\u00f6y\u00fc\u015f m\u00f6vqeyi is\u0259 Az\u0259rbaycan Ordusunun \u0259lin\u0259 ke\u00e7ib.<\/p>\n<p>M\u0259hk\u0259m\u0259 zabitin h\u0259bsi il\u0259 ba\u011fl\u0131 t\u0259qdimata \u0259sas\u0259n q\u0259rar \u00e7\u0131xar\u0131b v\u0259 o, bu g\u00fcn h\u0259bs edilib.<\/p>\n","protected":false},"excerpt":{"rendered":"<p>16 Noyabr d\u00f6y\u00fc\u015fl\u0259ri zaman\u0131 s\u0259rh\u0259dd\u0259ki d\u00f6y\u00fc\u015f m\u00f6vqeyini itirdiyin\u0259 g\u00f6r\u0259 Erm\u0259nistanda bir zabit h\u0259bs edilib. ARANTV.AZ\u00a0 \u00a0Axar.az-a istinad\u0259n x\u0259b\u0259r verir ki, bu bar\u0259d\u0259 Erm\u0259nistan Ba\u015f Prokurorlu\u011fu m\u0259lumat yay\u0131b. M\u0259lumatda bildirilib ki, d\u00f6y\u00fc\u015f ba\u015flayanda h\u0259min m\u00f6vqed\u0259 xidm\u0259t ed\u0259n mayor 7 \u0259sg\u0259rl\u0259 birlikd\u0259 qa\u00e7\u0131b aradan \u00e7\u0131x\u0131b. H\u0259min m\u00f6vqed\u0259 11 \u0259sg\u0259r \u0259sir d\u00fc\u015f\u00fcb, daha iki \u0259sg\u0259rin meyiti is\u0259 17 v\u0259 19 noyabr tarixl\u0259rind\u0259 erm\u0259ni t\u0259r\u0259fin\u0259 t\u0259hvil verilib. D\u00f6y\u00fc\u015f m\u00f6vqeyi is\u0259 Az\u0259rbaycan Ordusunun \u0259lin\u0259 ke\u00e7ib. M\u0259hk\u0259m\u0259 zabitin h\u0259bsi il\u0259 ba\u011fl\u0131 t\u0259qdimata \u0259sas\u0259n q\u0259rar \u00e7\u0131xar\u0131b v\u0259 o, bu g\u00fcn h\u0259bs edilib.<\/p>\n","protected":false},"author":2,"featured_media":408677,"comment_status":"closed","ping_status":"closed","sticky":false,"template":"","format":"standard","meta":{"om_disable_all_campaigns":false,"_monsterinsights_skip_tracking":false,"_monsterinsights_sitenote_active":false,"_monsterinsights_sitenote_note":"","_monsterinsights_sitenote_category":0},"categories":[7],"tags":[],"aioseo_notices":[],"gutentor_comment":0,"rttpg_featured_image_url":{"full":["https:\/\/arantv.az\/wp-content\/uploads\/2021\/11\/ermeni_esgerler_0256.jpg",800,600,false],"landscape":["https:\/\/arantv.az\/wp-content\/uploads\/2021\/11\/ermeni_esgerler_0256.jpg",800,600,false],"portraits":["https:\/\/arantv.az\/wp-content\/uploads\/2021\/11\/ermeni_esgerler_0256.jpg",800,600,false],"thumbnail":["https:\/\/arantv.az\/wp-content\/uploads\/2021\/11\/ermeni_esgerler_0256-500x280.jpg",500,280,true],"medium":["https:\/\/arantv.az\/wp-content\/uploads\/2021\/11\/ermeni_esgerler_0256-487x365.jpg",487,365,true],"large":["https:\/\/arantv.az\/wp-content\/uploads\/2021\/11\/ermeni_esgerler_0256.jpg",640,480,false],"1536x1536":["https:\/\/arantv.az\/wp-content\/uploads\/2021\/11\/ermeni_esgerler_0256.jpg",800,600,false],"2048x2048":["https:\/\/arantv.az\/wp-content\/uploads\/2021\/11\/ermeni_esgerler_0256.jpg",800,600,false],"post-thumbnail":["https:\/\/arantv.az\/wp-content\/uploads\/2021\/11\/ermeni_esgerler_0256-240x172.jpg",240,172,true],"advps-thumb-one":["https:\/\/arantv.az\/wp-content\/uploads\/2021\/11\/ermeni_esgerler_0256.jpg",800,600,false]},"rttpg_author":{"display_name":"V\u00fcsal Rafiqo\u011flu","author_link":"https:\/\/arantv.az\/?author=2"},"rttpg_comment":0,"rttpg_category":"<a href=\"https:\/\/arantv.az\/?cat=7\" rel=\"category\">D\u00fcnya<\/a>","rttpg_excerpt":"16 Noyabr d\u00f6y\u00fc\u015fl\u0259ri zaman\u0131 s\u0259rh\u0259dd\u0259ki d\u00f6y\u00fc\u015f m\u00f6vqeyini itirdiyin\u0259 g\u00f6r\u0259 Erm\u0259nistanda bir zabit h\u0259bs edilib. ARANTV.AZ\u00a0 \u00a0Axar.az-a istinad\u0259n x\u0259b\u0259r verir ki, bu bar\u0259d\u0259 Erm\u0259nistan Ba\u015f Prokurorlu\u011fu m\u0259lumat yay\u0131b. M\u0259lumatda bildirilib ki, d\u00f6y\u00fc\u015f ba\u015flayanda h\u0259min m\u00f6vqed\u0259 xidm\u0259t ed\u0259n mayor 7 \u0259sg\u0259rl\u0259 birlikd\u0259 qa\u00e7\u0131b aradan \u00e7\u0131x\u0131b. H\u0259min m\u00f6vqed\u0259 11 \u0259sg\u0259r \u0259sir d\u00fc\u015f\u00fcb, daha iki \u0259sg\u0259rin meyiti is\u0259 17&hellip;","_links":{"self":[{"href":"https:\/\/arantv.az\/index.php?rest_route=\/wp\/v2\/posts\/408676"}],"collection":[{"href":"https:\/\/arantv.az\/index.php?rest_route=\/wp\/v2\/posts"}],"about":[{"href":"https:\/\/arantv.az\/index.php?rest_route=\/wp\/v2\/types\/post"}],"author":[{"embeddable":true,"href":"https:\/\/arantv.az\/index.php?rest_route=\/wp\/v2\/users\/2"}],"replies":[{"embeddable":true,"href":"https:\/\/arantv.az\/index.php?rest_route=%2Fwp%2Fv2%2Fcomments&post=408676"}],"version-history":[{"count":0,"href":"https:\/\/arantv.az\/index.php?rest_route=\/wp\/v2\/posts\/408676\/revisions"}],"wp:featuredmedia":[{"embeddable":true,"href":"https:\/\/arantv.az\/index.php?rest_route=\/wp\/v2\/media\/408677"}],"wp:attachment":[{"href":"https:\/\/arantv.az\/index.php?rest_route=%2Fwp%2Fv2%2Fmedia&parent=408676"}],"wp:term":[{"taxonomy":"category","embeddable":true,"href":"https:\/\/arantv.az\/index.php?rest_route=%2Fwp%2Fv2%2Fcategories&post=408676"},{"taxonomy":"post_tag","embeddable":true,"href":"https:\/\/arantv.az\/index.php?rest_route=%2Fwp%2Fv2%2Ftags&post=408676"}],"curies":[{"name":"wp","href":"https:\/\/api.w.org\/{rel}","templated":true}]}}