{"id":408679,"date":"2021-11-26T10:17:47","date_gmt":"2021-11-26T07:17:47","guid":{"rendered":"http:\/\/arantv.az\/?p=408679"},"modified":"2021-11-26T10:17:47","modified_gmt":"2021-11-26T07:17:47","slug":"bu-gun-socid%c9%99-az%c9%99rbaycan-rusiya-v%c9%99-erm%c9%99nistan-dovl%c9%99t-r%c9%99hb%c9%99rl%c9%99rinin-gorusu-olacaq","status":"publish","type":"post","link":"https:\/\/arantv.az\/?p=408679","title":{"rendered":"Bu g\u00fcn So\u00e7id\u0259 Az\u0259rbaycan, Rusiya v\u0259 Erm\u0259nistan d\u00f6vl\u0259t r\u0259hb\u0259rl\u0259rinin g\u00f6r\u00fc\u015f\u00fc olacaq"},"content":{"rendered":"<p>Bu g\u00fcn Rusiya Prezidenti Vladimir Putinin t\u0259\u015f\u0259bb\u00fcs\u00fc il\u0259 Az\u0259rbaycan Prezidenti \u0130lham \u018fliyev, Rusiya Prezidenti Vladimir Putin v\u0259 Erm\u0259nistan\u0131n ba\u015f naziri Nikol Pa\u015finyan aras\u0131nda 10 noyabr 2020-ci il tarixli m\u00fcnaqi\u015f\u0259 zonas\u0131nda at\u0259\u015fk\u0259s v\u0259 b\u00fct\u00fcn h\u0259rbi \u0259m\u0259liyyatlar\u0131n dayand\u0131r\u0131lmas\u0131 bar\u0259d\u0259 \u00fc\u00e7t\u0259r\u0259fli b\u0259yanat\u0131n imzalanmas\u0131n\u0131n ild\u00f6n\u00fcm\u00fc il\u0259 \u0259laq\u0259dar So\u00e7id\u0259 g\u00f6r\u00fc\u015f ke\u00e7iril\u0259c\u0259k.<\/p>\n<p><strong>ARANTV.AZ<\/strong> <a href=\"https:\/\/az.trend.az\/\" target=\"_blank\" rel=\"noopener\">Trend<\/a>-\u0259 istinad\u0259n bildirir ki, g\u00f6r\u00fc\u015f zaman\u0131 10 noyabr 2020-ci il v\u0259 11 yanvar 2021-ci il tarixli raz\u0131la\u015fmalar\u0131n icras\u0131n\u0131n gedi\u015fat\u0131n\u0131 n\u0259z\u0259rd\u0259n ke\u00e7irm\u0259k, el\u0259c\u0259 d\u0259 regionda sabitliyin g\u00fccl\u0259ndirilm\u0259si v\u0259 dinc h\u0259yat\u0131n qurulmas\u0131 \u00fczr\u0259 g\u0259l\u0259c\u0259k add\u0131mlar m\u00fc\u0259yy\u0259nl\u0259\u015fdiril\u0259c\u0259k.<\/p>\n<p>Qeyd olunub ki, g\u00f6r\u00fc\u015fd\u0259 ticari-iqtisadi v\u0259 n\u0259qliyyat \u0259laq\u0259l\u0259rinin b\u0259rpas\u0131 v\u0259 inki\u015faf\u0131 m\u0259s\u0259l\u0259l\u0259rin\u0259 x\u00fcsusi diqq\u0259t ayr\u0131lacaq.<\/p>\n<p>Kremld\u0259n bildiribl\u0259r ki, V.Putinin Az\u0259rbaycan Prezidenti \u0130lham \u018fliyev v\u0259 Erm\u0259nistan\u0131n ba\u015f naziri Nikol Pa\u015finyanla ayr\u0131-ayr\u0131l\u0131qda g\u00f6r\u00fc\u015fl\u0259ri n\u0259z\u0259rd\u0259 tutulub.<\/p>\n","protected":false},"excerpt":{"rendered":"<p>Bu g\u00fcn Rusiya Prezidenti Vladimir Putinin t\u0259\u015f\u0259bb\u00fcs\u00fc il\u0259 Az\u0259rbaycan Prezidenti \u0130lham \u018fliyev, Rusiya Prezidenti Vladimir Putin v\u0259 Erm\u0259nistan\u0131n ba\u015f naziri Nikol Pa\u015finyan aras\u0131nda 10 noyabr 2020-ci il tarixli m\u00fcnaqi\u015f\u0259 zonas\u0131nda at\u0259\u015fk\u0259s v\u0259 b\u00fct\u00fcn h\u0259rbi \u0259m\u0259liyyatlar\u0131n dayand\u0131r\u0131lmas\u0131 bar\u0259d\u0259 \u00fc\u00e7t\u0259r\u0259fli b\u0259yanat\u0131n imzalanmas\u0131n\u0131n ild\u00f6n\u00fcm\u00fc il\u0259 \u0259laq\u0259dar So\u00e7id\u0259 g\u00f6r\u00fc\u015f ke\u00e7iril\u0259c\u0259k. ARANTV.AZ Trend-\u0259 istinad\u0259n bildirir ki, g\u00f6r\u00fc\u015f zaman\u0131 10 noyabr 2020-ci il v\u0259 11 yanvar 2021-ci il tarixli raz\u0131la\u015fmalar\u0131n icras\u0131n\u0131n gedi\u015fat\u0131n\u0131 n\u0259z\u0259rd\u0259n ke\u00e7irm\u0259k, el\u0259c\u0259 d\u0259 regionda sabitliyin g\u00fccl\u0259ndirilm\u0259si v\u0259 dinc h\u0259yat\u0131n qurulmas\u0131 \u00fczr\u0259 g\u0259l\u0259c\u0259k add\u0131mlar m\u00fc\u0259yy\u0259nl\u0259\u015fdiril\u0259c\u0259k. Qeyd olunub ki, g\u00f6r\u00fc\u015fd\u0259 ticari-iqtisadi v\u0259 n\u0259qliyyat \u0259laq\u0259l\u0259rinin b\u0259rpas\u0131&hellip;<\/p>\n","protected":false},"author":2,"featured_media":408680,"comment_status":"closed","ping_status":"closed","sticky":false,"template":"","format":"standard","meta":{"om_disable_all_campaigns":false,"_monsterinsights_skip_tracking":false,"_monsterinsights_sitenote_active":false,"_monsterinsights_sitenote_note":"","_monsterinsights_sitenote_category":0},"categories":[4],"tags":[],"aioseo_notices":[],"gutentor_comment":0,"rttpg_featured_image_url":{"full":["https:\/\/arantv.az\/wp-content\/uploads\/2021\/11\/998933.jpg",800,600,false],"landscape":["https:\/\/arantv.az\/wp-content\/uploads\/2021\/11\/998933.jpg",800,600,false],"portraits":["https:\/\/arantv.az\/wp-content\/uploads\/2021\/11\/998933.jpg",800,600,false],"thumbnail":["https:\/\/arantv.az\/wp-content\/uploads\/2021\/11\/998933-500x280.jpg",500,280,true],"medium":["https:\/\/arantv.az\/wp-content\/uploads\/2021\/11\/998933-487x365.jpg",487,365,true],"large":["https:\/\/arantv.az\/wp-content\/uploads\/2021\/11\/998933.jpg",640,480,false],"1536x1536":["https:\/\/arantv.az\/wp-content\/uploads\/2021\/11\/998933.jpg",800,600,false],"2048x2048":["https:\/\/arantv.az\/wp-content\/uploads\/2021\/11\/998933.jpg",800,600,false],"post-thumbnail":["https:\/\/arantv.az\/wp-content\/uploads\/2021\/11\/998933-240x172.jpg",240,172,true],"advps-thumb-one":["https:\/\/arantv.az\/wp-content\/uploads\/2021\/11\/998933.jpg",800,600,false]},"rttpg_author":{"display_name":"V\u00fcsal Rafiqo\u011flu","author_link":"https:\/\/arantv.az\/?author=2"},"rttpg_comment":0,"rttpg_category":"<a href=\"https:\/\/arantv.az\/?cat=4\" rel=\"category\">Siyas\u0259t<\/a>","rttpg_excerpt":"Bu g\u00fcn Rusiya Prezidenti Vladimir Putinin t\u0259\u015f\u0259bb\u00fcs\u00fc il\u0259 Az\u0259rbaycan Prezidenti \u0130lham \u018fliyev, Rusiya Prezidenti Vladimir Putin v\u0259 Erm\u0259nistan\u0131n ba\u015f naziri Nikol Pa\u015finyan aras\u0131nda 10 noyabr 2020-ci il tarixli m\u00fcnaqi\u015f\u0259 zonas\u0131nda at\u0259\u015fk\u0259s v\u0259 b\u00fct\u00fcn h\u0259rbi \u0259m\u0259liyyatlar\u0131n dayand\u0131r\u0131lmas\u0131 bar\u0259d\u0259 \u00fc\u00e7t\u0259r\u0259fli b\u0259yanat\u0131n imzalanmas\u0131n\u0131n ild\u00f6n\u00fcm\u00fc il\u0259 \u0259laq\u0259dar So\u00e7id\u0259 g\u00f6r\u00fc\u015f ke\u00e7iril\u0259c\u0259k. ARANTV.AZ Trend-\u0259 istinad\u0259n bildirir ki, g\u00f6r\u00fc\u015f zaman\u0131 10 noyabr&hellip;","_links":{"self":[{"href":"https:\/\/arantv.az\/index.php?rest_route=\/wp\/v2\/posts\/408679"}],"collection":[{"href":"https:\/\/arantv.az\/index.php?rest_route=\/wp\/v2\/posts"}],"about":[{"href":"https:\/\/arantv.az\/index.php?rest_route=\/wp\/v2\/types\/post"}],"author":[{"embeddable":true,"href":"https:\/\/arantv.az\/index.php?rest_route=\/wp\/v2\/users\/2"}],"replies":[{"embeddable":true,"href":"https:\/\/arantv.az\/index.php?rest_route=%2Fwp%2Fv2%2Fcomments&post=408679"}],"version-history":[{"count":0,"href":"https:\/\/arantv.az\/index.php?rest_route=\/wp\/v2\/posts\/408679\/revisions"}],"wp:featuredmedia":[{"embeddable":true,"href":"https:\/\/arantv.az\/index.php?rest_route=\/wp\/v2\/media\/408680"}],"wp:attachment":[{"href":"https:\/\/arantv.az\/index.php?rest_route=%2Fwp%2Fv2%2Fmedia&parent=408679"}],"wp:term":[{"taxonomy":"category","embeddable":true,"href":"https:\/\/arantv.az\/index.php?rest_route=%2Fwp%2Fv2%2Fcategories&post=408679"},{"taxonomy":"post_tag","embeddable":true,"href":"https:\/\/arantv.az\/index.php?rest_route=%2Fwp%2Fv2%2Ftags&post=408679"}],"curies":[{"name":"wp","href":"https:\/\/api.w.org\/{rel}","templated":true}]}}