{"id":408685,"date":"2021-11-26T10:22:46","date_gmt":"2021-11-26T07:22:46","guid":{"rendered":"http:\/\/arantv.az\/?p=408685"},"modified":"2021-11-26T10:22:46","modified_gmt":"2021-11-26T07:22:46","slug":"erm%c9%99nistan-az%c9%99rbaycanin-%c9%99razi-butovluyunu-taniyib-b%c9%99yanati-yeni-hiyl%c9%99","status":"publish","type":"post","link":"https:\/\/arantv.az\/?p=408685","title":{"rendered":"\u201cErm\u0259nistan Az\u0259rbaycan\u0131n \u0259razi b\u00fct\u00f6vl\u00fcy\u00fcn\u00fc tan\u0131y\u0131b\u201d b\u0259yanat\u0131 &#8211; yeni hiyl\u0259&#8230;"},"content":{"rendered":"<h3><strong>Pa\u015finyan\u0131n yeni hiyl\u0259si n\u0259y\u0259 hesablan\u0131b?<\/strong><\/h3>\n<p><em>Erm\u0259nistan\u0131n ba\u015f naziri Nikol Pa\u015finyan noyabr\u0131n 23-d\u0259 facebook s\u0259hif\u0259sind\u0259 jurnalistl\u0259rin suallar\u0131n\u0131 cavabland\u0131rark\u0259n maraql\u0131 bir b\u0259yanat da s\u0259sl\u0259ndirib. \u018frazi b\u00fct\u00f6vl\u00fcy\u00fc m\u0259s\u0259l\u0259sin\u0259 toxunan Pa\u015finyan qeyd edib ki, 1991-ci ild\u0259 Erm\u0259nistan v\u0259 Az\u0259rbaycan MDB-nin yarad\u0131lmas\u0131 prosesind\u0259 i\u015ftirak edibl\u0259r v\u0259 b\u0259yannam\u0259 v\u0259 d\u00f6vl\u0259tl\u0259raras\u0131 sazi\u015f imzalayaraq \u0259razi b\u00fct\u00f6vl\u00fcy\u00fcn\u00fc qar\u015f\u0131l\u0131ql\u0131 \u015f\u0259kild\u0259 tan\u0131y\u0131blar. \u201cO zaman Qaraba\u011f problemi d\u0259 var idi. Sual olunur: Qaraba\u011f problemi \u0259razi problemidirmi? Bizim anlay\u0131\u015f\u0131m\u0131za g\u00f6r\u0259, bu,\u00a0 huquqi m\u0259s\u0259l\u0259dir\u201d, &#8211; Pa\u015finyan bildirib.<\/em><\/p>\n<p>\u018frazi b\u00f6t\u00fcvl\u00fcy\u00fc il\u0259 ba\u011fl\u0131 Pa\u015finyan\u0131n dedikl\u0259rind\u0259 m\u00fc\u0259yy\u0259n h\u0259qiq\u0259t pay\u0131 ola bil\u0259r, amma bu formal olaraq bel\u0259dir. \u00c7\u00fcnki m\u0259hz 1991-ci ild\u0259n sonra Az\u0259rbaycan\u0131n \u0259razil\u0259ri Erm\u0259nistan t\u0259r\u0259find\u0259n i\u015f\u011fala m\u0259ruz qal\u0131b. \u00dcst\u0259lik, m\u00fcst\u0259qil v\u0259 guya \u0259razi b\u00f6t\u00fcvl\u00fcy\u00fcn\u00fc tan\u0131d\u0131qlar\u0131 \u00f6lk\u0259nin \u0259razisind\u0259 qondarma qurum yarad\u0131l\u0131b v\u0259 ill\u0259rl\u0259 f\u0259aliyy\u0259t g\u00f6st\u0259rib. \u0130ndi Pa\u015finyan bu b\u0259yanat\u0131 o s\u0259b\u0259bd\u0259n yada sal\u0131r ki, guya daha Az\u0259rbaycan\u0131n \u0259razi b\u00fct\u00f6vl\u00fcy\u00fcn\u00fc t\u0259sbit ed\u0259n s\u0259n\u0259d\u0259 qol \u00e7\u0259km\u0259y\u0259 ehtiyac yoxdur. \u00c7\u00fcnki bel\u0259 bir s\u0259n\u0259din imzalanmas\u0131 Erm\u0259nistan\u0131n Qaraba\u011f\u0131n erm\u0259ni k\u00f6\u00e7m\u0259nl\u0259r m\u0259skunla\u015fm\u0131\u015f \u0259razil\u0259rind\u0259 \u201cm\u00fcst\u0259qillik, status\u201d kimi x\u0259yallardan r\u0259sm\u0259n \u00e7\u0259kinm\u0259si dem\u0259k olacaq. O s\u0259b\u0259bd\u0259n Pa\u015finyan d\u00fc\u015f\u00fcn\u00fcr ki, bel\u0259 b\u0259yanat verm\u0259kl\u0259 Erm\u0259nistan\u0131 \u201cQaraba\u011f iddias\u0131ndan vaz ke\u00e7m\u0259kd\u0259n\u201d yay\u0131nd\u0131ra bil\u0259r.<\/p>\n<p><img loading=\"lazy\" src=\"http:\/\/pia.az\/photos\/esasd1.jpg\" alt=\"Oqtay Qas\u0131mov: \u201cAz\u0259rbaycan m\u00fcxalif\u0259ti \u00e7\u00f6r\u0259kl\u0259 imtahana \u00e7\u0259kildi\u201d \u2013 M\u00fcsahib\u0259  (I Hiss\u0259)\" width=\"780\" height=\"439\" \/><\/p>\n<p><strong>Oktay Qas\u0131mov<\/strong><\/p>\n<p><strong>Siyasi \u015f\u0259rh\u00e7i Oktay Qas\u0131mov \u201cYeni M\u00fcsavat\u201da bildirdi ki, MDB-nin Pa\u015finyan\u0131n istinad etdiyi b\u0259yannam\u0259sind\u0259 oraya \u00fczv olan respublikalar\u0131n bir-birinin \u0259razi b\u00fct\u00f6vl\u00fcy\u00fcn\u00fc tan\u0131mas\u0131 bar\u0259d\u0259 b\u0259nd var. Pa\u015finyan\u0131n istinad el\u0259diyi bu fakt formal xarakter da\u015f\u0131y\u0131r:<\/strong>\u00a0\u201cBu g\u00fcn\u0259 q\u0259d\u0259r Erm\u0259nistan Az\u0259rbaycan\u0131n \u0259razi b\u00fct\u00f6vl\u00fcy\u00fcn\u00fc tan\u0131d\u0131\u011f\u0131 bar\u0259d\u0259 n\u0259 yaz\u0131l\u0131, n\u0259 \u015fifahi b\u0259yanat, a\u00e7\u0131qlama, s\u0259n\u0259d yaymay\u0131b. \u0130ndi Pa\u015finyan MDB-nin formal bir s\u0259n\u0259dini ortaya atmaqla birincisi, daxili auditoriya \u00fc\u00e7\u00fcn mesaj verir v\u0259 bununla dem\u0259k ist\u0259yir ki, h\u0259l\u0259 30 il \u00f6nc\u0259 Erm\u0259nistan Az\u0259rbaycan\u0131n \u0259razi b\u00fct\u00f6vl\u00fcy\u00fcn\u00fc tan\u0131y\u0131b, bu add\u0131m\u0131 ilk atan m\u0259n deyil\u0259m. Dig\u0259r t\u0259r\u0259fd\u0259n, bu b\u0259yanat beyn\u0259lxalq ictimaiyy\u0259t\u0259 hesablanm\u0131\u015f fikirdir. Erm\u0259nistana Az\u0259rbaycan\u0131n \u0259razi b\u00fct\u00f6vl\u00fcy\u00fcn\u00fc tan\u0131mas\u0131 \u00fc\u00e7\u00fcn beyn\u0259lxalq t\u0259zyiq olarsa eyni zamanda onlara s\u00f6yl\u0259yir ki, buna art\u0131q g\u0259r\u0259k yoxdur 1991-ci ild\u0259 Erm\u0259nistan MDB-y\u0259 q\u0259bul olunmaqla Az\u0259rbaycan\u0131n \u0259razi b\u00fct\u00f6vl\u00fcy\u00fcn\u00fc tan\u0131y\u0131b. Bir s\u00f6zl\u0259, o b\u0259yanat Pa\u015finyan\u0131n s\u00f6z oyunundan ba\u015fqa bir \u015fey deyil. O, \u00f6z al\u0259mind\u0259 hiyl\u0259g\u0259r gedi\u015f edir\u201d.<\/p>\n<p><strong>Erm\u0259nistan ba\u015f nazirinin Qaraba\u011f m\u0259s\u0259l\u0259sinin \u0259razi yox, h\u00fcquq m\u0259s\u0259l\u0259si oldu\u011funu dem\u0259sin\u0259 g\u0259linc\u0259, O.Qas\u0131mov hesab edir ki, Pa\u015finyan\u0131n niyy\u0259ti \u0259razi m\u0259s\u0259l\u0259si, i\u015f\u011falla ba\u011fl\u0131 Erm\u0259nistana k\u0259nar t\u0259zyiql\u0259ri azaltmaqd\u0131r:<\/strong>\u00a0\u201cBununla bel\u0259, g\u00f6r\u00fcnt\u00fc yaratma\u011fa \u00e7al\u0131\u015f\u0131r ki, guya Erm\u0259nistan Az\u0259rbaycana \u0259razi iddialar\u0131 ir\u0259li s\u00fcrm\u00fcr, amma Qaraba\u011fda ya\u015fayan 25 min erm\u0259niy\u0259 status verilm\u0259si h\u00fcquqi m\u0259s\u0259l\u0259dir v\u0259 Erm\u0259nistan bunda israr edir.<\/p>\n<p>\u018fg\u0259r m\u0259s\u0259l\u0259 h\u00fcquqi m\u0259s\u0259l\u0259dirs\u0259, onda Az\u0259rbaycan da Z\u0259ng\u0259zur, G\u00f6y\u00e7\u0259 mahal\u0131ndan zorla \u00e7\u0131xar\u0131lm\u0131\u015f y\u00fcz minl\u0259rl\u0259 az\u0259rbaycanl\u0131n\u0131n orada h\u00fcquqlar\u0131n\u0131n b\u0259rpas\u0131 m\u0259s\u0259l\u0259sini qald\u0131ra bil\u0259r. 25 min \u0259halinin h\u00fcququ m\u0259s\u0259l\u0259si Pa\u015finyan t\u0259r\u0259find\u0259n o \u015f\u0259kild\u0259 qoyulursa, n\u0259d\u0259n 2 y\u00fcz min az\u0259rbaycanl\u0131 \u0259halinin h\u00fcququ qoyulmas\u0131n?! \u018flb\u0259tt\u0259, Az\u0259rbaycan ist\u0259nil\u0259n an bu m\u0259s\u0259l\u0259ni qoya v\u0259 Erm\u0259nistan qar\u015f\u0131s\u0131nda t\u0259l\u0259b kimi ir\u0259li s\u00fcr\u0259 bil\u0259r&#8221;.<\/p>\n","protected":false},"excerpt":{"rendered":"<p>Pa\u015finyan\u0131n yeni hiyl\u0259si n\u0259y\u0259 hesablan\u0131b? Erm\u0259nistan\u0131n ba\u015f naziri Nikol Pa\u015finyan noyabr\u0131n 23-d\u0259 facebook s\u0259hif\u0259sind\u0259 jurnalistl\u0259rin suallar\u0131n\u0131 cavabland\u0131rark\u0259n maraql\u0131 bir b\u0259yanat da s\u0259sl\u0259ndirib. \u018frazi b\u00fct\u00f6vl\u00fcy\u00fc m\u0259s\u0259l\u0259sin\u0259 toxunan Pa\u015finyan qeyd edib ki, 1991-ci ild\u0259 Erm\u0259nistan v\u0259 Az\u0259rbaycan MDB-nin yarad\u0131lmas\u0131 prosesind\u0259 i\u015ftirak edibl\u0259r v\u0259 b\u0259yannam\u0259 v\u0259 d\u00f6vl\u0259tl\u0259raras\u0131 sazi\u015f imzalayaraq \u0259razi b\u00fct\u00f6vl\u00fcy\u00fcn\u00fc qar\u015f\u0131l\u0131ql\u0131 \u015f\u0259kild\u0259 tan\u0131y\u0131blar. \u201cO zaman Qaraba\u011f problemi d\u0259 var idi. Sual olunur: Qaraba\u011f problemi \u0259razi problemidirmi? Bizim anlay\u0131\u015f\u0131m\u0131za g\u00f6r\u0259, bu,\u00a0 huquqi m\u0259s\u0259l\u0259dir\u201d, &#8211; Pa\u015finyan bildirib. \u018frazi b\u00f6t\u00fcvl\u00fcy\u00fc il\u0259 ba\u011fl\u0131 Pa\u015finyan\u0131n dedikl\u0259rind\u0259 m\u00fc\u0259yy\u0259n h\u0259qiq\u0259t pay\u0131 ola bil\u0259r, amma bu formal olaraq bel\u0259dir. \u00c7\u00fcnki&hellip;<\/p>\n","protected":false},"author":2,"featured_media":408686,"comment_status":"closed","ping_status":"closed","sticky":false,"template":"","format":"standard","meta":{"om_disable_all_campaigns":false,"_monsterinsights_skip_tracking":false,"_monsterinsights_sitenote_active":false,"_monsterinsights_sitenote_note":"","_monsterinsights_sitenote_category":0},"categories":[19],"tags":[],"aioseo_notices":[],"gutentor_comment":0,"rttpg_featured_image_url":{"full":["https:\/\/arantv.az\/wp-content\/uploads\/2021\/11\/7ea7c910f15b129387461484e1c30b65.jpg",450,300,false],"landscape":["https:\/\/arantv.az\/wp-content\/uploads\/2021\/11\/7ea7c910f15b129387461484e1c30b65.jpg",450,300,false],"portraits":["https:\/\/arantv.az\/wp-content\/uploads\/2021\/11\/7ea7c910f15b129387461484e1c30b65.jpg",450,300,false],"thumbnail":["https:\/\/arantv.az\/wp-content\/uploads\/2021\/11\/7ea7c910f15b129387461484e1c30b65-450x280.jpg",450,280,true],"medium":["https:\/\/arantv.az\/wp-content\/uploads\/2021\/11\/7ea7c910f15b129387461484e1c30b65.jpg",450,300,false],"large":["https:\/\/arantv.az\/wp-content\/uploads\/2021\/11\/7ea7c910f15b129387461484e1c30b65.jpg",450,300,false],"1536x1536":["https:\/\/arantv.az\/wp-content\/uploads\/2021\/11\/7ea7c910f15b129387461484e1c30b65.jpg",450,300,false],"2048x2048":["https:\/\/arantv.az\/wp-content\/uploads\/2021\/11\/7ea7c910f15b129387461484e1c30b65.jpg",450,300,false],"post-thumbnail":["https:\/\/arantv.az\/wp-content\/uploads\/2021\/11\/7ea7c910f15b129387461484e1c30b65-240x172.jpg",240,172,true],"advps-thumb-one":["https:\/\/arantv.az\/wp-content\/uploads\/2021\/11\/7ea7c910f15b129387461484e1c30b65.jpg",450,300,false]},"rttpg_author":{"display_name":"V\u00fcsal Rafiqo\u011flu","author_link":"https:\/\/arantv.az\/?author=2"},"rttpg_comment":0,"rttpg_category":"<a href=\"https:\/\/arantv.az\/?cat=19\" rel=\"category\">G\u00fcnd\u0259m<\/a>","rttpg_excerpt":"Pa\u015finyan\u0131n yeni hiyl\u0259si n\u0259y\u0259 hesablan\u0131b? Erm\u0259nistan\u0131n ba\u015f naziri Nikol Pa\u015finyan noyabr\u0131n 23-d\u0259 facebook s\u0259hif\u0259sind\u0259 jurnalistl\u0259rin suallar\u0131n\u0131 cavabland\u0131rark\u0259n maraql\u0131 bir b\u0259yanat da s\u0259sl\u0259ndirib. \u018frazi b\u00fct\u00f6vl\u00fcy\u00fc m\u0259s\u0259l\u0259sin\u0259 toxunan Pa\u015finyan qeyd edib ki, 1991-ci ild\u0259 Erm\u0259nistan v\u0259 Az\u0259rbaycan MDB-nin yarad\u0131lmas\u0131 prosesind\u0259 i\u015ftirak edibl\u0259r v\u0259 b\u0259yannam\u0259 v\u0259 d\u00f6vl\u0259tl\u0259raras\u0131 sazi\u015f imzalayaraq \u0259razi b\u00fct\u00f6vl\u00fcy\u00fcn\u00fc qar\u015f\u0131l\u0131ql\u0131 \u015f\u0259kild\u0259 tan\u0131y\u0131blar. \u201cO zaman Qaraba\u011f problemi&hellip;","_links":{"self":[{"href":"https:\/\/arantv.az\/index.php?rest_route=\/wp\/v2\/posts\/408685"}],"collection":[{"href":"https:\/\/arantv.az\/index.php?rest_route=\/wp\/v2\/posts"}],"about":[{"href":"https:\/\/arantv.az\/index.php?rest_route=\/wp\/v2\/types\/post"}],"author":[{"embeddable":true,"href":"https:\/\/arantv.az\/index.php?rest_route=\/wp\/v2\/users\/2"}],"replies":[{"embeddable":true,"href":"https:\/\/arantv.az\/index.php?rest_route=%2Fwp%2Fv2%2Fcomments&post=408685"}],"version-history":[{"count":0,"href":"https:\/\/arantv.az\/index.php?rest_route=\/wp\/v2\/posts\/408685\/revisions"}],"wp:featuredmedia":[{"embeddable":true,"href":"https:\/\/arantv.az\/index.php?rest_route=\/wp\/v2\/media\/408686"}],"wp:attachment":[{"href":"https:\/\/arantv.az\/index.php?rest_route=%2Fwp%2Fv2%2Fmedia&parent=408685"}],"wp:term":[{"taxonomy":"category","embeddable":true,"href":"https:\/\/arantv.az\/index.php?rest_route=%2Fwp%2Fv2%2Fcategories&post=408685"},{"taxonomy":"post_tag","embeddable":true,"href":"https:\/\/arantv.az\/index.php?rest_route=%2Fwp%2Fv2%2Ftags&post=408685"}],"curies":[{"name":"wp","href":"https:\/\/api.w.org\/{rel}","templated":true}]}}