{"id":408688,"date":"2021-11-26T10:24:17","date_gmt":"2021-11-26T07:24:17","guid":{"rendered":"http:\/\/arantv.az\/?p=408688"},"modified":"2021-11-26T10:24:17","modified_gmt":"2021-11-26T07:24:17","slug":"din-d%c9%99n-hava-il%c9%99-bagli-x%c9%99b%c9%99rdarliq","status":"publish","type":"post","link":"https:\/\/arantv.az\/?p=408688","title":{"rendered":"D\u0130N-d\u0259n hava il\u0259 ba\u011fl\u0131 X\u018fB\u018fRDARLIQ"},"content":{"rendered":"<p>Hava \u015f\u0259raitinin k\u0259skin d\u0259yi\u015fm\u0259si, x\u00fcsus\u0259n d\u0259 s\u0259h\u0259r v\u0259 ax\u015fam saatlar\u0131ndak\u0131 qat\u0131 duman q\u0259zalara s\u0259b\u0259b ola bil\u0259r. Bununla ba\u011fl\u0131 Daxili \u0130\u015fl\u0259r Nazirliyin\u0259 (D\u0130N) sor\u011fu \u00fcnvanlad\u0131q.<\/p>\n<p>D\u0130N-in M\u0259tbuat Xidm\u0259tinin G\u0259nc\u0259 regional qrupunun ba\u015f inspektoru E\u015fqin Qas\u0131movOxu.Az-a a\u00e7\u0131qlamas\u0131nda bildirib ki, G\u0259nc\u0259 \u015f\u0259h\u0259r Ba\u015f Polis \u0130dar\u0259sinin D\u00f6vl\u0259t yol Polisi \u015e\u00f6b\u0259sinin \u0259m\u0259kda\u015flar\u0131 \u015f\u0259h\u0259r \u0259razisind\u0259 t\u0259hl\u00fck\u0259sizliyin t\u0259min edilm\u0259si m\u0259qs\u0259di il\u0259 g\u00fccl\u0259ndilirilmi\u015f rejimd\u0259 xidm\u0259t apar\u0131r:<\/p>\n<div id=\"AdviadNativeVideo0\" class=\"AdviadNativeVideo\"><\/div>\n<p>\u201cS\u00fcr\u00fcc\u00fcl\u0259rd\u0259n xahi\u015f olunur ki, avtomobil \u015finl\u0259rini q\u0131\u015f rejiminin t\u0259l\u0259bl\u0259rin\u0259 uy\u011fun haz\u0131rlas\u0131nlar, dumanl\u0131 havada m\u00fcvafiq i\u015f\u0131qlardan istifad\u0259 ed\u0259r\u0259k \u015f\u0259h\u0259r daxilind\u0259 m\u00fc\u0259yy\u0259n olunmu\u015f h\u0259r\u0259k\u0259t s\u00fcr\u0259tini a\u015fmas\u0131nlar. Piyadalara\u00a0t\u0259hl\u00fck\u0259siz m\u0259nzil ba\u015f\u0131na \u00e7atmaq \u00fc\u00e7\u00fcn yaln\u0131z yolun piyadalar \u00fc\u00e7\u00fcn n\u0259z\u0259rd\u0259 tutulmu\u015f hiss\u0259si il\u0259 h\u0259r\u0259k\u0259t etm\u0259l\u0259ri, qar\u015f\u0131dan-qar\u015f\u0131ya yaln\u0131z piyada ke\u00e7idl\u0259ri ke\u00e7m\u0259l\u0259ri t\u00f6vsiy\u0259 olunur. Da\u011fl\u0131q rayonalara ged\u0259c\u0259k sakinl\u0259r\u0259 is\u0259 qarl\u0131 hava \u015f\u0259raiti il\u0259 ba\u011fl\u0131 maksimum diqq\u0259tli olmalar\u0131 m\u0259sl\u0259h\u0259t olunur\u201d.<\/p>\n<p>&nbsp;<\/p>\n<div class=\"gallery\">\n<div class=\"gallery-i\"><img src=\"https:\/\/cdn.oxu.az\/uploads\/W1siZiIsIjIwMjEvMTEvMjYvMTEvMDEvMDgvYjFlY2ZhNTctMDg1Ni00NDhjLTk1MjgtYTRjODljY2U5MjM4L1doYXRzQXBwIEltYWdlIDIwMjEtMTEtMjYgYXQgMTAuNTguMTcuanBlZyJdLFsicCIsImVuY29kZSIsImpwZyIsIi1xdWFsaXR5IDgwIl0sWyJwIiwidGh1bWIiLCI1OTB4NTkwXHUwMDNlIl1d?sha=fcd61e20b30f6838\" alt=\"\" \/><\/p>\n<div class=\"gallery-i-caption\"><\/div>\n<\/div>\n<\/div>\n<p>&nbsp;<\/p>\n","protected":false},"excerpt":{"rendered":"<p>Hava \u015f\u0259raitinin k\u0259skin d\u0259yi\u015fm\u0259si, x\u00fcsus\u0259n d\u0259 s\u0259h\u0259r v\u0259 ax\u015fam saatlar\u0131ndak\u0131 qat\u0131 duman q\u0259zalara s\u0259b\u0259b ola bil\u0259r. Bununla ba\u011fl\u0131 Daxili \u0130\u015fl\u0259r Nazirliyin\u0259 (D\u0130N) sor\u011fu \u00fcnvanlad\u0131q. D\u0130N-in M\u0259tbuat Xidm\u0259tinin G\u0259nc\u0259 regional qrupunun ba\u015f inspektoru E\u015fqin Qas\u0131movOxu.Az-a a\u00e7\u0131qlamas\u0131nda bildirib ki, G\u0259nc\u0259 \u015f\u0259h\u0259r Ba\u015f Polis \u0130dar\u0259sinin D\u00f6vl\u0259t yol Polisi \u015e\u00f6b\u0259sinin \u0259m\u0259kda\u015flar\u0131 \u015f\u0259h\u0259r \u0259razisind\u0259 t\u0259hl\u00fck\u0259sizliyin t\u0259min edilm\u0259si m\u0259qs\u0259di il\u0259 g\u00fccl\u0259ndilirilmi\u015f rejimd\u0259 xidm\u0259t apar\u0131r: \u201cS\u00fcr\u00fcc\u00fcl\u0259rd\u0259n xahi\u015f olunur ki, avtomobil \u015finl\u0259rini q\u0131\u015f rejiminin t\u0259l\u0259bl\u0259rin\u0259 uy\u011fun haz\u0131rlas\u0131nlar, dumanl\u0131 havada m\u00fcvafiq i\u015f\u0131qlardan istifad\u0259 ed\u0259r\u0259k \u015f\u0259h\u0259r daxilind\u0259 m\u00fc\u0259yy\u0259n olunmu\u015f h\u0259r\u0259k\u0259t s\u00fcr\u0259tini a\u015fmas\u0131nlar. Piyadalara\u00a0t\u0259hl\u00fck\u0259siz m\u0259nzil ba\u015f\u0131na \u00e7atmaq \u00fc\u00e7\u00fcn yaln\u0131z yolun piyadalar&hellip;<\/p>\n","protected":false},"author":2,"featured_media":408689,"comment_status":"closed","ping_status":"closed","sticky":false,"template":"","format":"standard","meta":{"om_disable_all_campaigns":false,"_monsterinsights_skip_tracking":false,"_monsterinsights_sitenote_active":false,"_monsterinsights_sitenote_note":"","_monsterinsights_sitenote_category":0},"categories":[26],"tags":[],"aioseo_notices":[],"gutentor_comment":0,"rttpg_featured_image_url":{"full":["https:\/\/arantv.az\/wp-content\/uploads\/2021\/11\/FotoJet-7-12.jpg",620,416,false],"landscape":["https:\/\/arantv.az\/wp-content\/uploads\/2021\/11\/FotoJet-7-12.jpg",620,416,false],"portraits":["https:\/\/arantv.az\/wp-content\/uploads\/2021\/11\/FotoJet-7-12.jpg",620,416,false],"thumbnail":["https:\/\/arantv.az\/wp-content\/uploads\/2021\/11\/FotoJet-7-12-500x280.jpg",500,280,true],"medium":["https:\/\/arantv.az\/wp-content\/uploads\/2021\/11\/FotoJet-7-12-544x365.jpg",544,365,true],"large":["https:\/\/arantv.az\/wp-content\/uploads\/2021\/11\/FotoJet-7-12.jpg",620,416,false],"1536x1536":["https:\/\/arantv.az\/wp-content\/uploads\/2021\/11\/FotoJet-7-12.jpg",620,416,false],"2048x2048":["https:\/\/arantv.az\/wp-content\/uploads\/2021\/11\/FotoJet-7-12.jpg",620,416,false],"post-thumbnail":["https:\/\/arantv.az\/wp-content\/uploads\/2021\/11\/FotoJet-7-12-240x172.jpg",240,172,true],"advps-thumb-one":["https:\/\/arantv.az\/wp-content\/uploads\/2021\/11\/FotoJet-7-12.jpg",620,416,false]},"rttpg_author":{"display_name":"V\u00fcsal Rafiqo\u011flu","author_link":"https:\/\/arantv.az\/?author=2"},"rttpg_comment":0,"rttpg_category":"<a href=\"https:\/\/arantv.az\/?cat=26\" rel=\"category\">Sosial<\/a>","rttpg_excerpt":"Hava \u015f\u0259raitinin k\u0259skin d\u0259yi\u015fm\u0259si, x\u00fcsus\u0259n d\u0259 s\u0259h\u0259r v\u0259 ax\u015fam saatlar\u0131ndak\u0131 qat\u0131 duman q\u0259zalara s\u0259b\u0259b ola bil\u0259r. Bununla ba\u011fl\u0131 Daxili \u0130\u015fl\u0259r Nazirliyin\u0259 (D\u0130N) sor\u011fu \u00fcnvanlad\u0131q. D\u0130N-in M\u0259tbuat Xidm\u0259tinin G\u0259nc\u0259 regional qrupunun ba\u015f inspektoru E\u015fqin Qas\u0131movOxu.Az-a a\u00e7\u0131qlamas\u0131nda bildirib ki, G\u0259nc\u0259 \u015f\u0259h\u0259r Ba\u015f Polis \u0130dar\u0259sinin D\u00f6vl\u0259t yol Polisi \u015e\u00f6b\u0259sinin \u0259m\u0259kda\u015flar\u0131 \u015f\u0259h\u0259r \u0259razisind\u0259 t\u0259hl\u00fck\u0259sizliyin t\u0259min edilm\u0259si m\u0259qs\u0259di il\u0259 g\u00fccl\u0259ndilirilmi\u015f&hellip;","_links":{"self":[{"href":"https:\/\/arantv.az\/index.php?rest_route=\/wp\/v2\/posts\/408688"}],"collection":[{"href":"https:\/\/arantv.az\/index.php?rest_route=\/wp\/v2\/posts"}],"about":[{"href":"https:\/\/arantv.az\/index.php?rest_route=\/wp\/v2\/types\/post"}],"author":[{"embeddable":true,"href":"https:\/\/arantv.az\/index.php?rest_route=\/wp\/v2\/users\/2"}],"replies":[{"embeddable":true,"href":"https:\/\/arantv.az\/index.php?rest_route=%2Fwp%2Fv2%2Fcomments&post=408688"}],"version-history":[{"count":0,"href":"https:\/\/arantv.az\/index.php?rest_route=\/wp\/v2\/posts\/408688\/revisions"}],"wp:featuredmedia":[{"embeddable":true,"href":"https:\/\/arantv.az\/index.php?rest_route=\/wp\/v2\/media\/408689"}],"wp:attachment":[{"href":"https:\/\/arantv.az\/index.php?rest_route=%2Fwp%2Fv2%2Fmedia&parent=408688"}],"wp:term":[{"taxonomy":"category","embeddable":true,"href":"https:\/\/arantv.az\/index.php?rest_route=%2Fwp%2Fv2%2Fcategories&post=408688"},{"taxonomy":"post_tag","embeddable":true,"href":"https:\/\/arantv.az\/index.php?rest_route=%2Fwp%2Fv2%2Ftags&post=408688"}],"curies":[{"name":"wp","href":"https:\/\/api.w.org\/{rel}","templated":true}]}}