{"id":408691,"date":"2021-11-26T10:26:28","date_gmt":"2021-11-26T07:26:28","guid":{"rendered":"http:\/\/arantv.az\/?p=408691"},"modified":"2021-11-26T10:26:28","modified_gmt":"2021-11-26T07:26:28","slug":"socid%c9%99ki-danisiqlar-az%c9%99rbaycan-n%c9%99-gozl%c9%99m%c9%99lidir-t%c9%99hlil","status":"publish","type":"post","link":"https:\/\/arantv.az\/?p=408691","title":{"rendered":"So\u00e7id\u0259ki dan\u0131\u015f\u0131qlar: Az\u0259rbaycan n\u0259 g\u00f6zl\u0259m\u0259lidir? &#8211; T\u018fHL\u0130L"},"content":{"rendered":"<p>M\u0259lum oldu\u011fu kimi, bu g\u00fcn So\u00e7id\u0259 Az\u0259rbaycan v\u0259 Rusiya prezidentl\u0259ri, Erm\u0259nistan\u0131n ba\u015f naziri aras\u0131nda g\u00f6r\u00fc\u015f ke\u00e7iril\u0259c\u0259k. Bu g\u00f6r\u00fc\u015f zaman\u0131 bir s\u0131ra m\u0259s\u0259l\u0259l\u0259rin, o c\u00fcml\u0259d\u0259n kommunikasiyalar\u0131n a\u00e7\u0131lmas\u0131, s\u0259rh\u0259dl\u0259rin delimitasiyas\u0131 v\u0259 demarkasiyas\u0131 m\u0259s\u0259l\u0259l\u0259rinin m\u00fczakir\u0259si g\u00f6zl\u0259nilir. So\u00e7id\u0259 \u00fc\u00e7t\u0259r\u0259fli g\u00f6r\u00fc\u015f\u00fcn ke\u00e7irilm\u0259si fakt\u0131 onu g\u00f6st\u0259rir ki, Yerevan, n\u0259hay\u0259t yeni reall\u0131qla bar\u0131\u015f\u0131b. Bu bax\u0131mdan, g\u00f6r\u00fc\u015fd\u0259n g\u00f6zl\u0259ntil\u0259r b\u00f6y\u00fckd\u00fcr. So\u00e7i g\u00f6r\u00fc\u015f\u00fc \u00f6t\u0259n il imzalanm\u0131\u015f kapitulyasiya akt\u0131n\u0131n davam\u0131, m\u0259\u011flub Erm\u0259nistan\u0131n qalib Az\u0259rbaycan\u0131n ir\u0259li s\u00fcrd\u00fcy\u00fc \u015f\u0259rtl\u0259r\u0259 uy\u011fun davranma\u011fa m\u0259cbur olmas\u0131, m\u00fcz\u0259ff\u0259r Ordumuzun Z\u0259f\u0259ri n\u0259tic\u0259sind\u0259 yaranm\u0131\u015f reall\u0131qlar\u0131n q\u0259bul edilm\u0259sidir.<\/p>\n<p>M\u0259\u015fhur rusiyal\u0131 politoloq, teleapar\u0131c\u0131 v\u0259 ictimai xadim Maksim \u015eev\u00e7enko hesab edir ki, So\u00e7id\u0259 g\u00f6r\u00fc\u015f konkret n\u0259tic\u0259l\u0259r g\u0259tir\u0259c\u0259k.<\/p>\n<p>&#8220;Hesab edir\u0259m ki, yaln\u0131z So\u00e7i g\u00f6r\u00fc\u015f\u00fc konkret n\u0259tic\u0259l\u0259r ver\u0259 bil\u0259r. Bak\u0131-Yerevan-Moskva \u00fc\u00e7buca\u011f\u0131nda yerl\u0259\u015f\u0259n proses m\u0259n\u0259 \u00e7ox perspektivli g\u00f6r\u00fcn\u00fcr&#8221;, &#8211; dey\u0259 o qeyd edib.<\/p>\n<p>Bu g\u00f6r\u00fc\u015fd\u0259 m\u00fczakir\u0259si g\u00f6zl\u0259nil\u0259n m\u00f6vzulara g\u0259linc\u0259, M.\u015eev\u00e7enko s\u0259rh\u0259dl\u0259rin delimitasiyas\u0131n\u0131n \u0259n vacib m\u00f6vzu oldu\u011funu vur\u011fulay\u0131b:<\/p>\n<p>&#8220;Bir m\u00fcdd\u0259t \u0259vv\u0259l Erm\u0259nistan-Az\u0259rbaycan s\u0259rh\u0259dind\u0259 faci\u0259li hadis\u0259l\u0259r ba\u015f ver\u0259nd\u0259, o zaman insanlar h\u0259lak olanda, &#8220;Telegram&#8221; kanal\u0131mda yazm\u0131\u015fd\u0131m ki, Erm\u0259nistan bu c\u00fcr davranma\u011fa davam ed\u0259rs\u0259, Qaraba\u011f \u00fc\u00e7\u00fcn a\u011flad\u0131\u011f\u0131 kimi Z\u0259ng\u0259zur \u00fc\u00e7\u00fcn d\u0259 a\u011flayacaq. Orada bu, k\u0259skin reaksiya il\u0259 qar\u015f\u0131lan\u0131b. Amma bu do\u011frudur. M\u00fcharib\u0259 erm\u0259nil\u0259r\u0259 yax\u015f\u0131 he\u00e7 n\u0259 g\u0259tirm\u0259y\u0259c\u0259k&#8221; &#8211; M.\u015eev\u00e7enko deyib.<\/p>\n<p>Amerikal\u0131 ekspert Piter Teys qeyd edir ki, Az\u0259rbaycan, Rusiya v\u0259 Erm\u0259nistan liderl\u0259rinin \u00fc\u00e7t\u0259r\u0259fli g\u00f6r\u00fc\u015fd\u0259 i\u015ftirak\u0131 ir\u0259liy\u0259 at\u0131lan n\u0259h\u0259ng add\u0131md\u0131r.<\/p>\n<p>Onun s\u00f6zl\u0259rin\u0259 g\u00f6r\u0259, son onillikd\u0259 Erm\u0259nistan \u00f6lk\u0259nin z\u0259if idar\u0259 olunmas\u0131 n\u00fcmun\u0259sini s\u0259rgil\u0259yib v\u0259 So\u00e7id\u0259 \u00fc\u00e7t\u0259r\u0259fli g\u00f6r\u00fc\u015fd\u0259 i\u015ftirak u\u011fursuz q\u0259rarlar silsil\u0259sini q\u0131rmaq \u00fc\u00e7\u00fcn \u015fansd\u0131r.<\/p>\n<p>&#8220;Erm\u0259nistan beyn\u0259lxalq h\u00fcquqa \u0259m\u0259l etm\u0259lidir. Az\u0259rbaycanla s\u00fclh sazi\u015fi bar\u0259d\u0259 raz\u0131l\u0131\u011fa g\u0259lm\u0259li, ticar\u0259t v\u0259 kommersiya sah\u0259sind\u0259 \u0259m\u0259kda\u015fl\u0131q \u00fc\u00e7\u00fcn imkanlar\u0131 t\u0259dqiq etm\u0259lidir&#8221;, &#8211; dey\u0259 ekspert bildirib.<\/p>\n<p>O qeyd edib ki, g\u0259l\u0259c\u0259k g\u00f6r\u00fc\u015f \u00e7ox vacib siyasi m\u0259qama malikdir, bel\u0259 ki, g\u00f6r\u00fc\u015fd\u0259 10 noyabr 2020-ci il v\u0259 11 yanvar 2021-ci il b\u0259yanatlar\u0131n\u0131n statuslar\u0131n\u0131n m\u00fczakir\u0259si g\u00f6zl\u0259nilir, bu is\u0259 regionun g\u0259l\u0259c\u0259k inki\u015faf\u0131 \u00fc\u00e7\u00fcn x\u00fcsusi \u0259h\u0259miyy\u0259t da\u015f\u0131y\u0131r.<\/p>\n<p>Rusiyal\u0131 politoloq Andrey \u0130vanov is\u0259 Trend-\u0259 a\u00e7\u0131qlamas\u0131nda deyib ki, bu g\u00f6r\u00fc\u015f bu g\u00fcn i\u015fl\u0259k olan m\u00fcdd\u0259alara sadiqliyi t\u0259sdiq etm\u0259lidir.<\/p>\n<p>&#8220;G\u00f6r\u00fcn\u0259n odur ki, Yerevan \u0259n\u0259n\u0259vi olaraq problemi unutdurmaq taktikas\u0131ndan istifad\u0259 etm\u0259k ist\u0259yirdi. Erm\u0259nistan\u0131n daxili siyas\u0259ti uzun ill\u0259rdir ki, mill\u0259t\u00e7i ritorikan\u0131n q\u0131z\u0131\u015fd\u0131r\u0131lmas\u0131 \u00fcz\u0259rind\u0259 dayan\u0131r. Amma daxili auditoriya \u00fc\u00e7\u00fcn yax\u015f\u0131 olan amil beyn\u0259lxalq siyas\u0259td\u0259 q\u0259bul olunmur. M\u0259\u011fz etibaril\u0259 t\u0259nziml\u0259m\u0259 prosesi \u00e7ox yava\u015f gedir, amma bunu s\u00fcr\u0259tl\u0259ndirm\u0259k olar. Vacib olan odur ki, indi s\u00f6hb\u0259t torpaqlar\u0131n i\u015f\u011fal\u0131ndan, \u0259razi b\u00fct\u00f6vl\u00fcy\u00fcnd\u0259n yox, regionda normal h\u0259yat\u0131n qurulmas\u0131 mexanizmind\u0259n gedir&#8221;, &#8211; dey\u0259 politoloq vur\u011fulay\u0131b.<\/p>\n<p>Rusiyan\u0131n Siyasi Ara\u015fd\u0131rmalar \u0130nstitutunun direktor m\u00fcavini Darya Qrevtsova \u00f6z n\u00f6vb\u0259sind\u0259 bildirib ki, Nikol Pa\u015finyan So\u00e7i g\u00f6r\u00fc\u015f\u00fcnd\u0259n qorxur.<\/p>\n<p>&#8220;\u00c7\u00fcnki g\u00f6r\u00fc\u015f zaman\u0131 erm\u0259nil\u0259r \u00fc\u00e7\u00fcn \u0259n k\u0259skin m\u0259s\u0259l\u0259l\u0259r m\u00fczakir\u0259 olunacaq. Erm\u0259nistan h\u0259r v\u0259chl\u0259 g\u00f6r\u00fc\u015fd\u0259n yay\u0131nma\u011fa \u00e7al\u0131\u015f\u0131rd\u0131. G\u00f6r\u00fc\u015fd\u0259 toxunulacaq m\u0259s\u0259l\u0259l\u0259rd\u0259n biri s\u0259rh\u0259dl\u0259rin delimitasiyas\u0131 v\u0259 demarkasiyas\u0131 olacaq. B\u00f6y\u00fck ehtimalla, bu m\u0259s\u0259l\u0259 il\u0259 daha f\u0259al m\u0259\u015f\u011ful olacaq i\u015f\u00e7i qrupu yarad\u0131lacaq. So\u00e7id\u0259 diqq\u0259t\u0259 al\u0131nacaq daha bir m\u0259s\u0259l\u0259 Z\u0259ng\u0259zur d\u0259hlizi ola bil\u0259r&#8221;, &#8211; dey\u0259 o bildirib.<\/p>\n<p>Nikol Pa\u015finyan\u0131n dan\u0131\u015f\u0131qlar masas\u0131na g\u0259tirilm\u0259si Az\u0259rbaycan d\u00f6vl\u0259tinin q\u0259tiyy\u0259tli v\u0259 prinsipial siyas\u0259tinin n\u0259tic\u0259sidir. Pa\u015finyan n\u00f6vb\u0259ti d\u0259f\u0259 regiondak\u0131 reall\u0131qlar\u0131 q\u0259bul etm\u0259y\u0259 m\u0259cbur qald\u0131.<\/p>\n<p>&#8220;Erm\u0259nistan r\u0259hb\u0259rliyi ba\u015fa d\u00fc\u015fd\u00fc ki, Az\u0259rbaycan\u0131 h\u0259rbi ritorika il\u0259 h\u0259d\u0259l\u0259m\u0259k onlara he\u00e7 n\u0259 qazand\u0131ra bilm\u0259z. \u018fksin\u0259, bu kimi t\u0259xribatlar onsuz da u\u011fursuzluq girdab\u0131nda \u00e7abalayan Erm\u0259nistan \u00fc\u00e7\u00fcn daha b\u00f6y\u00fck faci\u0259l\u0259r g\u0259tir\u0259 bil\u0259r. X\u00fcsus\u0259n, s\u0259rh\u0259dyan\u0131 \u0259razil\u0259rd\u0259 t\u00f6r\u0259dil\u0259n son h\u0259rbi t\u0259xribatlar Erm\u0259nistan\u0131n acizliyini, Az\u0259rbaycan\u0131n is\u0259 g\u00fcc\u00fcn\u00fc v\u0259 irad\u0259sini n\u00f6vb\u0259ti d\u0259f\u0259 n\u00fcmayi\u015f etdirdi. Bel\u0259likl\u0259, art\u0131q Erm\u0259nistan\u0131n dan\u0131\u015f\u0131qlara c\u0259lb olunmaqdan ba\u015fqa bir \u00e7ar\u0259si yoxdur. Az\u0259rbaycan Erm\u0259nistan\u0131 m\u0259cbur etdi ki, dan\u0131\u015fq\u0131lara getsin v\u0259 Az\u0259rbaycan\u0131n \u015f\u0259rtl\u0259rini q\u0259bul etsin.<\/p>\n<p>So\u00e7i g\u00f6r\u00fc\u015f\u00fcn\u0259 \u00fcmidl\u0259r b\u00f6y\u00fckd\u00fcr. m\u00fc\u0259yy\u0259n zaman k\u0259siyind\u0259 \u0130kinci Qaraba\u011f m\u00fcharib\u0259sinin n\u0259tic\u0259l\u0259ri s\u0259b\u0259bind\u0259n yaranan b\u0259zi reall\u0131qlar\u0131n d\u0259yi\u015f\u0259 bil\u0259c\u0259yin\u0259 \u00fcmid b\u0259sl\u0259y\u0259n v\u0259 \u00e7oxsayl\u0131 m\u0259krli gedi\u015fl\u0259riyl\u0259 buna \u00e7al\u0131\u015fan Erm\u0259nistan\u0131n b\u00fct\u00fcn \u00fcmidl\u0259ri pu\u00e7a \u00e7\u0131xar\u0131ld\u0131\u011f\u0131ndan, r\u0259smi \u0130r\u0259van Az\u0259rbaycan\u0131n d\u0259yi\u015fdirilm\u0259si m\u00fcmk\u00fcn olmayan \u015f\u0259rtl\u0259ri daxilind\u0259 dan\u0131\u015f\u0131qlara getm\u0259kd\u0259n, \u00fcz\u0259rin\u0259 g\u00f6t\u00fcrd\u00fcy\u00fc \u00f6hd\u0259likl\u0259ri yerin\u0259 yetirm\u0259kd\u0259n ba\u015fqa he\u00e7 bir \u00e7\u0131x\u0131\u015f yolunun olmad\u0131\u011f\u0131n\u0131 q\u0259bul etm\u0259y\u0259 m\u0259cbur olub. G\u00f6r\u00fc\u015fl\u0259rin intensivliyi s\u00fclh raz\u0131la\u015fmas\u0131n\u0131n imzalanmas\u0131 \u00fc\u00e7\u00fcn vacib \u0259h\u0259miyy\u0259t da\u015f\u0131y\u0131r.<\/p>\n<p><strong><a href=\"http:\/\/trend.az\/\" target=\"_blank\" rel=\"noopener\">Trend<\/a>-in T\u0259hlil \u015f\u00f6b\u0259si<\/strong><\/p>\n","protected":false},"excerpt":{"rendered":"<p>M\u0259lum oldu\u011fu kimi, bu g\u00fcn So\u00e7id\u0259 Az\u0259rbaycan v\u0259 Rusiya prezidentl\u0259ri, Erm\u0259nistan\u0131n ba\u015f naziri aras\u0131nda g\u00f6r\u00fc\u015f ke\u00e7iril\u0259c\u0259k. Bu g\u00f6r\u00fc\u015f zaman\u0131 bir s\u0131ra m\u0259s\u0259l\u0259l\u0259rin, o c\u00fcml\u0259d\u0259n kommunikasiyalar\u0131n a\u00e7\u0131lmas\u0131, s\u0259rh\u0259dl\u0259rin delimitasiyas\u0131 v\u0259 demarkasiyas\u0131 m\u0259s\u0259l\u0259l\u0259rinin m\u00fczakir\u0259si g\u00f6zl\u0259nilir. So\u00e7id\u0259 \u00fc\u00e7t\u0259r\u0259fli g\u00f6r\u00fc\u015f\u00fcn ke\u00e7irilm\u0259si fakt\u0131 onu g\u00f6st\u0259rir ki, Yerevan, n\u0259hay\u0259t yeni reall\u0131qla bar\u0131\u015f\u0131b. Bu bax\u0131mdan, g\u00f6r\u00fc\u015fd\u0259n g\u00f6zl\u0259ntil\u0259r b\u00f6y\u00fckd\u00fcr. So\u00e7i g\u00f6r\u00fc\u015f\u00fc \u00f6t\u0259n il imzalanm\u0131\u015f kapitulyasiya akt\u0131n\u0131n davam\u0131, m\u0259\u011flub Erm\u0259nistan\u0131n qalib Az\u0259rbaycan\u0131n ir\u0259li s\u00fcrd\u00fcy\u00fc \u015f\u0259rtl\u0259r\u0259 uy\u011fun davranma\u011fa m\u0259cbur olmas\u0131, m\u00fcz\u0259ff\u0259r Ordumuzun Z\u0259f\u0259ri n\u0259tic\u0259sind\u0259 yaranm\u0131\u015f reall\u0131qlar\u0131n q\u0259bul edilm\u0259sidir. M\u0259\u015fhur rusiyal\u0131 politoloq, teleapar\u0131c\u0131 v\u0259 ictimai xadim Maksim \u015eev\u00e7enko hesab edir ki,&hellip;<\/p>\n","protected":false},"author":2,"featured_media":408692,"comment_status":"closed","ping_status":"closed","sticky":false,"template":"","format":"standard","meta":{"om_disable_all_campaigns":false,"_monsterinsights_skip_tracking":false,"_monsterinsights_sitenote_active":false,"_monsterinsights_sitenote_note":"","_monsterinsights_sitenote_category":0},"categories":[4],"tags":[],"aioseo_notices":[],"gutentor_comment":0,"rttpg_featured_image_url":{"full":["https:\/\/arantv.az\/wp-content\/uploads\/2021\/11\/998941.jpg",800,600,false],"landscape":["https:\/\/arantv.az\/wp-content\/uploads\/2021\/11\/998941.jpg",800,600,false],"portraits":["https:\/\/arantv.az\/wp-content\/uploads\/2021\/11\/998941.jpg",800,600,false],"thumbnail":["https:\/\/arantv.az\/wp-content\/uploads\/2021\/11\/998941-500x280.jpg",500,280,true],"medium":["https:\/\/arantv.az\/wp-content\/uploads\/2021\/11\/998941-487x365.jpg",487,365,true],"large":["https:\/\/arantv.az\/wp-content\/uploads\/2021\/11\/998941.jpg",640,480,false],"1536x1536":["https:\/\/arantv.az\/wp-content\/uploads\/2021\/11\/998941.jpg",800,600,false],"2048x2048":["https:\/\/arantv.az\/wp-content\/uploads\/2021\/11\/998941.jpg",800,600,false],"post-thumbnail":["https:\/\/arantv.az\/wp-content\/uploads\/2021\/11\/998941-240x172.jpg",240,172,true],"advps-thumb-one":["https:\/\/arantv.az\/wp-content\/uploads\/2021\/11\/998941.jpg",800,600,false]},"rttpg_author":{"display_name":"V\u00fcsal Rafiqo\u011flu","author_link":"https:\/\/arantv.az\/?author=2"},"rttpg_comment":0,"rttpg_category":"<a href=\"https:\/\/arantv.az\/?cat=4\" rel=\"category\">Siyas\u0259t<\/a>","rttpg_excerpt":"M\u0259lum oldu\u011fu kimi, bu g\u00fcn So\u00e7id\u0259 Az\u0259rbaycan v\u0259 Rusiya prezidentl\u0259ri, Erm\u0259nistan\u0131n ba\u015f naziri aras\u0131nda g\u00f6r\u00fc\u015f ke\u00e7iril\u0259c\u0259k. Bu g\u00f6r\u00fc\u015f zaman\u0131 bir s\u0131ra m\u0259s\u0259l\u0259l\u0259rin, o c\u00fcml\u0259d\u0259n kommunikasiyalar\u0131n a\u00e7\u0131lmas\u0131, s\u0259rh\u0259dl\u0259rin delimitasiyas\u0131 v\u0259 demarkasiyas\u0131 m\u0259s\u0259l\u0259l\u0259rinin m\u00fczakir\u0259si g\u00f6zl\u0259nilir. So\u00e7id\u0259 \u00fc\u00e7t\u0259r\u0259fli g\u00f6r\u00fc\u015f\u00fcn ke\u00e7irilm\u0259si fakt\u0131 onu g\u00f6st\u0259rir ki, Yerevan, n\u0259hay\u0259t yeni reall\u0131qla bar\u0131\u015f\u0131b. Bu bax\u0131mdan, g\u00f6r\u00fc\u015fd\u0259n g\u00f6zl\u0259ntil\u0259r b\u00f6y\u00fckd\u00fcr. So\u00e7i g\u00f6r\u00fc\u015f\u00fc \u00f6t\u0259n il&hellip;","_links":{"self":[{"href":"https:\/\/arantv.az\/index.php?rest_route=\/wp\/v2\/posts\/408691"}],"collection":[{"href":"https:\/\/arantv.az\/index.php?rest_route=\/wp\/v2\/posts"}],"about":[{"href":"https:\/\/arantv.az\/index.php?rest_route=\/wp\/v2\/types\/post"}],"author":[{"embeddable":true,"href":"https:\/\/arantv.az\/index.php?rest_route=\/wp\/v2\/users\/2"}],"replies":[{"embeddable":true,"href":"https:\/\/arantv.az\/index.php?rest_route=%2Fwp%2Fv2%2Fcomments&post=408691"}],"version-history":[{"count":0,"href":"https:\/\/arantv.az\/index.php?rest_route=\/wp\/v2\/posts\/408691\/revisions"}],"wp:featuredmedia":[{"embeddable":true,"href":"https:\/\/arantv.az\/index.php?rest_route=\/wp\/v2\/media\/408692"}],"wp:attachment":[{"href":"https:\/\/arantv.az\/index.php?rest_route=%2Fwp%2Fv2%2Fmedia&parent=408691"}],"wp:term":[{"taxonomy":"category","embeddable":true,"href":"https:\/\/arantv.az\/index.php?rest_route=%2Fwp%2Fv2%2Fcategories&post=408691"},{"taxonomy":"post_tag","embeddable":true,"href":"https:\/\/arantv.az\/index.php?rest_route=%2Fwp%2Fv2%2Ftags&post=408691"}],"curies":[{"name":"wp","href":"https:\/\/api.w.org\/{rel}","templated":true}]}}