{"id":408700,"date":"2021-11-26T10:42:16","date_gmt":"2021-11-26T07:42:16","guid":{"rendered":"http:\/\/arantv.az\/?p=408700"},"modified":"2021-11-26T10:42:16","modified_gmt":"2021-11-26T07:42:16","slug":"b%c9%99l%c9%99diyy%c9%99l%c9%99r-kommunal-xidm%c9%99tl%c9%99rin-gost%c9%99rilm%c9%99sind%c9%99-f%c9%99al-istirak-edir","status":"publish","type":"post","link":"https:\/\/arantv.az\/?p=408700","title":{"rendered":"B\u0259l\u0259diyy\u0259l\u0259r kommunal xidm\u0259tl\u0259rin g\u00f6st\u0259rilm\u0259sind\u0259 f\u0259al i\u015ftirak edir"},"content":{"rendered":"<p>Muxtar respublikam\u0131zda kommunal m\u00fc\u0259ssis\u0259l\u0259rin, b\u0259l\u0259diyy\u0259l\u0259rin, yerli icra orqanlar\u0131n\u0131n maddi-texniki bazas\u0131n\u0131n m\u00f6hk\u0259ml\u0259ndirilm\u0259si daim diqq\u0259t m\u0259rk\u0259zind\u0259 saxlan\u0131l\u0131r. Bel\u0259 ki, kommunal xidm\u0259tl\u0259rin daha da yax\u015f\u0131la\u015fd\u0131r\u0131lmas\u0131,m\u0259i\u015f\u0259t tullant\u0131lar\u0131n\u0131n vaxt\u0131nda y\u0131\u011f\u0131laraq da\u015f\u0131nmas\u0131 istiqam\u0259tind\u0259 m\u0259qs\u0259dy\u00f6nl\u00fc t\u0259dbirl\u0259r h\u0259yata ke\u00e7irilir, h\u0259m\u00e7inin b\u0259l\u0259diyy\u0259l\u0259r \u00fc\u00e7\u00fcn m\u00fcasir t\u0259l\u0259bl\u0259r\u0259 cavab ver\u0259n kommunal t\u0259yinatl\u0131 texnikalar al\u0131naraq istifad\u0259y\u0259 verilir.\u0130stifad\u0259y\u0259 veril\u0259n yeni texnikalar kommunal xidm\u0259tl\u0259rin yax\u015f\u0131la\u015fd\u0131r\u0131lmas\u0131 il\u0259 b\u0259rab\u0259r, h\u0259m d\u0259 ekoloji-sanitar t\u0259mizliyin d\u0259 qorunmas\u0131na m\u00fcsb\u0259t t\u0259sirini g\u00f6st\u0259rir. M\u0259hz bunun n\u0259tic\u0259sidir ki, koronovirus infeksiyas\u0131n\u0131n muxtar respublika \u0259razisind\u0259 n\u0259zar\u0259td\u0259 saxlan\u0131lmas\u0131na nail olunub, yoluxma say\u0131 dig\u0259r regionlarla m\u00fcqayis\u0259d\u0259 \u0259h\u0259miyy\u0259tli d\u0259r\u0259c\u0259d\u0259 a\u015fa\u011f\u0131 s\u0259viyy\u0259d\u0259dir.<\/p>\n<p>Q\u00fcrur hissi il\u0259 dey\u0259 bil\u0259rik ki, m\u00fcasir \u00fcslubda tikil\u0259n k\u0259nd m\u0259rk\u0259zl\u0259rind\u0259 b\u0259l\u0259diyy\u0259l\u0259r \u00fc\u00e7\u00fcn m\u00fcasir i\u015f \u015f\u0259raiti yarad\u0131l\u0131r, f\u0259aliyy\u0259tl\u0259rinin g\u00fcn\u00fcn t\u0259l\u0259bl\u0259ri s\u0259viyy\u0259sind\u0259 qurulmas\u0131 \u00fc\u00e7\u00fcn laz\u0131m\u0131 infrastruktur formala\u015fd\u0131r\u0131l\u0131r. Bu istiqam\u0259td\u0259 h\u0259yata ke\u00e7iril\u0259n t\u0259dbirl\u0259rin \u0259sas m\u0259qs\u0259di \u0259haliy\u0259 g\u00f6st\u0259ril\u0259n xidm\u0259tin s\u0259viyy\u0259sini daha da y\u00fcks\u0259ltm\u0259kd\u0259n ibar\u0259tdir. Haz\u0131rda muxtar respublikada 170 b\u0259l\u0259diyy\u0259 f\u0259aliyy\u0259t g\u00f6st\u0259rir. B\u0259l\u0259diyy\u0259\u00a0 qanunla m\u00fc\u0259yy\u0259n edilmi\u015f \u0259razi h\u00fcdudlar\u0131 daxilind\u0259 yerli \u00f6z\u00fcn\u00fcidar\u0259etm\u0259 formas\u0131d\u0131r. B\u0259l\u0259diyy\u0259nin \u00f6z m\u00fclkiyy\u0259ti v\u0259 yerli b\u00fcdc\u0259si olur v\u0259 o qanunvericilikl\u0259 s\u0259lahiyy\u0259tl\u0259rin\u0259 aid edilmi\u015f yerli \u0259h\u0259miyy\u0259tli m\u0259s\u0259l\u0259l\u0259ri m\u00fcst\u0259qil sur\u0259td\u0259 h\u0259ll edir. Qanunvericiliy\u0259 m\u00fcvafiq olaraq b\u0259l\u0259diyy\u0259l\u0259rin bir v\u0259zif\u0259si d\u0259 b\u0259l\u0259diyy\u0259 \u0259razil\u0259rinin abadla\u015fd\u0131r\u0131lmas\u0131, m\u0259i\u015f\u0259t tullant\u0131lar\u0131n\u0131n y\u0131\u011f\u0131lmas\u0131 v\u0259 z\u0259r\u0259rsizl\u0259\u015fdirilm\u0259si, eyni zamanda, \u0259traf m\u00fchitin \u00e7irkl\u0259nm\u0259sinin qar\u015f\u0131s\u0131n\u0131n al\u0131nmas\u0131ndan ibar\u0259tdir. T\u0259bii ki, h\u0259min v\u0259zif\u0259l\u0259rin yerin\u0259 yetirilm\u0259sind\u0259n \u00f6tr\u00fc b\u0259l\u0259diyy\u0259l\u0259r\u0259 \u00a0h\u0259rt\u0259r\u0259fli \u015f\u0259rait yarad\u0131lmal\u0131d\u0131r.<\/p>\n<p>2017-ci ilin \u0259vv\u0259lind\u0259n etibar\u0259n k\u0259nd ya\u015fay\u0131\u015f m\u0259nt\u0259q\u0259l\u0259rind\u0259 m\u0259i\u015f\u0259t tullant\u0131lar\u0131n\u0131n y\u0131\u011f\u0131lmas\u0131, da\u015f\u0131nmas\u0131 v\u0259 z\u0259r\u0259rsizl\u0259\u015fdirilm\u0259si xidm\u0259tl\u0259rinin b\u0259l\u0259diyy\u0259l\u0259r t\u0259r\u0259find\u0259n h\u0259yata ke\u00e7irilm\u0259sin\u0259 ba\u015flan\u0131l\u0131b v\u0259 bu layih\u0259 u\u011furla davam etdirilir.<\/p>\n<p>B\u0259l\u0259diyy\u0259l\u0259r \u00f6z \u0259razil\u0259rind\u0259 m\u0259i\u015f\u0259t tullant\u0131lar\u0131n\u0131n y\u0131\u011f\u0131lmas\u0131n\u0131, n\u0259z\u0259rd\u0259 tutulan m\u00fcvafiq sah\u0259y\u0259 da\u015f\u0131nmas\u0131n\u0131 v\u0259 z\u0259r\u0259rsizl\u0259\u015fdirilm\u0259sini h\u0259yata ke\u00e7irir. Qeyd ed\u0259k ki, son ill\u0259rd\u0259 62 \u0259d\u0259d kommunal t\u0259yinatl\u0131 n\u0259qliyyat vasit\u0259si, 4 \u0259d\u0259d xidm\u0259ti minik avtomobili, 1360 \u0259d\u0259d m\u0259i\u015f\u0259t tullant\u0131s\u0131 konyteyneri b\u0259l\u0259diyy\u0259l\u0259rin v\u0259 kommunal m\u00fc\u0259ssis\u0259l\u0259rin istifad\u0259sin\u0259 verilmi\u015fdir ki, bu da \u00f6z n\u00f6vb\u0259sind\u0259 onlar\u0131n daha operativ i\u015fl\u0259m\u0259l\u0259rin\u0259 \u015f\u0259rait yaratm\u0131\u015fd\u0131r. Al\u0131nm\u0131\u015f 1360 \u0259d\u0259d m\u0259i\u015f\u0259t tullant\u0131s\u0131 konteynerinin 1123 \u0259d\u0259di b\u0259l\u0259diyy\u0259l\u0259r\u0259 verilmi\u015fdir.\u00a0 Cari ilin noyabr\u0131nda muxtar respublika b\u0259l\u0259diyy\u0259l\u0259rin\u0259 kommunal t\u0259yinatl\u0131 16 traktor v\u0259 qo\u015fqusu, 2 \u201cNAZ Lifan-330\u201dmarkal\u0131 avtomobilin t\u0259qdim olunmas\u0131 bu istiqam\u0259td\u0259 h\u0259yata ke\u00e7iril\u0259n t\u0259dbirl\u0259rin t\u0259rkib hiss\u0259sidir.<\/p>\n<p>M\u0259lumat \u00fc\u00e7\u00fcn qeyd ed\u0259k ki, yeni kommunal t\u0259yinatl\u0131 16 traktor v\u0259 qo\u015fqusu \u015e\u0259rur rayonunun G\u00fcm\u00fc\u015fl\u00fc, K\u00fcr\u00e7\u00fcl\u00fc, O\u011flanqala v\u0259 D\u0259rvi\u015fl\u0259r, Bab\u0259k rayonunun Vayx\u0131r, Yuxar\u0131 Uzunoba v\u0259 Didivar, Ordubad rayonunun A\u015fa\u011f\u0131 \u018fnd\u0259mic v\u0259 \u00dcst\u00fcp\u00fc, Culfa rayonunun \u018flinc\u0259 v\u0259 K\u0131rna, \u015eahbuz rayonunun K\u00fck\u00fc v\u0259 K\u00fcl\u00fcs, K\u0259ng\u0259rli rayonunun \u00c7alxanqala v\u0259 B\u00f6y\u00fckd\u00fcz, S\u0259d\u0259r\u0259k rayonunun Qaraa\u011fac b\u0259l\u0259diyy\u0259l\u0259rinin istifad\u0259sin\u0259 verilmi\u015fdir. H\u0259m\u00e7inin \u015e\u0259rur v\u0259 Ordubad b\u0259l\u0259diyy\u0259l\u0259rin\u0259 h\u0259r birin\u0259 1 \u0259d\u0259d \u201cNAZ Lifan &#8211; 330\u201d markal\u0131 minik avtomobili t\u0259qdim edilmi\u015fdir. \u0130stifad\u0259y\u0259 veril\u0259n yeni texnikalar qeyd olunan ya\u015fay\u0131\u015f m\u0259nt\u0259q\u0259l\u0259rind\u0259 \u0259haliy\u0259 g\u00f6st\u0259ril\u0259n kommunal xidm\u0259tl\u0259rin s\u0259viyy\u0259sini daha da y\u00fcks\u0259ld\u0259c\u0259k, m\u0259i\u015f\u0259t tullant\u0131lar\u0131n\u0131n vaxt\u0131nda da\u015f\u0131nmas\u0131na h\u0259rt\u0259r\u0259fli \u015f\u0259rait yaradacaqd\u0131r.\u0130nan\u0131r\u0131q ki, bundan sonra da b\u0259l\u0259diyy\u0259l\u0259r f\u0259aliyy\u0259tl\u0259rini daha y\u00fcks\u0259k s\u0259viyy\u0259d\u0259 \u0259hali il\u0259 birg\u0259 quracaq, i\u015fin s\u0259m\u0259r\u0259liliyinin art\u0131r\u0131lmas\u0131 bax\u0131m\u0131ndan s\u0259y v\u0259 bacar\u0131qlar\u0131n\u0131 \u0259sirg\u0259m\u0259y\u0259c\u0259kl\u0259r. Nax\u00e7\u0131van Muxtar Respublikas\u0131 Ali M\u0259clisi S\u0259drinin d\u0259 dediyi kimi: \u201cB\u0259l\u0259diyy\u0259l\u0259r d\u0259 f\u0259aliyy\u0259tl\u0259rini qanunauy\u011fun olaraq h\u0259yata ke\u00e7irm\u0259lidirl\u0259r. B\u0259l\u0259diyy\u0259l\u0259r, sad\u0259c\u0259, yarad\u0131lm\u0131\u015f formal t\u0259\u015fkilat deyil,onlar se\u00e7ilmi\u015f t\u0259\u015fkilatlard\u0131r. Ona g\u00f6r\u0259 d\u0259 \u0259hali il\u0259 qar\u015f\u0131l\u0131ql\u0131 \u0259laq\u0259 qurulmal\u0131, rayon icra hakimiyy\u0259tl\u0259ri b\u0259l\u0259diyy\u0259l\u0259rl\u0259 i\u015f\u0259 \u00fcst\u00fcnl\u00fck verm\u0259li, i\u015fin s\u0259m\u0259r\u0259liliyi art\u0131r\u0131lmal\u0131d\u0131r. B\u0259l\u0259diyy\u0259l\u0259r bu g\u00fcn d\u00f6vl\u0259tin xalq t\u0259r\u0259find\u0259n se\u00e7ilmi\u015f orqan\u0131 kimi f\u0259aliyy\u0259tl\u0259rini Az\u0259rbaycan Respublikas\u0131n\u0131n m\u00fcvafiq qanununa uy\u011fun qurmal\u0131d\u0131r.\u201d<\/p>\n<p><strong>Nuray \u018fsg\u0259rova,<\/strong><br \/>\n<em>jurnalist<\/em><\/p>\n","protected":false},"excerpt":{"rendered":"<p>Muxtar respublikam\u0131zda kommunal m\u00fc\u0259ssis\u0259l\u0259rin, b\u0259l\u0259diyy\u0259l\u0259rin, yerli icra orqanlar\u0131n\u0131n maddi-texniki bazas\u0131n\u0131n m\u00f6hk\u0259ml\u0259ndirilm\u0259si daim diqq\u0259t m\u0259rk\u0259zind\u0259 saxlan\u0131l\u0131r. Bel\u0259 ki, kommunal xidm\u0259tl\u0259rin daha da yax\u015f\u0131la\u015fd\u0131r\u0131lmas\u0131,m\u0259i\u015f\u0259t tullant\u0131lar\u0131n\u0131n vaxt\u0131nda y\u0131\u011f\u0131laraq da\u015f\u0131nmas\u0131 istiqam\u0259tind\u0259 m\u0259qs\u0259dy\u00f6nl\u00fc t\u0259dbirl\u0259r h\u0259yata ke\u00e7irilir, h\u0259m\u00e7inin b\u0259l\u0259diyy\u0259l\u0259r \u00fc\u00e7\u00fcn m\u00fcasir t\u0259l\u0259bl\u0259r\u0259 cavab ver\u0259n kommunal t\u0259yinatl\u0131 texnikalar al\u0131naraq istifad\u0259y\u0259 verilir.\u0130stifad\u0259y\u0259 veril\u0259n yeni texnikalar kommunal xidm\u0259tl\u0259rin yax\u015f\u0131la\u015fd\u0131r\u0131lmas\u0131 il\u0259 b\u0259rab\u0259r, h\u0259m d\u0259 ekoloji-sanitar t\u0259mizliyin d\u0259 qorunmas\u0131na m\u00fcsb\u0259t t\u0259sirini g\u00f6st\u0259rir. M\u0259hz bunun n\u0259tic\u0259sidir ki, koronovirus infeksiyas\u0131n\u0131n muxtar respublika \u0259razisind\u0259 n\u0259zar\u0259td\u0259 saxlan\u0131lmas\u0131na nail olunub, yoluxma say\u0131 dig\u0259r regionlarla m\u00fcqayis\u0259d\u0259 \u0259h\u0259miyy\u0259tli d\u0259r\u0259c\u0259d\u0259 a\u015fa\u011f\u0131 s\u0259viyy\u0259d\u0259dir. Q\u00fcrur hissi il\u0259 dey\u0259 bil\u0259rik ki, m\u00fcasir&hellip;<\/p>\n","protected":false},"author":2,"featured_media":408701,"comment_status":"closed","ping_status":"closed","sticky":false,"template":"","format":"standard","meta":{"om_disable_all_campaigns":false,"_monsterinsights_skip_tracking":false,"_monsterinsights_sitenote_active":false,"_monsterinsights_sitenote_note":"","_monsterinsights_sitenote_category":0},"categories":[26],"tags":[],"aioseo_notices":[],"gutentor_comment":0,"rttpg_featured_image_url":{"full":["https:\/\/arantv.az\/wp-content\/uploads\/2021\/11\/f04b8b59162107552831491768511084452.jpg",975,540,false],"landscape":["https:\/\/arantv.az\/wp-content\/uploads\/2021\/11\/f04b8b59162107552831491768511084452.jpg",975,540,false],"portraits":["https:\/\/arantv.az\/wp-content\/uploads\/2021\/11\/f04b8b59162107552831491768511084452.jpg",975,540,false],"thumbnail":["https:\/\/arantv.az\/wp-content\/uploads\/2021\/11\/f04b8b59162107552831491768511084452-500x280.jpg",500,280,true],"medium":["https:\/\/arantv.az\/wp-content\/uploads\/2021\/11\/f04b8b59162107552831491768511084452-660x365.jpg",660,365,true],"large":["https:\/\/arantv.az\/wp-content\/uploads\/2021\/11\/f04b8b59162107552831491768511084452-840x465.jpg",640,354,true],"1536x1536":["https:\/\/arantv.az\/wp-content\/uploads\/2021\/11\/f04b8b59162107552831491768511084452.jpg",975,540,false],"2048x2048":["https:\/\/arantv.az\/wp-content\/uploads\/2021\/11\/f04b8b59162107552831491768511084452.jpg",975,540,false],"post-thumbnail":["https:\/\/arantv.az\/wp-content\/uploads\/2021\/11\/f04b8b59162107552831491768511084452-240x172.jpg",240,172,true],"advps-thumb-one":["https:\/\/arantv.az\/wp-content\/uploads\/2021\/11\/f04b8b59162107552831491768511084452.jpg",975,540,false]},"rttpg_author":{"display_name":"V\u00fcsal Rafiqo\u011flu","author_link":"https:\/\/arantv.az\/?author=2"},"rttpg_comment":0,"rttpg_category":"<a href=\"https:\/\/arantv.az\/?cat=26\" rel=\"category\">Sosial<\/a>","rttpg_excerpt":"Muxtar respublikam\u0131zda kommunal m\u00fc\u0259ssis\u0259l\u0259rin, b\u0259l\u0259diyy\u0259l\u0259rin, yerli icra orqanlar\u0131n\u0131n maddi-texniki bazas\u0131n\u0131n m\u00f6hk\u0259ml\u0259ndirilm\u0259si daim diqq\u0259t m\u0259rk\u0259zind\u0259 saxlan\u0131l\u0131r. Bel\u0259 ki, kommunal xidm\u0259tl\u0259rin daha da yax\u015f\u0131la\u015fd\u0131r\u0131lmas\u0131,m\u0259i\u015f\u0259t tullant\u0131lar\u0131n\u0131n vaxt\u0131nda y\u0131\u011f\u0131laraq da\u015f\u0131nmas\u0131 istiqam\u0259tind\u0259 m\u0259qs\u0259dy\u00f6nl\u00fc t\u0259dbirl\u0259r h\u0259yata ke\u00e7irilir, h\u0259m\u00e7inin b\u0259l\u0259diyy\u0259l\u0259r \u00fc\u00e7\u00fcn m\u00fcasir t\u0259l\u0259bl\u0259r\u0259 cavab ver\u0259n kommunal t\u0259yinatl\u0131 texnikalar al\u0131naraq istifad\u0259y\u0259 verilir.\u0130stifad\u0259y\u0259 veril\u0259n yeni texnikalar kommunal xidm\u0259tl\u0259rin yax\u015f\u0131la\u015fd\u0131r\u0131lmas\u0131 il\u0259 b\u0259rab\u0259r, h\u0259m d\u0259 ekoloji-sanitar&hellip;","_links":{"self":[{"href":"https:\/\/arantv.az\/index.php?rest_route=\/wp\/v2\/posts\/408700"}],"collection":[{"href":"https:\/\/arantv.az\/index.php?rest_route=\/wp\/v2\/posts"}],"about":[{"href":"https:\/\/arantv.az\/index.php?rest_route=\/wp\/v2\/types\/post"}],"author":[{"embeddable":true,"href":"https:\/\/arantv.az\/index.php?rest_route=\/wp\/v2\/users\/2"}],"replies":[{"embeddable":true,"href":"https:\/\/arantv.az\/index.php?rest_route=%2Fwp%2Fv2%2Fcomments&post=408700"}],"version-history":[{"count":0,"href":"https:\/\/arantv.az\/index.php?rest_route=\/wp\/v2\/posts\/408700\/revisions"}],"wp:featuredmedia":[{"embeddable":true,"href":"https:\/\/arantv.az\/index.php?rest_route=\/wp\/v2\/media\/408701"}],"wp:attachment":[{"href":"https:\/\/arantv.az\/index.php?rest_route=%2Fwp%2Fv2%2Fmedia&parent=408700"}],"wp:term":[{"taxonomy":"category","embeddable":true,"href":"https:\/\/arantv.az\/index.php?rest_route=%2Fwp%2Fv2%2Fcategories&post=408700"},{"taxonomy":"post_tag","embeddable":true,"href":"https:\/\/arantv.az\/index.php?rest_route=%2Fwp%2Fv2%2Ftags&post=408700"}],"curies":[{"name":"wp","href":"https:\/\/api.w.org\/{rel}","templated":true}]}}