{"id":408718,"date":"2021-11-26T12:01:36","date_gmt":"2021-11-26T09:01:36","guid":{"rendered":"http:\/\/arantv.az\/?p=408718"},"modified":"2021-11-26T12:01:36","modified_gmt":"2021-11-26T09:01:36","slug":"uzb%c9%99uz-uct%c9%99r%c9%99fli-soci-gorusund%c9%99n-gozl%c9%99ntil%c9%99r-video","status":"publish","type":"post","link":"https:\/\/arantv.az\/?p=408718","title":{"rendered":"\u201c\u00dczb\u0259\u00fcz\u201d: \u00dc\u00e7t\u0259r\u0259fli So\u00e7i g\u00f6r\u00fc\u015f\u00fcnd\u0259n g\u00f6zl\u0259ntil\u0259r &#8211; V\u0130DEO"},"content":{"rendered":"<p>Baku TV-d\u0259 yay\u0131mlanan \u201c\u00dczb\u0259\u00fcz\u201d verili\u015finin n\u00f6vb\u0259ti burax\u0131l\u0131\u015f\u0131nda bu g\u00fcn So\u00e7id\u0259 Rusiya Prezidenti Vladimir Putin, Az\u0259rbaycan Prezidenti \u0130lham \u018fliyev v\u0259 Erm\u0259nistan\u0131n ba\u015f naziri Nikol Pa\u015finyan aras\u0131nda ba\u015f tutacaq g\u00f6r\u00fc\u015fd\u0259n g\u00f6zl\u0259ntil\u0259r m\u00fczakir\u0259 olunur.<\/p>\n<article class=\"news\">\n<div class=\"news-inner\">\n<p>Verili\u015fin qona\u011f\u0131 politoloq Anar \u018fliyevdir.<\/p>\n<p>\u018ftrafl\u0131 videonu t\u0259qdim edirik:<\/p>\n<div><iframe loading=\"lazy\" title=\"YouTube video player\" src=\"https:\/\/www.youtube.com\/embed\/q85IHWrToN0\" width=\"560\" height=\"315\" frameborder=\"0\" allowfullscreen=\"allowfullscreen\" data-mce-fragment=\"1\"><\/iframe><\/div>\n<\/div>\n<\/article>\n<h2 class=\"news-share-title\"><\/h2>\n","protected":false},"excerpt":{"rendered":"<p>Baku TV-d\u0259 yay\u0131mlanan \u201c\u00dczb\u0259\u00fcz\u201d verili\u015finin n\u00f6vb\u0259ti burax\u0131l\u0131\u015f\u0131nda bu g\u00fcn So\u00e7id\u0259 Rusiya Prezidenti Vladimir Putin, Az\u0259rbaycan Prezidenti \u0130lham \u018fliyev v\u0259 Erm\u0259nistan\u0131n ba\u015f naziri Nikol Pa\u015finyan aras\u0131nda ba\u015f tutacaq g\u00f6r\u00fc\u015fd\u0259n g\u00f6zl\u0259ntil\u0259r m\u00fczakir\u0259 olunur. Verili\u015fin qona\u011f\u0131 politoloq Anar \u018fliyevdir. \u018ftrafl\u0131 videonu t\u0259qdim edirik:<\/p>\n","protected":false},"author":2,"featured_media":408719,"comment_status":"closed","ping_status":"closed","sticky":false,"template":"","format":"standard","meta":{"om_disable_all_campaigns":false,"_monsterinsights_skip_tracking":false,"_monsterinsights_sitenote_active":false,"_monsterinsights_sitenote_note":"","_monsterinsights_sitenote_category":0},"categories":[26],"tags":[],"aioseo_notices":[],"gutentor_comment":0,"rttpg_featured_image_url":{"full":["https:\/\/arantv.az\/wp-content\/uploads\/2021\/11\/FotoJet-8-11.jpg",620,416,false],"landscape":["https:\/\/arantv.az\/wp-content\/uploads\/2021\/11\/FotoJet-8-11.jpg",620,416,false],"portraits":["https:\/\/arantv.az\/wp-content\/uploads\/2021\/11\/FotoJet-8-11.jpg",620,416,false],"thumbnail":["https:\/\/arantv.az\/wp-content\/uploads\/2021\/11\/FotoJet-8-11-500x280.jpg",500,280,true],"medium":["https:\/\/arantv.az\/wp-content\/uploads\/2021\/11\/FotoJet-8-11-544x365.jpg",544,365,true],"large":["https:\/\/arantv.az\/wp-content\/uploads\/2021\/11\/FotoJet-8-11.jpg",620,416,false],"1536x1536":["https:\/\/arantv.az\/wp-content\/uploads\/2021\/11\/FotoJet-8-11.jpg",620,416,false],"2048x2048":["https:\/\/arantv.az\/wp-content\/uploads\/2021\/11\/FotoJet-8-11.jpg",620,416,false],"post-thumbnail":["https:\/\/arantv.az\/wp-content\/uploads\/2021\/11\/FotoJet-8-11-240x172.jpg",240,172,true],"advps-thumb-one":["https:\/\/arantv.az\/wp-content\/uploads\/2021\/11\/FotoJet-8-11.jpg",620,416,false]},"rttpg_author":{"display_name":"V\u00fcsal Rafiqo\u011flu","author_link":"https:\/\/arantv.az\/?author=2"},"rttpg_comment":0,"rttpg_category":"<a href=\"https:\/\/arantv.az\/?cat=26\" rel=\"category\">Sosial<\/a>","rttpg_excerpt":"Baku TV-d\u0259 yay\u0131mlanan \u201c\u00dczb\u0259\u00fcz\u201d verili\u015finin n\u00f6vb\u0259ti burax\u0131l\u0131\u015f\u0131nda bu g\u00fcn So\u00e7id\u0259 Rusiya Prezidenti Vladimir Putin, Az\u0259rbaycan Prezidenti \u0130lham \u018fliyev v\u0259 Erm\u0259nistan\u0131n ba\u015f naziri Nikol Pa\u015finyan aras\u0131nda ba\u015f tutacaq g\u00f6r\u00fc\u015fd\u0259n g\u00f6zl\u0259ntil\u0259r m\u00fczakir\u0259 olunur. Verili\u015fin qona\u011f\u0131 politoloq Anar \u018fliyevdir. \u018ftrafl\u0131 videonu t\u0259qdim edirik:","_links":{"self":[{"href":"https:\/\/arantv.az\/index.php?rest_route=\/wp\/v2\/posts\/408718"}],"collection":[{"href":"https:\/\/arantv.az\/index.php?rest_route=\/wp\/v2\/posts"}],"about":[{"href":"https:\/\/arantv.az\/index.php?rest_route=\/wp\/v2\/types\/post"}],"author":[{"embeddable":true,"href":"https:\/\/arantv.az\/index.php?rest_route=\/wp\/v2\/users\/2"}],"replies":[{"embeddable":true,"href":"https:\/\/arantv.az\/index.php?rest_route=%2Fwp%2Fv2%2Fcomments&post=408718"}],"version-history":[{"count":0,"href":"https:\/\/arantv.az\/index.php?rest_route=\/wp\/v2\/posts\/408718\/revisions"}],"wp:featuredmedia":[{"embeddable":true,"href":"https:\/\/arantv.az\/index.php?rest_route=\/wp\/v2\/media\/408719"}],"wp:attachment":[{"href":"https:\/\/arantv.az\/index.php?rest_route=%2Fwp%2Fv2%2Fmedia&parent=408718"}],"wp:term":[{"taxonomy":"category","embeddable":true,"href":"https:\/\/arantv.az\/index.php?rest_route=%2Fwp%2Fv2%2Fcategories&post=408718"},{"taxonomy":"post_tag","embeddable":true,"href":"https:\/\/arantv.az\/index.php?rest_route=%2Fwp%2Fv2%2Ftags&post=408718"}],"curies":[{"name":"wp","href":"https:\/\/api.w.org\/{rel}","templated":true}]}}