{"id":408727,"date":"2021-11-26T12:06:28","date_gmt":"2021-11-26T09:06:28","guid":{"rendered":"http:\/\/arantv.az\/?p=408727"},"modified":"2021-11-26T12:06:28","modified_gmt":"2021-11-26T09:06:28","slug":"ali-m%c9%99kt%c9%99bl%c9%99r%c9%99-q%c9%99bul-proqraminda-d%c9%99yisiklik-edildi-r%c9%99smi","status":"publish","type":"post","link":"https:\/\/arantv.az\/?p=408727","title":{"rendered":"Ali m\u0259kt\u0259bl\u0259r\u0259 q\u0259bul proqram\u0131nda d\u0259yi\u015fiklik edildi &#8211; R\u018fSM\u0130"},"content":{"rendered":"<p>Yeni iqtisadi rayonlar m\u00f6vzusu co\u011frafiya f\u0259nni \u00fczr\u0259 ali t\u0259hsil m\u00fc\u0259ssis\u0259l\u0259rin\u0259 q\u0259bul proqram\u0131na daxil edilib.<\/p>\n<p>Bu bar\u0259d\u0259 D\u00f6vl\u0259t \u0130mtahan M\u0259rk\u0259zi m\u0259lumat yay\u0131b.<\/p>\n<p>Bildirilib ki, prezidentin m\u00fcvafiq f\u0259rman\u0131na \u0259sas\u0259n, respublikan\u0131n iqtisadi rayonlar\u0131n\u0131n yeni b\u00f6lg\u00fcs\u00fc t\u0259sdiq edilib.<\/p>\n","protected":false},"excerpt":{"rendered":"<p>Yeni iqtisadi rayonlar m\u00f6vzusu co\u011frafiya f\u0259nni \u00fczr\u0259 ali t\u0259hsil m\u00fc\u0259ssis\u0259l\u0259rin\u0259 q\u0259bul proqram\u0131na daxil edilib. Bu bar\u0259d\u0259 D\u00f6vl\u0259t \u0130mtahan M\u0259rk\u0259zi m\u0259lumat yay\u0131b. Bildirilib ki, prezidentin m\u00fcvafiq f\u0259rman\u0131na \u0259sas\u0259n, respublikan\u0131n iqtisadi rayonlar\u0131n\u0131n yeni b\u00f6lg\u00fcs\u00fc t\u0259sdiq edilib.<\/p>\n","protected":false},"author":2,"featured_media":350632,"comment_status":"closed","ping_status":"closed","sticky":false,"template":"","format":"standard","meta":{"om_disable_all_campaigns":false,"_monsterinsights_skip_tracking":false,"_monsterinsights_sitenote_active":false,"_monsterinsights_sitenote_note":"","_monsterinsights_sitenote_category":0},"categories":[26],"tags":[],"aioseo_notices":[],"gutentor_comment":0,"rttpg_featured_image_url":{"full":["https:\/\/arantv.az\/wp-content\/uploads\/2021\/06\/1454588714_imtahan-2.jpg",424,262,false],"landscape":["https:\/\/arantv.az\/wp-content\/uploads\/2021\/06\/1454588714_imtahan-2.jpg",424,262,false],"portraits":["https:\/\/arantv.az\/wp-content\/uploads\/2021\/06\/1454588714_imtahan-2.jpg",424,262,false],"thumbnail":["https:\/\/arantv.az\/wp-content\/uploads\/2021\/06\/1454588714_imtahan-2.jpg",424,262,false],"medium":["https:\/\/arantv.az\/wp-content\/uploads\/2021\/06\/1454588714_imtahan-2.jpg",424,262,false],"large":["https:\/\/arantv.az\/wp-content\/uploads\/2021\/06\/1454588714_imtahan-2.jpg",424,262,false],"1536x1536":["https:\/\/arantv.az\/wp-content\/uploads\/2021\/06\/1454588714_imtahan-2.jpg",424,262,false],"2048x2048":["https:\/\/arantv.az\/wp-content\/uploads\/2021\/06\/1454588714_imtahan-2.jpg",424,262,false],"post-thumbnail":["https:\/\/arantv.az\/wp-content\/uploads\/2021\/06\/1454588714_imtahan-2-240x172.jpg",240,172,true],"advps-thumb-one":["https:\/\/arantv.az\/wp-content\/uploads\/2021\/06\/1454588714_imtahan-2.jpg",424,262,false]},"rttpg_author":{"display_name":"V\u00fcsal Rafiqo\u011flu","author_link":"https:\/\/arantv.az\/?author=2"},"rttpg_comment":0,"rttpg_category":"<a href=\"https:\/\/arantv.az\/?cat=26\" rel=\"category\">Sosial<\/a>","rttpg_excerpt":"Yeni iqtisadi rayonlar m\u00f6vzusu co\u011frafiya f\u0259nni \u00fczr\u0259 ali t\u0259hsil m\u00fc\u0259ssis\u0259l\u0259rin\u0259 q\u0259bul proqram\u0131na daxil edilib. Bu bar\u0259d\u0259 D\u00f6vl\u0259t \u0130mtahan M\u0259rk\u0259zi m\u0259lumat yay\u0131b. Bildirilib ki, prezidentin m\u00fcvafiq f\u0259rman\u0131na \u0259sas\u0259n, respublikan\u0131n iqtisadi rayonlar\u0131n\u0131n yeni b\u00f6lg\u00fcs\u00fc t\u0259sdiq edilib.","_links":{"self":[{"href":"https:\/\/arantv.az\/index.php?rest_route=\/wp\/v2\/posts\/408727"}],"collection":[{"href":"https:\/\/arantv.az\/index.php?rest_route=\/wp\/v2\/posts"}],"about":[{"href":"https:\/\/arantv.az\/index.php?rest_route=\/wp\/v2\/types\/post"}],"author":[{"embeddable":true,"href":"https:\/\/arantv.az\/index.php?rest_route=\/wp\/v2\/users\/2"}],"replies":[{"embeddable":true,"href":"https:\/\/arantv.az\/index.php?rest_route=%2Fwp%2Fv2%2Fcomments&post=408727"}],"version-history":[{"count":0,"href":"https:\/\/arantv.az\/index.php?rest_route=\/wp\/v2\/posts\/408727\/revisions"}],"wp:featuredmedia":[{"embeddable":true,"href":"https:\/\/arantv.az\/index.php?rest_route=\/wp\/v2\/media\/350632"}],"wp:attachment":[{"href":"https:\/\/arantv.az\/index.php?rest_route=%2Fwp%2Fv2%2Fmedia&parent=408727"}],"wp:term":[{"taxonomy":"category","embeddable":true,"href":"https:\/\/arantv.az\/index.php?rest_route=%2Fwp%2Fv2%2Fcategories&post=408727"},{"taxonomy":"post_tag","embeddable":true,"href":"https:\/\/arantv.az\/index.php?rest_route=%2Fwp%2Fv2%2Ftags&post=408727"}],"curies":[{"name":"wp","href":"https:\/\/api.w.org\/{rel}","templated":true}]}}