{"id":408729,"date":"2021-11-26T12:06:59","date_gmt":"2021-11-26T09:06:59","guid":{"rendered":"http:\/\/arantv.az\/?p=408729"},"modified":"2021-11-26T12:06:59","modified_gmt":"2021-11-26T09:06:59","slug":"pasinyan-etiraf-etdi-qarabag-az%c9%99rbaycanindir-z%c9%99ng%c9%99zur-d%c9%99hlizin%c9%99-%c9%99ng%c9%99l-olacaq-gucumuz-yoxdur","status":"publish","type":"post","link":"https:\/\/arantv.az\/?p=408729","title":{"rendered":"Pa\u015finyan etiraf etdi: Qaraba\u011f Az\u0259rbaycan\u0131nd\u0131r, Z\u0259ng\u0259zur d\u0259hlizin\u0259 \u0259ng\u0259l olacaq g\u00fcc\u00fcm\u00fcz yoxdur"},"content":{"rendered":"<p>\u00d6t\u0259n g\u00fcn Erm\u0259nistan Ba\u015f naziri Nikol Pa\u015finyan Z\u0259ng\u0259zurun icra orqanlar\u0131n\u0131n r\u0259hb\u0259rl\u0259ri il\u0259 g\u00f6r\u00fc\u015f ke\u00e7irib.<\/p>\n<p>Erm\u0259nistan\u0131n \u201cHraparak\u201d q\u0259zetinin m\u0259lumat\u0131na g\u00f6r\u0259, g\u00f6r\u00fc\u015f zaman\u0131 Nikol Pa\u015finyan Qaraba\u011fla ba\u011fl\u0131 etiraflar s\u0259sl\u0259ndirib.<\/p>\n<p>O, Qaraba\u011f\u0131n Az\u0259rbaycan\u0131n oldu\u011funu s\u00f6yl\u0259yib v\u0259 g\u00f6r\u00fc\u015fd\u0259 i\u015ftirak ed\u0259nl\u0259rd\u0259n d\u0259 bu fikri q\u0259bul etm\u0259l\u0259rini ist\u0259yib.<\/p>\n<div id=\"AdviadNativeVideo0\" class=\"AdviadNativeVideo\"><\/div>\n<p>\u201cQaraba\u011f Az\u0259rbaycan\u0131nd\u0131r, bizi 30 il \u0259rzind\u0259 aldad\u0131blar, m\u0259s\u0259l\u0259nin sonu da ba\u015f ver\u0259nl\u0259r kimi olmal\u0131yd\u0131\u201d, &#8211; dey\u0259 o qeyd edib.<\/p>\n<p>G\u00f6r\u00fc\u015f \u00e7\u0259r\u00e7iv\u0259sind\u0259 Nikol Pa\u015finyan\u0131n erm\u0259ni ictimaiyy\u0259tind\u0259 sensasiya kimi qar\u015f\u0131lanan daha bir etiraf\u0131 da diqq\u0259td\u0259n yay\u0131nmay\u0131b. O, faktiki olaraq Erm\u0259nistan\u0131n Z\u0259ng\u0259zur d\u0259hlizinin a\u00e7\u0131lmas\u0131na \u0259ng\u0259l olacaq g\u00fccd\u0259 olmad\u0131\u011f\u0131n\u0131 etiraf edib.<\/p>\n<p>N\u0259\u015fr qeyd edir ki, Nikol Pa\u015finyan g\u00f6r\u00fc\u015f zaman\u0131 \u00f6lk\u0259sinin yollar\u0131 ba\u011flaya bilm\u0259y\u0259c\u0259yini, Az\u0259rbaycana Nax\u00e7\u0131vana gedi\u015f-g\u0259li\u015f \u00fc\u00e7\u00fcn yol verm\u0259y\u0259 m\u0259cbur oldu\u011funu\u00a0vur\u011fulay\u0131b. \u00c7\u00fcnki Az\u0259rbaycan Prezidenti \u0130lham \u018fliyev bu m\u0259s\u0259l\u0259ni h\u0259rb yolu il\u0259 d\u0259 h\u0259ll ed\u0259 bil\u0259r.<\/p>\n<p>\u201cBizim is\u0259 buna m\u00fcqavim\u0259t g\u00f6st\u0259rm\u0259k \u00fc\u00e7\u00fcn resurslar\u0131m\u0131z yoxdur\u201d, &#8211; dey\u0259 N.Pa\u015finyan bildirib.<\/p>\n","protected":false},"excerpt":{"rendered":"<p>\u00d6t\u0259n g\u00fcn Erm\u0259nistan Ba\u015f naziri Nikol Pa\u015finyan Z\u0259ng\u0259zurun icra orqanlar\u0131n\u0131n r\u0259hb\u0259rl\u0259ri il\u0259 g\u00f6r\u00fc\u015f ke\u00e7irib. Erm\u0259nistan\u0131n \u201cHraparak\u201d q\u0259zetinin m\u0259lumat\u0131na g\u00f6r\u0259, g\u00f6r\u00fc\u015f zaman\u0131 Nikol Pa\u015finyan Qaraba\u011fla ba\u011fl\u0131 etiraflar s\u0259sl\u0259ndirib. O, Qaraba\u011f\u0131n Az\u0259rbaycan\u0131n oldu\u011funu s\u00f6yl\u0259yib v\u0259 g\u00f6r\u00fc\u015fd\u0259 i\u015ftirak ed\u0259nl\u0259rd\u0259n d\u0259 bu fikri q\u0259bul etm\u0259l\u0259rini ist\u0259yib. \u201cQaraba\u011f Az\u0259rbaycan\u0131nd\u0131r, bizi 30 il \u0259rzind\u0259 aldad\u0131blar, m\u0259s\u0259l\u0259nin sonu da ba\u015f ver\u0259nl\u0259r kimi olmal\u0131yd\u0131\u201d, &#8211; dey\u0259 o qeyd edib. G\u00f6r\u00fc\u015f \u00e7\u0259r\u00e7iv\u0259sind\u0259 Nikol Pa\u015finyan\u0131n erm\u0259ni ictimaiyy\u0259tind\u0259 sensasiya kimi qar\u015f\u0131lanan daha bir etiraf\u0131 da diqq\u0259td\u0259n yay\u0131nmay\u0131b. O, faktiki olaraq Erm\u0259nistan\u0131n Z\u0259ng\u0259zur d\u0259hlizinin a\u00e7\u0131lmas\u0131na \u0259ng\u0259l olacaq g\u00fccd\u0259 olmad\u0131\u011f\u0131n\u0131 etiraf edib. N\u0259\u015fr&hellip;<\/p>\n","protected":false},"author":2,"featured_media":408730,"comment_status":"closed","ping_status":"closed","sticky":false,"template":"","format":"standard","meta":{"om_disable_all_campaigns":false,"_monsterinsights_skip_tracking":false,"_monsterinsights_sitenote_active":false,"_monsterinsights_sitenote_note":"","_monsterinsights_sitenote_category":0},"categories":[4],"tags":[],"aioseo_notices":[],"gutentor_comment":0,"rttpg_featured_image_url":{"full":["https:\/\/arantv.az\/wp-content\/uploads\/2021\/11\/FotoJet-66-3.jpg",620,413,false],"landscape":["https:\/\/arantv.az\/wp-content\/uploads\/2021\/11\/FotoJet-66-3.jpg",620,413,false],"portraits":["https:\/\/arantv.az\/wp-content\/uploads\/2021\/11\/FotoJet-66-3.jpg",620,413,false],"thumbnail":["https:\/\/arantv.az\/wp-content\/uploads\/2021\/11\/FotoJet-66-3-500x280.jpg",500,280,true],"medium":["https:\/\/arantv.az\/wp-content\/uploads\/2021\/11\/FotoJet-66-3-548x365.jpg",548,365,true],"large":["https:\/\/arantv.az\/wp-content\/uploads\/2021\/11\/FotoJet-66-3.jpg",620,413,false],"1536x1536":["https:\/\/arantv.az\/wp-content\/uploads\/2021\/11\/FotoJet-66-3.jpg",620,413,false],"2048x2048":["https:\/\/arantv.az\/wp-content\/uploads\/2021\/11\/FotoJet-66-3.jpg",620,413,false],"post-thumbnail":["https:\/\/arantv.az\/wp-content\/uploads\/2021\/11\/FotoJet-66-3-240x172.jpg",240,172,true],"advps-thumb-one":["https:\/\/arantv.az\/wp-content\/uploads\/2021\/11\/FotoJet-66-3.jpg",620,413,false]},"rttpg_author":{"display_name":"V\u00fcsal Rafiqo\u011flu","author_link":"https:\/\/arantv.az\/?author=2"},"rttpg_comment":0,"rttpg_category":"<a href=\"https:\/\/arantv.az\/?cat=4\" rel=\"category\">Siyas\u0259t<\/a>","rttpg_excerpt":"\u00d6t\u0259n g\u00fcn Erm\u0259nistan Ba\u015f naziri Nikol Pa\u015finyan Z\u0259ng\u0259zurun icra orqanlar\u0131n\u0131n r\u0259hb\u0259rl\u0259ri il\u0259 g\u00f6r\u00fc\u015f ke\u00e7irib. Erm\u0259nistan\u0131n \u201cHraparak\u201d q\u0259zetinin m\u0259lumat\u0131na g\u00f6r\u0259, g\u00f6r\u00fc\u015f zaman\u0131 Nikol Pa\u015finyan Qaraba\u011fla ba\u011fl\u0131 etiraflar s\u0259sl\u0259ndirib. O, Qaraba\u011f\u0131n Az\u0259rbaycan\u0131n oldu\u011funu s\u00f6yl\u0259yib v\u0259 g\u00f6r\u00fc\u015fd\u0259 i\u015ftirak ed\u0259nl\u0259rd\u0259n d\u0259 bu fikri q\u0259bul etm\u0259l\u0259rini ist\u0259yib. \u201cQaraba\u011f Az\u0259rbaycan\u0131nd\u0131r, bizi 30 il \u0259rzind\u0259 aldad\u0131blar, m\u0259s\u0259l\u0259nin sonu da ba\u015f ver\u0259nl\u0259r kimi&hellip;","_links":{"self":[{"href":"https:\/\/arantv.az\/index.php?rest_route=\/wp\/v2\/posts\/408729"}],"collection":[{"href":"https:\/\/arantv.az\/index.php?rest_route=\/wp\/v2\/posts"}],"about":[{"href":"https:\/\/arantv.az\/index.php?rest_route=\/wp\/v2\/types\/post"}],"author":[{"embeddable":true,"href":"https:\/\/arantv.az\/index.php?rest_route=\/wp\/v2\/users\/2"}],"replies":[{"embeddable":true,"href":"https:\/\/arantv.az\/index.php?rest_route=%2Fwp%2Fv2%2Fcomments&post=408729"}],"version-history":[{"count":0,"href":"https:\/\/arantv.az\/index.php?rest_route=\/wp\/v2\/posts\/408729\/revisions"}],"wp:featuredmedia":[{"embeddable":true,"href":"https:\/\/arantv.az\/index.php?rest_route=\/wp\/v2\/media\/408730"}],"wp:attachment":[{"href":"https:\/\/arantv.az\/index.php?rest_route=%2Fwp%2Fv2%2Fmedia&parent=408729"}],"wp:term":[{"taxonomy":"category","embeddable":true,"href":"https:\/\/arantv.az\/index.php?rest_route=%2Fwp%2Fv2%2Fcategories&post=408729"},{"taxonomy":"post_tag","embeddable":true,"href":"https:\/\/arantv.az\/index.php?rest_route=%2Fwp%2Fv2%2Ftags&post=408729"}],"curies":[{"name":"wp","href":"https:\/\/api.w.org\/{rel}","templated":true}]}}