{"id":408735,"date":"2021-11-26T12:11:29","date_gmt":"2021-11-26T09:11:29","guid":{"rendered":"http:\/\/arantv.az\/?p=408735"},"modified":"2021-11-26T12:11:29","modified_gmt":"2021-11-26T09:11:29","slug":"pasinyan-qarabagin-az%c9%99rbaycana-m%c9%99xsus-oldugunu-etiraf-edib","status":"publish","type":"post","link":"https:\/\/arantv.az\/?p=408735","title":{"rendered":"Pa\u015finyan Qaraba\u011f\u0131n Az\u0259rbaycana m\u0259xsus oldu\u011funu etiraf edib"},"content":{"rendered":"<p>Erm\u0259nistan\u0131n Ba\u015f naziri Nikol Pa\u015finyan So\u00e7id\u0259 \u00fc\u00e7t\u0259r\u0259fli g\u00f6r\u00fc\u015f \u0259r\u0259f\u0259sind\u0259 Qaraba\u011f\u0131n Az\u0259rbaycana m\u0259xsus oldu\u011funu etiraf edib.<\/p>\n<p><strong>ARANTV.AZ\u00a0<\/strong> \u201cHraparak\u201d q\u0259zetin\u0259 istinad\u0259n x\u0259b\u0259r verir ki, h\u00f6kum\u0259t ba\u015f\u00e7\u0131s\u0131 \u00f6lk\u0259sinin Z\u0259ng\u0259zur icmalar\u0131n\u0131n r\u0259hb\u0259rl\u0259ri il\u0259 g\u00f6r\u00fc\u015f\u00fcb.<\/p>\n<p>N.Pa\u015finyan g\u00f6r\u00fc\u015fd\u0259 \u0130kinci Qaraba\u011f m\u00fcharib\u0259sind\u0259n sonra b\u00f6lg\u0259d\u0259 yaranm\u0131\u015f durumdan dan\u0131\u015f\u0131b.<\/p>\n<p>\u201cBiz otuz il \u00f6z\u00fcm\u00fcz\u00fc aldatd\u0131q v\u0259 n\u0259hay\u0259t, indi ba\u015f ver\u0259nl\u0259r oldu\u201d, &#8211; Ba\u015f nazir vur\u011fulay\u0131b.<\/p>\n<p>O bildirib ki, Erm\u0259nistan Z\u0259ng\u0259zur yolunu ba\u011flaya bilm\u0259z. \u201c\u00c7\u00fcnki, Az\u0259rbaycan buna h\u0259rbi yolla nail olma\u011fa \u00e7al\u0131\u015facaq. Bizim is\u0259 qar\u015f\u0131durma \u00fc\u00e7\u00fcn resursumuz yoxdur\u201d.<\/p>\n<p>Qeyd ed\u0259k ki, bu g\u00fcn So\u00e7id\u0259 Az\u0259rbaycan Prezidenti \u0130lham \u018fliyev, Rusiyan\u0131n d\u00f6vl\u0259t ba\u015f\u00e7\u0131s\u0131 Vladimir Putin v\u0259 Erm\u0259nistan\u0131n Ba\u015f naziri Nikol Pa\u015finyan aras\u0131nda g\u00f6r\u00fc\u015f ke\u00e7iril\u0259c\u0259k. V.Putinin t\u0259\u015f\u0259bb\u00fcs\u00fc il\u0259 ke\u00e7iril\u0259c\u0259k g\u00f6r\u00fc\u015f 2020-ci il noyabr\u0131n 10-da imzalanan \u00fc\u00e7t\u0259r\u0259fli b\u0259yanat\u0131n birinci ild\u00f6n\u00fcm\u00fcn\u0259 h\u0259sr edilib.<\/p>\n<p>G\u00f6r\u00fc\u015fd\u0259 sabitliyin g\u00fccl\u0259nm\u0259si istiqam\u0259tind\u0259 at\u0131lacaq add\u0131mlar v\u0259 Qaraba\u011fda dinc h\u0259yat\u0131n b\u0259rq\u0259rar olmas\u0131na dair m\u0259s\u0259l\u0259l\u0259r m\u00fczakir\u0259 edil\u0259c\u0259k.<\/p>\n","protected":false},"excerpt":{"rendered":"<p>Erm\u0259nistan\u0131n Ba\u015f naziri Nikol Pa\u015finyan So\u00e7id\u0259 \u00fc\u00e7t\u0259r\u0259fli g\u00f6r\u00fc\u015f \u0259r\u0259f\u0259sind\u0259 Qaraba\u011f\u0131n Az\u0259rbaycana m\u0259xsus oldu\u011funu etiraf edib. ARANTV.AZ\u00a0 \u201cHraparak\u201d q\u0259zetin\u0259 istinad\u0259n x\u0259b\u0259r verir ki, h\u00f6kum\u0259t ba\u015f\u00e7\u0131s\u0131 \u00f6lk\u0259sinin Z\u0259ng\u0259zur icmalar\u0131n\u0131n r\u0259hb\u0259rl\u0259ri il\u0259 g\u00f6r\u00fc\u015f\u00fcb. N.Pa\u015finyan g\u00f6r\u00fc\u015fd\u0259 \u0130kinci Qaraba\u011f m\u00fcharib\u0259sind\u0259n sonra b\u00f6lg\u0259d\u0259 yaranm\u0131\u015f durumdan dan\u0131\u015f\u0131b. \u201cBiz otuz il \u00f6z\u00fcm\u00fcz\u00fc aldatd\u0131q v\u0259 n\u0259hay\u0259t, indi ba\u015f ver\u0259nl\u0259r oldu\u201d, &#8211; Ba\u015f nazir vur\u011fulay\u0131b. O bildirib ki, Erm\u0259nistan Z\u0259ng\u0259zur yolunu ba\u011flaya bilm\u0259z. \u201c\u00c7\u00fcnki, Az\u0259rbaycan buna h\u0259rbi yolla nail olma\u011fa \u00e7al\u0131\u015facaq. Bizim is\u0259 qar\u015f\u0131durma \u00fc\u00e7\u00fcn resursumuz yoxdur\u201d. Qeyd ed\u0259k ki, bu g\u00fcn So\u00e7id\u0259 Az\u0259rbaycan Prezidenti \u0130lham \u018fliyev, Rusiyan\u0131n d\u00f6vl\u0259t ba\u015f\u00e7\u0131s\u0131&hellip;<\/p>\n","protected":false},"author":2,"featured_media":408736,"comment_status":"closed","ping_status":"closed","sticky":false,"template":"","format":"standard","meta":{"om_disable_all_campaigns":false,"_monsterinsights_skip_tracking":false,"_monsterinsights_sitenote_active":false,"_monsterinsights_sitenote_note":"","_monsterinsights_sitenote_category":0},"categories":[4],"tags":[],"aioseo_notices":[],"gutentor_comment":0,"rttpg_featured_image_url":{"full":["https:\/\/arantv.az\/wp-content\/uploads\/2021\/11\/2122c699163784791529321152610038415.jpg",975,540,false],"landscape":["https:\/\/arantv.az\/wp-content\/uploads\/2021\/11\/2122c699163784791529321152610038415.jpg",975,540,false],"portraits":["https:\/\/arantv.az\/wp-content\/uploads\/2021\/11\/2122c699163784791529321152610038415.jpg",975,540,false],"thumbnail":["https:\/\/arantv.az\/wp-content\/uploads\/2021\/11\/2122c699163784791529321152610038415-500x280.jpg",500,280,true],"medium":["https:\/\/arantv.az\/wp-content\/uploads\/2021\/11\/2122c699163784791529321152610038415-660x365.jpg",660,365,true],"large":["https:\/\/arantv.az\/wp-content\/uploads\/2021\/11\/2122c699163784791529321152610038415-840x465.jpg",640,354,true],"1536x1536":["https:\/\/arantv.az\/wp-content\/uploads\/2021\/11\/2122c699163784791529321152610038415.jpg",975,540,false],"2048x2048":["https:\/\/arantv.az\/wp-content\/uploads\/2021\/11\/2122c699163784791529321152610038415.jpg",975,540,false],"post-thumbnail":["https:\/\/arantv.az\/wp-content\/uploads\/2021\/11\/2122c699163784791529321152610038415-240x172.jpg",240,172,true],"advps-thumb-one":["https:\/\/arantv.az\/wp-content\/uploads\/2021\/11\/2122c699163784791529321152610038415.jpg",975,540,false]},"rttpg_author":{"display_name":"V\u00fcsal Rafiqo\u011flu","author_link":"https:\/\/arantv.az\/?author=2"},"rttpg_comment":0,"rttpg_category":"<a href=\"https:\/\/arantv.az\/?cat=4\" rel=\"category\">Siyas\u0259t<\/a>","rttpg_excerpt":"Erm\u0259nistan\u0131n Ba\u015f naziri Nikol Pa\u015finyan So\u00e7id\u0259 \u00fc\u00e7t\u0259r\u0259fli g\u00f6r\u00fc\u015f \u0259r\u0259f\u0259sind\u0259 Qaraba\u011f\u0131n Az\u0259rbaycana m\u0259xsus oldu\u011funu etiraf edib. ARANTV.AZ\u00a0 \u201cHraparak\u201d q\u0259zetin\u0259 istinad\u0259n x\u0259b\u0259r verir ki, h\u00f6kum\u0259t ba\u015f\u00e7\u0131s\u0131 \u00f6lk\u0259sinin Z\u0259ng\u0259zur icmalar\u0131n\u0131n r\u0259hb\u0259rl\u0259ri il\u0259 g\u00f6r\u00fc\u015f\u00fcb. N.Pa\u015finyan g\u00f6r\u00fc\u015fd\u0259 \u0130kinci Qaraba\u011f m\u00fcharib\u0259sind\u0259n sonra b\u00f6lg\u0259d\u0259 yaranm\u0131\u015f durumdan dan\u0131\u015f\u0131b. \u201cBiz otuz il \u00f6z\u00fcm\u00fcz\u00fc aldatd\u0131q v\u0259 n\u0259hay\u0259t, indi ba\u015f ver\u0259nl\u0259r oldu\u201d, &#8211; Ba\u015f nazir vur\u011fulay\u0131b.&hellip;","_links":{"self":[{"href":"https:\/\/arantv.az\/index.php?rest_route=\/wp\/v2\/posts\/408735"}],"collection":[{"href":"https:\/\/arantv.az\/index.php?rest_route=\/wp\/v2\/posts"}],"about":[{"href":"https:\/\/arantv.az\/index.php?rest_route=\/wp\/v2\/types\/post"}],"author":[{"embeddable":true,"href":"https:\/\/arantv.az\/index.php?rest_route=\/wp\/v2\/users\/2"}],"replies":[{"embeddable":true,"href":"https:\/\/arantv.az\/index.php?rest_route=%2Fwp%2Fv2%2Fcomments&post=408735"}],"version-history":[{"count":0,"href":"https:\/\/arantv.az\/index.php?rest_route=\/wp\/v2\/posts\/408735\/revisions"}],"wp:featuredmedia":[{"embeddable":true,"href":"https:\/\/arantv.az\/index.php?rest_route=\/wp\/v2\/media\/408736"}],"wp:attachment":[{"href":"https:\/\/arantv.az\/index.php?rest_route=%2Fwp%2Fv2%2Fmedia&parent=408735"}],"wp:term":[{"taxonomy":"category","embeddable":true,"href":"https:\/\/arantv.az\/index.php?rest_route=%2Fwp%2Fv2%2Fcategories&post=408735"},{"taxonomy":"post_tag","embeddable":true,"href":"https:\/\/arantv.az\/index.php?rest_route=%2Fwp%2Fv2%2Ftags&post=408735"}],"curies":[{"name":"wp","href":"https:\/\/api.w.org\/{rel}","templated":true}]}}