{"id":408744,"date":"2021-11-26T12:17:55","date_gmt":"2021-11-26T09:17:55","guid":{"rendered":"http:\/\/arantv.az\/?p=408744"},"modified":"2021-11-26T12:17:55","modified_gmt":"2021-11-26T09:17:55","slug":"z%c9%99ng%c9%99zur-toponimi-bilavasit%c9%99-turk-tayfasi-olan-z%c9%99ngil%c9%99rin-adi-il%c9%99-baglidir-tarixcil%c9%99r","status":"publish","type":"post","link":"https:\/\/arantv.az\/?p=408744","title":{"rendered":"Z\u0259ng\u0259zur toponimi bilavasit\u0259 t\u00fcrk tayfas\u0131 olan z\u0259ngil\u0259rin ad\u0131 il\u0259 ba\u011fl\u0131d\u0131r &#8211; Tarix\u00e7il\u0259r"},"content":{"rendered":"<p>Bir m\u00fcdd\u0259t \u0259vv\u0259l Erm\u0259nistan\u0131n ba\u015f naziri Nikol Pa\u015finyan Z\u0259ng\u0259zur d\u0259hlizi v\u0259 ya \u015e\u0259rqi-Z\u0259ng\u0259zur adlar\u0131n\u0131n Az\u0259rbaycan\u0131n uydurmas\u0131 oldu\u011fu bar\u0259d\u0259 \u0259sass\u0131z iddialarla \u00e7\u0131x\u0131\u015f edib. Tarix\u00e7il\u0259r Pa\u015finyan\u0131n ittihamlar\u0131n\u0131n he\u00e7 bir tarixi fakta dayanmad\u0131\u011f\u0131n\u0131 qeyd edirl\u0259r.<\/p>\n<p>Bu bar\u0259d\u0259\u00a0<a href=\"http:\/\/trend.az\/\" target=\"_blank\" rel=\"noopener\">Trend<\/a>-\u0259 a\u00e7\u0131qlama ver\u0259n tarix\u00e7i-alim\u00a0Tofiq N\u0259c\u0259fli\u00a0Z\u0259ng\u0259zurun Az\u0259rbaycan t\u00fcrkl\u0259rinin ad\u0131 il\u0259 ba\u011fl\u0131 oldu\u011funu v\u0259 sonradan \u0259razinin ad\u0131n\u0131n &#8220;S\u00fcnik&#8221; edildiyini bildirib.<\/p>\n<p>&#8220;Z\u0259ng\u0259zur tarixi ad\u0131 orta \u0259srl\u0259rin ilkin qaynaqlar\u0131nda, Osmanl\u0131-S\u0259f\u0259vi m\u00fcharib\u0259si d\u00f6vr\u00fcnd\u0259 osmanl\u0131lar\u0131n t\u0259rtib etdikl\u0259ri t\u0259hlil d\u0259ft\u0259rl\u0259rind\u0259 rast g\u0259linir v\u0259 bu ad\u0131n Az\u0259rbaycan t\u00fcrkl\u0259rinin tarixi il\u0259 ba\u011fl\u0131 oldu\u011fu vur\u011fulan\u0131r. Maraql\u0131d\u0131r ki, bu tarixi yerin ad\u0131 bilavasit\u0259 t\u00fcrk tayfas\u0131 olan z\u0259ngi tayfas\u0131 il\u0259 ba\u011fl\u0131d\u0131r. N\u0259inki Qaraba\u011f\u0131n c\u0259nub-q\u0259rbind\u0259, el\u0259c\u0259 d\u0259 \u0130r\u0259van b\u00f6lg\u0259sind\u0259 Z\u0259ngi \u00e7ay\u0131n\u0131n olmas\u0131, z\u0259ngi tayfalar\u0131n\u0131n ya\u015famas\u0131na dair faktlar var. XII-XIII \u0259srd\u0259 indiki Z\u0259ngilan \u0259razisind\u0259 Z\u0259ngiyan adl\u0131 tarixi yer ad\u0131n\u0131n olmas\u0131 da z\u0259ngi tayfas\u0131 il\u0259 ba\u011fl\u0131d\u0131r. Y\u0259ni, b\u00f6lg\u0259nin tarixi-co\u011frafiyas\u0131na n\u0259z\u0259r salsaq, bir daha \u015fahid olar\u0131q ki, bu b\u00f6lg\u0259d\u0259 m\u0259hz Az\u0259rbaycan t\u00fcrkl\u0259ri ya\u015fay\u0131b v\u0259 tarix\u0259n h\u0259min b\u00f6lg\u0259 Az\u0259rbaycan\u0131n dig\u0259r regionlar\u0131 il\u0259 s\u0131x t\u0259masda olub. Bunun erm\u0259nil\u0259rl\u0259 he\u00e7 bir ba\u011fl\u0131l\u0131\u011f\u0131 yoxdur&#8221; &#8211; dey\u0259 tarix\u00e7i qeyd edib.<\/p>\n<p>T.N\u0259c\u0259fli erm\u0259nil\u0259rin bu \u0259razil\u0259r\u0259 k\u00f6\u00e7\u00fcr\u00fclm\u0259si v\u0259 kompakt \u015f\u0259kild\u0259 ya\u015famas\u0131n\u0131n is\u0259 \u015f\u00fcbh\u0259siz ki, XIX \u0259srl\u0259 ba\u011fl\u0131 oldu\u011funu deyib.<\/p>\n<p>&#8220;1828-ci il T\u00fcrkm\u0259n\u00e7ay m\u00fcqavil\u0259sind\u0259n sonra biz h\u0259m \u0130r\u0259van b\u00f6lg\u0259sind\u0259, h\u0259m Nax\u00e7\u0131van v\u0259 Qaraba\u011fda Osmanl\u0131 imperiyas\u0131n\u0131n \u0259razisind\u0259n, \u0130randan erm\u0259nil\u0259rin \u00e7ar Rusiyas\u0131 t\u0259r\u0259find\u0259n k\u00fctl\u0259vi \u015f\u0259kild\u0259 k\u00f6\u00e7\u00fcr\u00fclm\u0259sini g\u00f6r\u00fcr\u00fck. O vaxtdan h\u0259min b\u00f6lg\u0259l\u0259rd\u0259 erm\u0259ni k\u0259ndl\u0259rinin say\u0131n\u0131n artmas\u0131, eyni zamanda S\u0259f\u0259vi-Osmanl\u0131 m\u00fcharib\u0259si zaman\u0131 bo\u015falm\u0131\u015f k\u0259ndl\u0259r\u0259 erm\u0259nil\u0259rin yerl\u0259\u015fdirilm\u0259si d\u00f6vr\u00fcn qaynaqlar\u0131nda var. Buna baxmayaraq yen\u0259 d\u0259 k\u0259ndl\u0259rin adlar\u0131 uzun m\u00fcdd\u0259t Az\u0259rbaycan ad\u0131 kimi saxlan\u0131l\u0131b. Bu, bir daha g\u00f6st\u0259rir ki, son d\u00f6vrl\u0259rd\u0259 Erm\u0259nistan r\u0259hb\u0259rliyinin h\u0259min b\u00f6lg\u0259nin Az\u0259rbaycanla \u0259laq\u0259sinin olmamas\u0131n\u0131 dil\u0259 g\u0259tirm\u0259sinin he\u00e7 bir \u0259sas\u0131 yoxdur. M\u0259lumdur ki, XX \u0259vv\u0259ll\u0259rind\u0259 erm\u0259nil\u0259rin b\u00f6lg\u0259mizd\u0259 t\u00f6r\u0259tdikl\u0259r soyq\u0131r\u0131mlar zaman\u0131 minl\u0259rl\u0259 az\u0259rbaycan t\u00fcrk\u00fc ya\u015fad\u0131\u011f\u0131 yeri t\u0259rk etm\u0259k m\u0259cburiyy\u0259tind\u0259 qal\u0131b, k\u0259ndl\u0259rimizin adlar\u0131 is\u0259 Erm\u0259nistan ali sovetinin q\u0259rar\u0131 il\u0259 d\u0259yi\u015fdirilib. \u015e\u00fcbh\u0259siz biz bu m\u0259s\u0259l\u0259l\u0259ri sovet d\u00f6vr\u00fc tarixi \u0259d\u0259biyyat\u0131ndan da qald\u0131rd\u0131qda, m\u00fc\u015fahid\u0259 ed\u0259 bil\u0259rik&#8221; &#8211; dey\u0259 o \u0259lav\u0259 edib.<\/p>\n<p>BDU-nun Tarix fak\u00fclt\u0259si, Erm\u0259ni Ara\u015fd\u0131rmalar\u0131 elmi-t\u0259dqiqat v\u0259 T\u0259dris M\u0259rk\u0259zinin B\u00f6y\u00fck Elmi \u0130\u015f\u00e7isi\u00a0\u0130smay\u0131l Tanr\u0131verdi\u00a0is\u0259 deyib ki, erm\u0259nil\u0259rin h\u0259r \u015feyi \u00f6zl\u0259rin\u0259 aid etm\u0259k ist\u0259m\u0259l\u0259ri onlar\u0131n eqoistliyind\u0259n ir\u0259li g\u0259lir.<\/p>\n<p>&#8220;\u018fslind\u0259 b\u0259zi erm\u0259ni tarix\u00e7il\u0259r d\u0259 etiraf edir ki, S\u00fcnik adland\u0131rd\u0131qlar\u0131 \u0259razi vaxtil\u0259 Az\u0259rbaycan\u0131n olub. Sad\u0259c\u0259, son d\u00f6vrl\u0259rd\u0259 tamam \u00e7a\u015f-ba\u015f qal\u0131blar. Art\u0131q n\u0259 dedikl\u0259rini bel\u0259 bilmirl\u0259r. Erm\u0259nistan\u0131n he\u00e7 &#8220;Coca-Cola&#8221; q\u0259d\u0259r tarixi yoxdur. 1830-cu ild\u0259 Qafqazdak\u0131 alban kils\u0259l\u0259rinin erm\u0259nil\u0259\u015fdirilm\u0259si il\u0259 ba\u011fl\u0131 \u00e7ar Rusiyas\u0131n\u0131n verdiyi q\u0259rar\u0131 onlara s\u00fcbut etm\u0259k laz\u0131md\u0131r. Bu istiqam\u0259td\u0259 ideoloji i\u015fi geni\u015fl\u0259ndirm\u0259liyik. Onlar yalan-palan n\u0259 varsa, \u00f6z tarixl\u0259rin\u0259 uydurma\u011fa \u00f6yr\u0259\u015fibl\u0259r&#8221;.<\/p>\n","protected":false},"excerpt":{"rendered":"<p>Bir m\u00fcdd\u0259t \u0259vv\u0259l Erm\u0259nistan\u0131n ba\u015f naziri Nikol Pa\u015finyan Z\u0259ng\u0259zur d\u0259hlizi v\u0259 ya \u015e\u0259rqi-Z\u0259ng\u0259zur adlar\u0131n\u0131n Az\u0259rbaycan\u0131n uydurmas\u0131 oldu\u011fu bar\u0259d\u0259 \u0259sass\u0131z iddialarla \u00e7\u0131x\u0131\u015f edib. Tarix\u00e7il\u0259r Pa\u015finyan\u0131n ittihamlar\u0131n\u0131n he\u00e7 bir tarixi fakta dayanmad\u0131\u011f\u0131n\u0131 qeyd edirl\u0259r. Bu bar\u0259d\u0259\u00a0Trend-\u0259 a\u00e7\u0131qlama ver\u0259n tarix\u00e7i-alim\u00a0Tofiq N\u0259c\u0259fli\u00a0Z\u0259ng\u0259zurun Az\u0259rbaycan t\u00fcrkl\u0259rinin ad\u0131 il\u0259 ba\u011fl\u0131 oldu\u011funu v\u0259 sonradan \u0259razinin ad\u0131n\u0131n &#8220;S\u00fcnik&#8221; edildiyini bildirib. &#8220;Z\u0259ng\u0259zur tarixi ad\u0131 orta \u0259srl\u0259rin ilkin qaynaqlar\u0131nda, Osmanl\u0131-S\u0259f\u0259vi m\u00fcharib\u0259si d\u00f6vr\u00fcnd\u0259 osmanl\u0131lar\u0131n t\u0259rtib etdikl\u0259ri t\u0259hlil d\u0259ft\u0259rl\u0259rind\u0259 rast g\u0259linir v\u0259 bu ad\u0131n Az\u0259rbaycan t\u00fcrkl\u0259rinin tarixi il\u0259 ba\u011fl\u0131 oldu\u011fu vur\u011fulan\u0131r. Maraql\u0131d\u0131r ki, bu tarixi yerin ad\u0131 bilavasit\u0259 t\u00fcrk tayfas\u0131 olan z\u0259ngi tayfas\u0131&hellip;<\/p>\n","protected":false},"author":2,"featured_media":408745,"comment_status":"closed","ping_status":"closed","sticky":false,"template":"","format":"standard","meta":{"om_disable_all_campaigns":false,"_monsterinsights_skip_tracking":false,"_monsterinsights_sitenote_active":false,"_monsterinsights_sitenote_note":"","_monsterinsights_sitenote_category":0},"categories":[19],"tags":[],"aioseo_notices":[],"gutentor_comment":0,"rttpg_featured_image_url":{"full":["https:\/\/arantv.az\/wp-content\/uploads\/2021\/11\/999020.jpg",800,600,false],"landscape":["https:\/\/arantv.az\/wp-content\/uploads\/2021\/11\/999020.jpg",800,600,false],"portraits":["https:\/\/arantv.az\/wp-content\/uploads\/2021\/11\/999020.jpg",800,600,false],"thumbnail":["https:\/\/arantv.az\/wp-content\/uploads\/2021\/11\/999020-500x280.jpg",500,280,true],"medium":["https:\/\/arantv.az\/wp-content\/uploads\/2021\/11\/999020-487x365.jpg",487,365,true],"large":["https:\/\/arantv.az\/wp-content\/uploads\/2021\/11\/999020.jpg",640,480,false],"1536x1536":["https:\/\/arantv.az\/wp-content\/uploads\/2021\/11\/999020.jpg",800,600,false],"2048x2048":["https:\/\/arantv.az\/wp-content\/uploads\/2021\/11\/999020.jpg",800,600,false],"post-thumbnail":["https:\/\/arantv.az\/wp-content\/uploads\/2021\/11\/999020-240x172.jpg",240,172,true],"advps-thumb-one":["https:\/\/arantv.az\/wp-content\/uploads\/2021\/11\/999020.jpg",800,600,false]},"rttpg_author":{"display_name":"V\u00fcsal Rafiqo\u011flu","author_link":"https:\/\/arantv.az\/?author=2"},"rttpg_comment":0,"rttpg_category":"<a href=\"https:\/\/arantv.az\/?cat=19\" rel=\"category\">G\u00fcnd\u0259m<\/a>","rttpg_excerpt":"Bir m\u00fcdd\u0259t \u0259vv\u0259l Erm\u0259nistan\u0131n ba\u015f naziri Nikol Pa\u015finyan Z\u0259ng\u0259zur d\u0259hlizi v\u0259 ya \u015e\u0259rqi-Z\u0259ng\u0259zur adlar\u0131n\u0131n Az\u0259rbaycan\u0131n uydurmas\u0131 oldu\u011fu bar\u0259d\u0259 \u0259sass\u0131z iddialarla \u00e7\u0131x\u0131\u015f edib. Tarix\u00e7il\u0259r Pa\u015finyan\u0131n ittihamlar\u0131n\u0131n he\u00e7 bir tarixi fakta dayanmad\u0131\u011f\u0131n\u0131 qeyd edirl\u0259r. Bu bar\u0259d\u0259\u00a0Trend-\u0259 a\u00e7\u0131qlama ver\u0259n tarix\u00e7i-alim\u00a0Tofiq N\u0259c\u0259fli\u00a0Z\u0259ng\u0259zurun Az\u0259rbaycan t\u00fcrkl\u0259rinin ad\u0131 il\u0259 ba\u011fl\u0131 oldu\u011funu v\u0259 sonradan \u0259razinin ad\u0131n\u0131n &#8220;S\u00fcnik&#8221; edildiyini bildirib. &#8220;Z\u0259ng\u0259zur tarixi ad\u0131 orta&hellip;","_links":{"self":[{"href":"https:\/\/arantv.az\/index.php?rest_route=\/wp\/v2\/posts\/408744"}],"collection":[{"href":"https:\/\/arantv.az\/index.php?rest_route=\/wp\/v2\/posts"}],"about":[{"href":"https:\/\/arantv.az\/index.php?rest_route=\/wp\/v2\/types\/post"}],"author":[{"embeddable":true,"href":"https:\/\/arantv.az\/index.php?rest_route=\/wp\/v2\/users\/2"}],"replies":[{"embeddable":true,"href":"https:\/\/arantv.az\/index.php?rest_route=%2Fwp%2Fv2%2Fcomments&post=408744"}],"version-history":[{"count":0,"href":"https:\/\/arantv.az\/index.php?rest_route=\/wp\/v2\/posts\/408744\/revisions"}],"wp:featuredmedia":[{"embeddable":true,"href":"https:\/\/arantv.az\/index.php?rest_route=\/wp\/v2\/media\/408745"}],"wp:attachment":[{"href":"https:\/\/arantv.az\/index.php?rest_route=%2Fwp%2Fv2%2Fmedia&parent=408744"}],"wp:term":[{"taxonomy":"category","embeddable":true,"href":"https:\/\/arantv.az\/index.php?rest_route=%2Fwp%2Fv2%2Fcategories&post=408744"},{"taxonomy":"post_tag","embeddable":true,"href":"https:\/\/arantv.az\/index.php?rest_route=%2Fwp%2Fv2%2Ftags&post=408744"}],"curies":[{"name":"wp","href":"https:\/\/api.w.org\/{rel}","templated":true}]}}