{"id":408770,"date":"2021-11-26T12:54:36","date_gmt":"2021-11-26T09:54:36","guid":{"rendered":"http:\/\/arantv.az\/?p=408770"},"modified":"2021-11-26T12:54:36","modified_gmt":"2021-11-26T09:54:36","slug":"ramin-m%c9%99mm%c9%99dov-erm%c9%99nistanda-t%c9%99cavuzkarliq-siyas%c9%99tin-adi-normalari-kimi-q%c9%99bul-olunur","status":"publish","type":"post","link":"https:\/\/arantv.az\/?p=408770","title":{"rendered":"Ramin M\u0259mm\u0259dov: \u201cErm\u0259nistanda t\u0259cav\u00fczkarl\u0131q siyas\u0259tin adi normalar\u0131 kimi q\u0259bul olunur\u201d"},"content":{"rendered":"<p>\u201cErm\u0259nistan parlamentind\u0259 siyasi partiya r\u0259hb\u0259ri olan Zarui Postancanyan\u0131n s\u0259sl\u0259ndirdiyi b\u0259yanat bu \u00f6lk\u0259d\u0259 az\u0259rbaycanafobiya v\u0259 rasizmin n\u0259 q\u0259d\u0259r d\u0259rin k\u00f6k sald\u0131\u011f\u0131n\u0131 bir daha n\u00fcmayi\u015f etdirir\u201d.<\/p>\n<p>Bunu m\u0259tbuata a\u00e7\u0131qlamas\u0131nda Milli M\u0259clisin deputat\u0131 Ramin M\u0259mm\u0259dov deyib.<\/p>\n<p>Bildirib ki, Erm\u0259nistan\u0131n siyasi elitas\u0131nda t\u0259msil olunan siyas\u0259t\u00e7il\u0259rin \u0259ks\u0259riyy\u0259ti m\u0259hz bu fa\u015fist d\u00fc\u015f\u00fcnc\u0259nin da\u015f\u0131y\u0131c\u0131lar\u0131d\u0131r.<\/p>\n<div id=\"AdviadNativeVideo0\" class=\"AdviadNativeVideo\"><\/div>\n<p>Ramin M\u0259mm\u0259dov Zarui Postancanyan\u0131n ixtisasca h\u00fcquq\u015f\u00fcnas oldu\u011funu, vaxtil\u0259 h\u00fcquq m\u00fcdafi\u0259\u00e7isi kimi d\u0259 f\u0259aliyy\u0259t g\u00f6st\u0259rdiyini, h\u0259tta Erm\u0259nistan parlamentini Avropa \u015euras\u0131 Parlament Assambleyas\u0131nda t\u0259msil etdiyini d\u0259 xat\u0131rlad\u0131b:<\/p>\n<p>\u201c\u00d6z \u00f6lk\u0259sini A\u015ePA kimi n\u00fcfuzlu bir beyn\u0259lxalq t\u0259\u015fkilatda t\u0259msil etmi\u015f \u015f\u0259xsin bu q\u0259d\u0259r rasist d\u00fc\u015f\u00fcnc\u0259y\u0259 malik olmas\u0131 \u00fcmumilikd\u0259 Erm\u0259nistan c\u0259miyy\u0259tind\u0259 t\u00fcrkl\u0259r\u0259 v\u0259 az\u0259rbaycanl\u0131lara qar\u015f\u0131 d\u00f6z\u00fcms\u00fczl\u00fcy\u00fcn t\u0259zah\u00fcr\u00fcd\u00fcr. \u015e\u00fcbh\u0259siz ki, V\u0259t\u0259n m\u00fcharib\u0259sind\u0259 Az\u0259rbaycan\u0131n qazand\u0131\u011f\u0131 q\u0259l\u0259b\u0259nin yaratd\u0131\u011f\u0131 a\u011f\u0131r psixoloji durumun m\u00f6vcudlu\u011funu inkar etm\u0259k olmaz. Lakin tarix\u0259 n\u0259z\u0259r sald\u0131qda, x\u00fcsusil\u0259 d\u0259 birinci Qaraba\u011f m\u00fcharib\u0259sind\u0259 erm\u0259nil\u0259rin t\u00f6r\u0259tdiyi v\u0259h\u015filikl\u0259r, ikinci Qaraba\u011f m\u00fcharib\u0259si zaman\u0131 dinc sakinl\u0259r\u0259 edil\u0259n amans\u0131z h\u00fccumlar yaln\u0131z ayr\u0131-ayr\u0131 \u015f\u0259xsl\u0259rin deyil, b\u00fct\u00f6v bir c\u0259miyy\u0259tin x\u0259st\u0259liy\u0259 d\u00fc\u00e7ar oldu\u011fundan x\u0259b\u0259r verir\u201d.<\/p>\n<p>Milli M\u0259clisin deputat\u0131 qeyd edib ki, Erm\u0259nistan c\u0259miyy\u0259ti uydurulan v\u0259 uzun ill\u0259r onlara t\u0259lqin olunan yalan\u00e7\u0131 tarixin \u00f6lk\u0259ni yeni f\u0259lak\u0259tl\u0259r\u0259 aparaca\u011f\u0131n\u0131 anlamal\u0131d\u0131r. Bir siyas\u0259t\u00e7inin parlamentin tribunas\u0131ndan ba\u015fqa xalqlar\u0131 t\u0259hqir etm\u0259si n\u0259 \u00f6z\u00fcn\u0259, n\u0259 \u00f6lk\u0259sin\u0259 ba\u015fucal\u0131\u011f\u0131 g\u0259tirmir:<\/p>\n<p>\u201cBu g\u00fcn i\u015f\u011faldan azad olunmu\u015f \u0259razil\u0259rd\u0259 30 il \u0259rzind\u0259 t\u00f6r\u0259dilmi\u015f da\u011f\u0131nt\u0131lara, m\u0259scidl\u0259r\u0259, dini abid\u0259l\u0259r\u0259, m\u0259d\u0259niyy\u0259t obyektl\u0259rin\u0259 qar\u015f\u0131 m\u00fcnasib\u0259tin yaratd\u0131\u011f\u0131 reall\u0131qlara baxanda kimin kim oldu\u011funu anlamaq o q\u0259d\u0259r d\u0259 \u00e7\u0259tin deyil. \u00dc\u00e7t\u0259r\u0259fli b\u0259yanat\u0131n imzalanmas\u0131ndan sonra rayonlar\u0131n bo\u015fald\u0131lmas\u0131 zaman\u0131 erm\u0259ni h\u0259rb\u00e7il\u0259ri v\u0259 m\u00fclki \u015f\u0259xsl\u0259rinin etdikl\u0259ri \u0259m\u0259ll\u0259ri, evl\u0259rin yand\u0131r\u0131lmas\u0131, me\u015f\u0259l\u0259rin, ya\u015f\u0131ll\u0131qlar\u0131n m\u0259hv edilm\u0259sini xarici k\u00fctl\u0259vi informasiya vasit\u0259lri b\u00fct\u00fcn d\u00fcnyaya g\u00f6st\u0259rmi\u015fdi. 30 il m\u0259hz az\u0259rbaycanl\u0131lar\u0131n evl\u0259rind\u0259 qanunsuz m\u0259skunla\u015fm\u0131\u015f qon\u015fular\u0131m\u0131z\u0131n bu evl\u0259ri t\u0259rk ed\u0259rk\u0259n \u00f6zl\u0259ri il\u0259 hans\u0131 \u0259\u015fyalar\u0131 g\u00f6t\u00fcrd\u00fckl\u0259rini b\u00fct\u00fcn d\u00fcnya g\u00f6rd\u00fc\u201d.<\/p>\n<p>Ramin M\u0259mm\u0259dov qeyd edib ki, bu g\u00fcn Erm\u0259nistan\u0131n monoetnik d\u00f6vl\u0259t olmas\u0131 \u0259slind\u0259 bu \u00f6lk\u0259d\u0259 ictimai d\u00fc\u015f\u00fcnc\u0259ni y\u00f6nl\u0259ndir\u0259n ideologiyan\u0131n mahiyy\u0259ti bar\u0259d\u0259 \u00e7ox s\u00f6z deyir:<\/p>\n<p>\u201c1988-ci ild\u0259 y\u00fczminl\u0259rl\u0259 h\u0259mv\u0259t\u0259nlimiz Erm\u0259nistandan deportasiya olundu. Daha \u0259vv\u0259lki d\u00f6vrl\u0259rd\u0259 d\u0259 bel\u0259 deportasiyalar olmu\u015fdu. 1992-ci ild\u0259 Xocal\u0131da m\u0259hz milli m\u0259nsubiyy\u0259tin\u0259 g\u00f6r\u0259 k\u00f6rp\u0259 u\u015faqlar\u0131, qad\u0131nlar\u0131 q\u0259tl\u0259 yetir\u0259n bir \u00f6lk\u0259nin siyas\u0259t\u00e7isind\u0259n ba\u015fqa bir yana\u015fma g\u00f6zl\u0259m\u0259k olmazd\u0131. Erm\u0259nistanda ksenofobiya, rasizm, t\u0259cav\u00fczkarl\u0131q, dini, etnik d\u00f6z\u00fcms\u00fczl\u00fck siyas\u0259tin adi normalar\u0131 kimi q\u0259bul olunur v\u0259 t\u0259\u0259ss\u00fcf ki, bu yana\u015fma c\u0259miyy\u0259t\u0259 d\u0259 siray\u0259t edib\u201d.<\/p>\n","protected":false},"excerpt":{"rendered":"<p>\u201cErm\u0259nistan parlamentind\u0259 siyasi partiya r\u0259hb\u0259ri olan Zarui Postancanyan\u0131n s\u0259sl\u0259ndirdiyi b\u0259yanat bu \u00f6lk\u0259d\u0259 az\u0259rbaycanafobiya v\u0259 rasizmin n\u0259 q\u0259d\u0259r d\u0259rin k\u00f6k sald\u0131\u011f\u0131n\u0131 bir daha n\u00fcmayi\u015f etdirir\u201d. Bunu m\u0259tbuata a\u00e7\u0131qlamas\u0131nda Milli M\u0259clisin deputat\u0131 Ramin M\u0259mm\u0259dov deyib. Bildirib ki, Erm\u0259nistan\u0131n siyasi elitas\u0131nda t\u0259msil olunan siyas\u0259t\u00e7il\u0259rin \u0259ks\u0259riyy\u0259ti m\u0259hz bu fa\u015fist d\u00fc\u015f\u00fcnc\u0259nin da\u015f\u0131y\u0131c\u0131lar\u0131d\u0131r. Ramin M\u0259mm\u0259dov Zarui Postancanyan\u0131n ixtisasca h\u00fcquq\u015f\u00fcnas oldu\u011funu, vaxtil\u0259 h\u00fcquq m\u00fcdafi\u0259\u00e7isi kimi d\u0259 f\u0259aliyy\u0259t g\u00f6st\u0259rdiyini, h\u0259tta Erm\u0259nistan parlamentini Avropa \u015euras\u0131 Parlament Assambleyas\u0131nda t\u0259msil etdiyini d\u0259 xat\u0131rlad\u0131b: \u201c\u00d6z \u00f6lk\u0259sini A\u015ePA kimi n\u00fcfuzlu bir beyn\u0259lxalq t\u0259\u015fkilatda t\u0259msil etmi\u015f \u015f\u0259xsin bu q\u0259d\u0259r rasist d\u00fc\u015f\u00fcnc\u0259y\u0259 malik olmas\u0131 \u00fcmumilikd\u0259&hellip;<\/p>\n","protected":false},"author":2,"featured_media":408771,"comment_status":"closed","ping_status":"closed","sticky":false,"template":"","format":"standard","meta":{"om_disable_all_campaigns":false,"_monsterinsights_skip_tracking":false,"_monsterinsights_sitenote_active":false,"_monsterinsights_sitenote_note":"","_monsterinsights_sitenote_category":0},"categories":[4],"tags":[],"aioseo_notices":[],"gutentor_comment":0,"rttpg_featured_image_url":{"full":["https:\/\/arantv.az\/wp-content\/uploads\/2021\/11\/FotoJet-9-9.jpg",620,419,false],"landscape":["https:\/\/arantv.az\/wp-content\/uploads\/2021\/11\/FotoJet-9-9.jpg",620,419,false],"portraits":["https:\/\/arantv.az\/wp-content\/uploads\/2021\/11\/FotoJet-9-9.jpg",620,419,false],"thumbnail":["https:\/\/arantv.az\/wp-content\/uploads\/2021\/11\/FotoJet-9-9-500x280.jpg",500,280,true],"medium":["https:\/\/arantv.az\/wp-content\/uploads\/2021\/11\/FotoJet-9-9-540x365.jpg",540,365,true],"large":["https:\/\/arantv.az\/wp-content\/uploads\/2021\/11\/FotoJet-9-9.jpg",620,419,false],"1536x1536":["https:\/\/arantv.az\/wp-content\/uploads\/2021\/11\/FotoJet-9-9.jpg",620,419,false],"2048x2048":["https:\/\/arantv.az\/wp-content\/uploads\/2021\/11\/FotoJet-9-9.jpg",620,419,false],"post-thumbnail":["https:\/\/arantv.az\/wp-content\/uploads\/2021\/11\/FotoJet-9-9-240x172.jpg",240,172,true],"advps-thumb-one":["https:\/\/arantv.az\/wp-content\/uploads\/2021\/11\/FotoJet-9-9.jpg",620,419,false]},"rttpg_author":{"display_name":"V\u00fcsal Rafiqo\u011flu","author_link":"https:\/\/arantv.az\/?author=2"},"rttpg_comment":0,"rttpg_category":"<a href=\"https:\/\/arantv.az\/?cat=4\" rel=\"category\">Siyas\u0259t<\/a>","rttpg_excerpt":"\u201cErm\u0259nistan parlamentind\u0259 siyasi partiya r\u0259hb\u0259ri olan Zarui Postancanyan\u0131n s\u0259sl\u0259ndirdiyi b\u0259yanat bu \u00f6lk\u0259d\u0259 az\u0259rbaycanafobiya v\u0259 rasizmin n\u0259 q\u0259d\u0259r d\u0259rin k\u00f6k sald\u0131\u011f\u0131n\u0131 bir daha n\u00fcmayi\u015f etdirir\u201d. Bunu m\u0259tbuata a\u00e7\u0131qlamas\u0131nda Milli M\u0259clisin deputat\u0131 Ramin M\u0259mm\u0259dov deyib. Bildirib ki, Erm\u0259nistan\u0131n siyasi elitas\u0131nda t\u0259msil olunan siyas\u0259t\u00e7il\u0259rin \u0259ks\u0259riyy\u0259ti m\u0259hz bu fa\u015fist d\u00fc\u015f\u00fcnc\u0259nin da\u015f\u0131y\u0131c\u0131lar\u0131d\u0131r. Ramin M\u0259mm\u0259dov Zarui Postancanyan\u0131n ixtisasca h\u00fcquq\u015f\u00fcnas oldu\u011funu, vaxtil\u0259&hellip;","_links":{"self":[{"href":"https:\/\/arantv.az\/index.php?rest_route=\/wp\/v2\/posts\/408770"}],"collection":[{"href":"https:\/\/arantv.az\/index.php?rest_route=\/wp\/v2\/posts"}],"about":[{"href":"https:\/\/arantv.az\/index.php?rest_route=\/wp\/v2\/types\/post"}],"author":[{"embeddable":true,"href":"https:\/\/arantv.az\/index.php?rest_route=\/wp\/v2\/users\/2"}],"replies":[{"embeddable":true,"href":"https:\/\/arantv.az\/index.php?rest_route=%2Fwp%2Fv2%2Fcomments&post=408770"}],"version-history":[{"count":0,"href":"https:\/\/arantv.az\/index.php?rest_route=\/wp\/v2\/posts\/408770\/revisions"}],"wp:featuredmedia":[{"embeddable":true,"href":"https:\/\/arantv.az\/index.php?rest_route=\/wp\/v2\/media\/408771"}],"wp:attachment":[{"href":"https:\/\/arantv.az\/index.php?rest_route=%2Fwp%2Fv2%2Fmedia&parent=408770"}],"wp:term":[{"taxonomy":"category","embeddable":true,"href":"https:\/\/arantv.az\/index.php?rest_route=%2Fwp%2Fv2%2Fcategories&post=408770"},{"taxonomy":"post_tag","embeddable":true,"href":"https:\/\/arantv.az\/index.php?rest_route=%2Fwp%2Fv2%2Ftags&post=408770"}],"curies":[{"name":"wp","href":"https:\/\/api.w.org\/{rel}","templated":true}]}}