{"id":40932,"date":"2019-02-23T13:57:40","date_gmt":"2019-02-23T10:57:40","guid":{"rendered":"http:\/\/arantv.az\/?p=40932"},"modified":"2019-02-23T13:57:40","modified_gmt":"2019-02-23T10:57:40","slug":"sahin-babayev-issizin-dostu-proqramindan-danisdi","status":"publish","type":"post","link":"https:\/\/arantv.az\/?p=40932","title":{"rendered":"Sahin Babayev \u201c\u0130\u015fsizin DOSTu\u201d proqram\u0131ndan dan\u0131\u015fd\u0131"},"content":{"rendered":"<div class=\"spot\">\u201c\u0130\u015fsizin DOSTu\u201d proqram\u0131 \u00fc\u00e7\u00fcn rayonlar\u0131n \u0259ks\u0259riyy\u0259ti \u00fczr\u0259 veril\u0259n kvotalar\u0131n n\u00f6vb\u0259ti aylarda art\u0131r\u0131lmas\u0131 g\u00f6zl\u0259nilir\u201d.<\/div>\n<p><strong>ARANTV.AZ<\/strong> x\u0259b\u0259r verir ki, bunu \u0259m\u0259k v\u0259 \u0259halinin sosial m\u00fcdafi\u0259si naziri Sahil Babayev deyib.<\/p>\n<p>Onun s\u00f6zl\u0259rin\u0259 g\u00f6r\u0259, insanlar\u0131n bu proqrama maraq \u00e7oxlu\u011fu h\u00f6kum\u0259t\u0259 m\u0259ruz\u0259 edilib: \u201cBu il \u00fc\u00e7\u00fcn 30 min kvota n\u0259z\u0259rd\u0259 tutulsa da, say daha da art\u0131r\u0131lacaq, h\u0259r rayon \u00fczr\u0259 \u0259lav\u0259 kvota yerl\u0259ri a\u00e7\u0131lacaq\u201d.<\/p>\n<div id=\"AdributorNativeVideo0\" class=\"AdributorNativeVideo\"><\/div>\n<p>Qeyd ed\u0259k ki, \u018fm\u0259k v\u0259 \u018fhalinin Sosial M\u00fcdafi\u0259si Nazirliyinin tabeliyind\u0259 Dayan\u0131ql\u0131 v\u0259 Operativ Sosial T\u0259minat Agentliyinin (DOST Agentliyinin) \u201cDOST \u0130\u015f M\u0259rk\u0259zi\u201d t\u0259r\u0259find\u0259n rayon (\u015f\u0259h\u0259r) M\u0259\u015f\u011fulluq m\u0259rk\u0259zl\u0259rind\u0259 i\u015faxtaran v\u0259 ya i\u015fsiz kimi qeydiyyatda olan \u015f\u0259xsl\u0259r \u201c\u0130\u015fsizin DOSTu\u201d proqram\u0131na c\u0259lb edilirl\u0259r. Bu ilin \u0259vv\u0259lind\u0259n realla\u015fan proqram \u00e7\u0259r\u00e7iv\u0259sind\u0259 respublikam\u0131z\u0131n rayon v\u0259 \u015f\u0259h\u0259rl\u0259ri \u00fczr\u0259 25 min \u015f\u0259xs bel\u0259 i\u015fl\u0259rl\u0259 t\u0259min edilib. Proqram \u00e7\u0259r\u00e7iv\u0259sind\u0259 ictimai faydal\u0131 xarakter da\u015f\u0131yan \u00f6d\u0259ni\u015fli ictimai i\u015fl\u0259rl\u0259 t\u0259min edil\u0259nl\u0259rin h\u0259r biri il\u0259 \u0259m\u0259k m\u00fcqavil\u0259si ba\u011flan\u0131r v\u0259 elektron sistemd\u0259 qeydiyyatdan ke\u00e7iril\u0259r\u0259k r\u0259smil\u0259\u015fdirilir.<\/p>\n<p><em>\u00d6lk\u0259.Az<\/em><\/p>\n","protected":false},"excerpt":{"rendered":"<p>\u201c\u0130\u015fsizin DOSTu\u201d proqram\u0131 \u00fc\u00e7\u00fcn rayonlar\u0131n \u0259ks\u0259riyy\u0259ti \u00fczr\u0259 veril\u0259n kvotalar\u0131n n\u00f6vb\u0259ti aylarda art\u0131r\u0131lmas\u0131 g\u00f6zl\u0259nilir\u201d. ARANTV.AZ x\u0259b\u0259r verir ki, bunu \u0259m\u0259k v\u0259 \u0259halinin sosial m\u00fcdafi\u0259si naziri Sahil Babayev deyib. Onun s\u00f6zl\u0259rin\u0259 g\u00f6r\u0259, insanlar\u0131n bu proqrama maraq \u00e7oxlu\u011fu h\u00f6kum\u0259t\u0259 m\u0259ruz\u0259 edilib: \u201cBu il \u00fc\u00e7\u00fcn 30 min kvota n\u0259z\u0259rd\u0259 tutulsa da, say daha da art\u0131r\u0131lacaq, h\u0259r rayon \u00fczr\u0259 \u0259lav\u0259 kvota yerl\u0259ri a\u00e7\u0131lacaq\u201d. Qeyd ed\u0259k ki, \u018fm\u0259k v\u0259 \u018fhalinin Sosial M\u00fcdafi\u0259si Nazirliyinin tabeliyind\u0259 Dayan\u0131ql\u0131 v\u0259 Operativ Sosial T\u0259minat Agentliyinin (DOST Agentliyinin) \u201cDOST \u0130\u015f M\u0259rk\u0259zi\u201d t\u0259r\u0259find\u0259n rayon (\u015f\u0259h\u0259r) M\u0259\u015f\u011fulluq m\u0259rk\u0259zl\u0259rind\u0259 i\u015faxtaran v\u0259 ya i\u015fsiz kimi qeydiyyatda&hellip;<\/p>\n","protected":false},"author":2,"featured_media":40933,"comment_status":"closed","ping_status":"closed","sticky":false,"template":"","format":"standard","meta":{"om_disable_all_campaigns":false,"_monsterinsights_skip_tracking":false,"_monsterinsights_sitenote_active":false,"_monsterinsights_sitenote_note":"","_monsterinsights_sitenote_category":0},"categories":[1],"tags":[],"aioseo_notices":[],"gutentor_comment":0,"rttpg_featured_image_url":{"full":["https:\/\/arantv.az\/wp-content\/uploads\/2019\/02\/SahilBabayev.jpg",620,375,false],"landscape":["https:\/\/arantv.az\/wp-content\/uploads\/2019\/02\/SahilBabayev.jpg",620,375,false],"portraits":["https:\/\/arantv.az\/wp-content\/uploads\/2019\/02\/SahilBabayev.jpg",620,375,false],"thumbnail":["https:\/\/arantv.az\/wp-content\/uploads\/2019\/02\/SahilBabayev-150x150.jpg",150,150,true],"medium":["https:\/\/arantv.az\/wp-content\/uploads\/2019\/02\/SahilBabayev-300x181.jpg",300,181,true],"large":["https:\/\/arantv.az\/wp-content\/uploads\/2019\/02\/SahilBabayev.jpg",620,375,false],"1536x1536":["https:\/\/arantv.az\/wp-content\/uploads\/2019\/02\/SahilBabayev.jpg",620,375,false],"2048x2048":["https:\/\/arantv.az\/wp-content\/uploads\/2019\/02\/SahilBabayev.jpg",620,375,false],"post-thumbnail":["https:\/\/arantv.az\/wp-content\/uploads\/2019\/02\/SahilBabayev-240x172.jpg",240,172,true],"advps-thumb-one":["https:\/\/arantv.az\/wp-content\/uploads\/2019\/02\/SahilBabayev.jpg",620,375,false]},"rttpg_author":{"display_name":"V\u00fcsal Rafiqo\u011flu","author_link":"https:\/\/arantv.az\/?author=2"},"rttpg_comment":0,"rttpg_category":"<a href=\"https:\/\/arantv.az\/?cat=1\" rel=\"category\">C\u0259miyy\u0259t<\/a>","rttpg_excerpt":"\u201c\u0130\u015fsizin DOSTu\u201d proqram\u0131 \u00fc\u00e7\u00fcn rayonlar\u0131n \u0259ks\u0259riyy\u0259ti \u00fczr\u0259 veril\u0259n kvotalar\u0131n n\u00f6vb\u0259ti aylarda art\u0131r\u0131lmas\u0131 g\u00f6zl\u0259nilir\u201d. ARANTV.AZ x\u0259b\u0259r verir ki, bunu \u0259m\u0259k v\u0259 \u0259halinin sosial m\u00fcdafi\u0259si naziri Sahil Babayev deyib. Onun s\u00f6zl\u0259rin\u0259 g\u00f6r\u0259, insanlar\u0131n bu proqrama maraq \u00e7oxlu\u011fu h\u00f6kum\u0259t\u0259 m\u0259ruz\u0259 edilib: \u201cBu il \u00fc\u00e7\u00fcn 30 min kvota n\u0259z\u0259rd\u0259 tutulsa da, say daha da art\u0131r\u0131lacaq, h\u0259r rayon \u00fczr\u0259 \u0259lav\u0259&hellip;","_links":{"self":[{"href":"https:\/\/arantv.az\/index.php?rest_route=\/wp\/v2\/posts\/40932"}],"collection":[{"href":"https:\/\/arantv.az\/index.php?rest_route=\/wp\/v2\/posts"}],"about":[{"href":"https:\/\/arantv.az\/index.php?rest_route=\/wp\/v2\/types\/post"}],"author":[{"embeddable":true,"href":"https:\/\/arantv.az\/index.php?rest_route=\/wp\/v2\/users\/2"}],"replies":[{"embeddable":true,"href":"https:\/\/arantv.az\/index.php?rest_route=%2Fwp%2Fv2%2Fcomments&post=40932"}],"version-history":[{"count":0,"href":"https:\/\/arantv.az\/index.php?rest_route=\/wp\/v2\/posts\/40932\/revisions"}],"wp:featuredmedia":[{"embeddable":true,"href":"https:\/\/arantv.az\/index.php?rest_route=\/wp\/v2\/media\/40933"}],"wp:attachment":[{"href":"https:\/\/arantv.az\/index.php?rest_route=%2Fwp%2Fv2%2Fmedia&parent=40932"}],"wp:term":[{"taxonomy":"category","embeddable":true,"href":"https:\/\/arantv.az\/index.php?rest_route=%2Fwp%2Fv2%2Fcategories&post=40932"},{"taxonomy":"post_tag","embeddable":true,"href":"https:\/\/arantv.az\/index.php?rest_route=%2Fwp%2Fv2%2Ftags&post=40932"}],"curies":[{"name":"wp","href":"https:\/\/api.w.org\/{rel}","templated":true}]}}