{"id":40946,"date":"2019-02-23T15:27:08","date_gmt":"2019-02-23T12:27:08","guid":{"rendered":"http:\/\/arantv.az\/?p=40946"},"modified":"2019-02-23T15:27:08","modified_gmt":"2019-02-23T12:27:08","slug":"bakida-kuc%c9%99nin-ortasinda-sok-hadis%c9%99-g%c9%99nc-oglan-36-yasli-qadini","status":"publish","type":"post","link":"https:\/\/arantv.az\/?p=40946","title":{"rendered":"Bak\u0131da k\u00fc\u00e7\u0259nin ortas\u0131nda \u015eOK HAD\u0130S\u018f: g\u0259nc o\u011flan 36 ya\u015fl\u0131 qad\u0131n\u0131&#8230;"},"content":{"rendered":"<p><strong>Bak\u0131da qad\u0131n k\u00fc\u00e7\u0259d\u0259 d\u00f6y\u00fcl\u00fcb.<\/strong><\/p>\n<p><strong>ARANTV.AZ<\/strong>-\u0131n Trend-\u0259 istinad\u0259n verdiyi m\u0259lumata g\u00f6r\u0259, hadis\u0259 paytaxt\u0131n Yasamal rayonu \u0259razisind\u0259 ba\u015f verib.<\/p>\n<p>Ab\u015feron rayonu, Saray q\u0259s\u0259b\u0259si sakini, 1983-c\u00fc il t\u0259v\u0259ll\u00fcdl\u00fc Xanki\u015fiyeva N\u0259rgiz Sabah\u0259li q\u0131z\u0131 \u0259riz\u0259 il\u0259 polis\u0259 m\u00fcraci\u0259t ed\u0259r\u0259k bildirib ki, paytaxt\u0131n Yasamal rayonu, Z\u0259rdabi k\u00fc\u00e7\u0259sind\u0259 1987-ci il t\u0259v\u0259ll\u00fcdl\u00fc \u018fl\u0259sg\u0259rov S\u0259buhi A\u011far\u0259him o\u011flu xuliqanl\u0131q niyy\u0259ti il\u0259 onu d\u00f6y\u0259r\u0259k x\u0259sar\u0259t yetirib.<\/p>\n<p>Faktla ba\u011fl\u0131 ara\u015fd\u0131rma apar\u0131l\u0131r.<\/p>\n","protected":false},"excerpt":{"rendered":"<p>Bak\u0131da qad\u0131n k\u00fc\u00e7\u0259d\u0259 d\u00f6y\u00fcl\u00fcb. ARANTV.AZ-\u0131n Trend-\u0259 istinad\u0259n verdiyi m\u0259lumata g\u00f6r\u0259, hadis\u0259 paytaxt\u0131n Yasamal rayonu \u0259razisind\u0259 ba\u015f verib. Ab\u015feron rayonu, Saray q\u0259s\u0259b\u0259si sakini, 1983-c\u00fc il t\u0259v\u0259ll\u00fcdl\u00fc Xanki\u015fiyeva N\u0259rgiz Sabah\u0259li q\u0131z\u0131 \u0259riz\u0259 il\u0259 polis\u0259 m\u00fcraci\u0259t ed\u0259r\u0259k bildirib ki, paytaxt\u0131n Yasamal rayonu, Z\u0259rdabi k\u00fc\u00e7\u0259sind\u0259 1987-ci il t\u0259v\u0259ll\u00fcdl\u00fc \u018fl\u0259sg\u0259rov S\u0259buhi A\u011far\u0259him o\u011flu xuliqanl\u0131q niyy\u0259ti il\u0259 onu d\u00f6y\u0259r\u0259k x\u0259sar\u0259t yetirib. Faktla ba\u011fl\u0131 ara\u015fd\u0131rma apar\u0131l\u0131r.<\/p>\n","protected":false},"author":2,"featured_media":40947,"comment_status":"closed","ping_status":"closed","sticky":false,"template":"","format":"standard","meta":{"om_disable_all_campaigns":false,"_monsterinsights_skip_tracking":false,"_monsterinsights_sitenote_active":false,"_monsterinsights_sitenote_note":"","_monsterinsights_sitenote_category":0},"categories":[5],"tags":[],"aioseo_notices":[],"gutentor_comment":0,"rttpg_featured_image_url":{"full":["https:\/\/arantv.az\/wp-content\/uploads\/2019\/02\/yasamal.jpg",800,450,false],"landscape":["https:\/\/arantv.az\/wp-content\/uploads\/2019\/02\/yasamal.jpg",800,450,false],"portraits":["https:\/\/arantv.az\/wp-content\/uploads\/2019\/02\/yasamal.jpg",800,450,false],"thumbnail":["https:\/\/arantv.az\/wp-content\/uploads\/2019\/02\/yasamal-150x150.jpg",150,150,true],"medium":["https:\/\/arantv.az\/wp-content\/uploads\/2019\/02\/yasamal-300x169.jpg",300,169,true],"large":["https:\/\/arantv.az\/wp-content\/uploads\/2019\/02\/yasamal.jpg",640,360,false],"1536x1536":["https:\/\/arantv.az\/wp-content\/uploads\/2019\/02\/yasamal.jpg",800,450,false],"2048x2048":["https:\/\/arantv.az\/wp-content\/uploads\/2019\/02\/yasamal.jpg",800,450,false],"post-thumbnail":["https:\/\/arantv.az\/wp-content\/uploads\/2019\/02\/yasamal-240x172.jpg",240,172,true],"advps-thumb-one":["https:\/\/arantv.az\/wp-content\/uploads\/2019\/02\/yasamal.jpg",800,450,false]},"rttpg_author":{"display_name":"V\u00fcsal Rafiqo\u011flu","author_link":"https:\/\/arantv.az\/?author=2"},"rttpg_comment":0,"rttpg_category":"<a href=\"https:\/\/arantv.az\/?cat=5\" rel=\"category\">Hadis\u0259<\/a>","rttpg_excerpt":"Bak\u0131da qad\u0131n k\u00fc\u00e7\u0259d\u0259 d\u00f6y\u00fcl\u00fcb. ARANTV.AZ-\u0131n Trend-\u0259 istinad\u0259n verdiyi m\u0259lumata g\u00f6r\u0259, hadis\u0259 paytaxt\u0131n Yasamal rayonu \u0259razisind\u0259 ba\u015f verib. Ab\u015feron rayonu, Saray q\u0259s\u0259b\u0259si sakini, 1983-c\u00fc il t\u0259v\u0259ll\u00fcdl\u00fc Xanki\u015fiyeva N\u0259rgiz Sabah\u0259li q\u0131z\u0131 \u0259riz\u0259 il\u0259 polis\u0259 m\u00fcraci\u0259t ed\u0259r\u0259k bildirib ki, paytaxt\u0131n Yasamal rayonu, Z\u0259rdabi k\u00fc\u00e7\u0259sind\u0259 1987-ci il t\u0259v\u0259ll\u00fcdl\u00fc \u018fl\u0259sg\u0259rov S\u0259buhi A\u011far\u0259him o\u011flu xuliqanl\u0131q niyy\u0259ti il\u0259 onu d\u00f6y\u0259r\u0259k x\u0259sar\u0259t yetirib.&hellip;","_links":{"self":[{"href":"https:\/\/arantv.az\/index.php?rest_route=\/wp\/v2\/posts\/40946"}],"collection":[{"href":"https:\/\/arantv.az\/index.php?rest_route=\/wp\/v2\/posts"}],"about":[{"href":"https:\/\/arantv.az\/index.php?rest_route=\/wp\/v2\/types\/post"}],"author":[{"embeddable":true,"href":"https:\/\/arantv.az\/index.php?rest_route=\/wp\/v2\/users\/2"}],"replies":[{"embeddable":true,"href":"https:\/\/arantv.az\/index.php?rest_route=%2Fwp%2Fv2%2Fcomments&post=40946"}],"version-history":[{"count":0,"href":"https:\/\/arantv.az\/index.php?rest_route=\/wp\/v2\/posts\/40946\/revisions"}],"wp:featuredmedia":[{"embeddable":true,"href":"https:\/\/arantv.az\/index.php?rest_route=\/wp\/v2\/media\/40947"}],"wp:attachment":[{"href":"https:\/\/arantv.az\/index.php?rest_route=%2Fwp%2Fv2%2Fmedia&parent=40946"}],"wp:term":[{"taxonomy":"category","embeddable":true,"href":"https:\/\/arantv.az\/index.php?rest_route=%2Fwp%2Fv2%2Fcategories&post=40946"},{"taxonomy":"post_tag","embeddable":true,"href":"https:\/\/arantv.az\/index.php?rest_route=%2Fwp%2Fv2%2Ftags&post=40946"}],"curies":[{"name":"wp","href":"https:\/\/api.w.org\/{rel}","templated":true}]}}