{"id":40949,"date":"2019-02-23T15:31:01","date_gmt":"2019-02-23T12:31:01","guid":{"rendered":"http:\/\/arantv.az\/?p=40949"},"modified":"2019-02-23T15:31:01","modified_gmt":"2019-02-23T12:31:01","slug":"dunyanin-%c9%99n-guclu-ordulari-aciqlandi-siyahida-az%c9%99rbaycan-da-var","status":"publish","type":"post","link":"https:\/\/arantv.az\/?p=40949","title":{"rendered":"D\u00fcnyan\u0131n \u0259n g\u00fccl\u00fc ordular\u0131 a\u00e7\u0131qland\u0131 \u2014 Siyah\u0131da Az\u0259rbaycan da var"},"content":{"rendered":"<div class=\"spot\">D\u00fcnyan\u0131n \u0259n g\u00fccl\u00fc ara\u015fd\u0131rma qurumlar\u0131ndan say\u0131lan \u201cGlobal Fire Power\u201d \u00f6lk\u0259l\u0259r\u0259 ait h\u0259rbi statistikalara aid hesabat yay\u0131mlay\u0131b.<\/div>\n<p><strong>ARANTV.AZ<\/strong> x\u0259b\u0259r verir ki, siyah\u0131ya Az\u0259rbaycan Ordusu da daxil edilib. 80 \u00f6lk\u0259nin ordusunun yer ald\u0131\u011f\u0131 reytinq c\u0259dv\u0259lind\u0259 Az\u0259rbaycan Ordusu 53-c\u00fc pill\u0259d\u0259 q\u0259rarla\u015f\u0131b. T\u00fcrkm\u0259nistan, Tunis, Serbiya, \u0130ordaniya, Xorvatiya, \u018ffqan\u0131stan, Kuba, Bel\u00e7ika, Sinqapur, Y\u0259m\u0259n, B\u018f\u018f, Portuqaliya, Slovakiya, Avstriya, Bolqar\u0131stan, Finlandiya, \u00c7ili, Macar\u0131stan, Danimarka kimi \u00f6lk\u0259l\u0259ri gerid\u0259 qoyan Az\u0259rbaycan ordusunun u\u011furu h\u0259r birimizin u\u011furudur. G\u00f6r\u00fcnd\u00fcy\u00fc kimi, Az\u0259rbaycan Ordusu bir s\u0131ra Avropa \u00f6lk\u0259l\u0259rinin ordusundan da \u00fcst\u00fcnd\u00fcr. Qeyd etm\u0259k yerin\u0259 d\u00fc\u015f\u0259r ki, siyah\u0131da Erm\u0259nistan orudusu yoxdur.<\/p>\n<p>\u0130lk onlu\u011fu oxucular\u0131m\u0131zla b\u00f6l\u00fc\u015f\u00fcr\u00fck.<\/p>\n<p><img src=\"http:\/\/olke.az\/uploads\/images\/almaniya(1).png\" alt=\"\" width=\"100%\" \/><\/p>\n<p><em><strong>10-Almaniya<\/strong><\/em><\/p>\n<div id=\"AdributorNativeVideo0\" class=\"AdributorNativeVideo\"><\/div>\n<p><img src=\"http:\/\/olke.az\/uploads\/images\/T%C3%BCrkiy%C9%99%20Respublikas%C4%B1%201%20Bayraq_0.jpg\" alt=\"\" width=\"100%\" \/><br \/>\n<em><strong>9-T\u00fcrkiy\u0259<\/strong><\/em><\/p>\n<p><em><strong><img src=\"http:\/\/olke.az\/uploads\/images\/realpress_1509025903.jpg\" alt=\"\" width=\"100%\" \/><\/strong><\/em><br \/>\n<em><strong>8-Yaponiya<\/strong><\/em><\/p>\n<p><img src=\"http:\/\/olke.az\/uploads\/images\/der(2).jpg\" alt=\"\" width=\"100%\" \/><br \/>\n<em><strong>7-C\u0259nubi Koreya<\/strong><\/em><\/p>\n<p><img src=\"http:\/\/olke.az\/uploads\/images\/ingilis.jpg\" alt=\"\" width=\"100%\" \/><br \/>\n<em><strong>6-\u0130ngilt\u0259r\u0259<\/strong><\/em><\/p>\n<p><img src=\"http:\/\/olke.az\/uploads\/images\/frans.png\" alt=\"\" width=\"100%\" \/><br \/>\n<em><strong>5-Fransa<\/strong><\/em><\/p>\n<p><em><strong><img src=\"http:\/\/olke.az\/uploads\/images\/hind.png\" alt=\"\" width=\"100%\" \/><br \/>\n4-Hindistan<\/strong><\/em><\/p>\n<p><em><strong><img src=\"http:\/\/olke.az\/uploads\/images\/cin.Jpeg\" alt=\"\" width=\"100%\" \/><br \/>\n3-\u00c7in<\/strong><\/em><\/p>\n<p><em><strong><img src=\"http:\/\/olke.az\/uploads\/images\/rus(1).jpg\" alt=\"\" width=\"100%\" \/><br \/>\n2-Rusiya<\/strong><\/em><\/p>\n<p><em><strong><img src=\"http:\/\/olke.az\/uploads\/images\/bs.jpg\" alt=\"\" width=\"100%\" \/><br \/>\n1-AB\u015e<\/strong><\/em><\/p>\n<p><em>\u00d6lk\u0259.Az<\/p>\n<p><\/em><\/p>\n","protected":false},"excerpt":{"rendered":"<p>D\u00fcnyan\u0131n \u0259n g\u00fccl\u00fc ara\u015fd\u0131rma qurumlar\u0131ndan say\u0131lan \u201cGlobal Fire Power\u201d \u00f6lk\u0259l\u0259r\u0259 ait h\u0259rbi statistikalara aid hesabat yay\u0131mlay\u0131b. ARANTV.AZ x\u0259b\u0259r verir ki, siyah\u0131ya Az\u0259rbaycan Ordusu da daxil edilib. 80 \u00f6lk\u0259nin ordusunun yer ald\u0131\u011f\u0131 reytinq c\u0259dv\u0259lind\u0259 Az\u0259rbaycan Ordusu 53-c\u00fc pill\u0259d\u0259 q\u0259rarla\u015f\u0131b. T\u00fcrkm\u0259nistan, Tunis, Serbiya, \u0130ordaniya, Xorvatiya, \u018ffqan\u0131stan, Kuba, Bel\u00e7ika, Sinqapur, Y\u0259m\u0259n, B\u018f\u018f, Portuqaliya, Slovakiya, Avstriya, Bolqar\u0131stan, Finlandiya, \u00c7ili, Macar\u0131stan, Danimarka kimi \u00f6lk\u0259l\u0259ri gerid\u0259 qoyan Az\u0259rbaycan ordusunun u\u011furu h\u0259r birimizin u\u011furudur. G\u00f6r\u00fcnd\u00fcy\u00fc kimi, Az\u0259rbaycan Ordusu bir s\u0131ra Avropa \u00f6lk\u0259l\u0259rinin ordusundan da \u00fcst\u00fcnd\u00fcr. Qeyd etm\u0259k yerin\u0259 d\u00fc\u015f\u0259r ki, siyah\u0131da Erm\u0259nistan orudusu yoxdur. \u0130lk onlu\u011fu oxucular\u0131m\u0131zla&hellip;<\/p>\n","protected":false},"author":2,"featured_media":40950,"comment_status":"closed","ping_status":"closed","sticky":false,"template":"","format":"standard","meta":{"om_disable_all_campaigns":false,"_monsterinsights_skip_tracking":false,"_monsterinsights_sitenote_active":false,"_monsterinsights_sitenote_note":"","_monsterinsights_sitenote_category":0},"categories":[7],"tags":[],"aioseo_notices":[],"gutentor_comment":0,"rttpg_featured_image_url":{"full":["https:\/\/arantv.az\/wp-content\/uploads\/2019\/02\/ordumuz.jpg",620,375,false],"landscape":["https:\/\/arantv.az\/wp-content\/uploads\/2019\/02\/ordumuz.jpg",620,375,false],"portraits":["https:\/\/arantv.az\/wp-content\/uploads\/2019\/02\/ordumuz.jpg",620,375,false],"thumbnail":["https:\/\/arantv.az\/wp-content\/uploads\/2019\/02\/ordumuz-150x150.jpg",150,150,true],"medium":["https:\/\/arantv.az\/wp-content\/uploads\/2019\/02\/ordumuz-300x181.jpg",300,181,true],"large":["https:\/\/arantv.az\/wp-content\/uploads\/2019\/02\/ordumuz.jpg",620,375,false],"1536x1536":["https:\/\/arantv.az\/wp-content\/uploads\/2019\/02\/ordumuz.jpg",620,375,false],"2048x2048":["https:\/\/arantv.az\/wp-content\/uploads\/2019\/02\/ordumuz.jpg",620,375,false],"post-thumbnail":["https:\/\/arantv.az\/wp-content\/uploads\/2019\/02\/ordumuz-240x172.jpg",240,172,true],"advps-thumb-one":["https:\/\/arantv.az\/wp-content\/uploads\/2019\/02\/ordumuz.jpg",620,375,false]},"rttpg_author":{"display_name":"V\u00fcsal Rafiqo\u011flu","author_link":"https:\/\/arantv.az\/?author=2"},"rttpg_comment":0,"rttpg_category":"<a href=\"https:\/\/arantv.az\/?cat=7\" rel=\"category\">D\u00fcnya<\/a>","rttpg_excerpt":"D\u00fcnyan\u0131n \u0259n g\u00fccl\u00fc ara\u015fd\u0131rma qurumlar\u0131ndan say\u0131lan \u201cGlobal Fire Power\u201d \u00f6lk\u0259l\u0259r\u0259 ait h\u0259rbi statistikalara aid hesabat yay\u0131mlay\u0131b. ARANTV.AZ x\u0259b\u0259r verir ki, siyah\u0131ya Az\u0259rbaycan Ordusu da daxil edilib. 80 \u00f6lk\u0259nin ordusunun yer ald\u0131\u011f\u0131 reytinq c\u0259dv\u0259lind\u0259 Az\u0259rbaycan Ordusu 53-c\u00fc pill\u0259d\u0259 q\u0259rarla\u015f\u0131b. T\u00fcrkm\u0259nistan, Tunis, Serbiya, \u0130ordaniya, Xorvatiya, \u018ffqan\u0131stan, Kuba, Bel\u00e7ika, Sinqapur, Y\u0259m\u0259n, B\u018f\u018f, Portuqaliya, Slovakiya, Avstriya, Bolqar\u0131stan, Finlandiya, \u00c7ili,&hellip;","_links":{"self":[{"href":"https:\/\/arantv.az\/index.php?rest_route=\/wp\/v2\/posts\/40949"}],"collection":[{"href":"https:\/\/arantv.az\/index.php?rest_route=\/wp\/v2\/posts"}],"about":[{"href":"https:\/\/arantv.az\/index.php?rest_route=\/wp\/v2\/types\/post"}],"author":[{"embeddable":true,"href":"https:\/\/arantv.az\/index.php?rest_route=\/wp\/v2\/users\/2"}],"replies":[{"embeddable":true,"href":"https:\/\/arantv.az\/index.php?rest_route=%2Fwp%2Fv2%2Fcomments&post=40949"}],"version-history":[{"count":0,"href":"https:\/\/arantv.az\/index.php?rest_route=\/wp\/v2\/posts\/40949\/revisions"}],"wp:featuredmedia":[{"embeddable":true,"href":"https:\/\/arantv.az\/index.php?rest_route=\/wp\/v2\/media\/40950"}],"wp:attachment":[{"href":"https:\/\/arantv.az\/index.php?rest_route=%2Fwp%2Fv2%2Fmedia&parent=40949"}],"wp:term":[{"taxonomy":"category","embeddable":true,"href":"https:\/\/arantv.az\/index.php?rest_route=%2Fwp%2Fv2%2Fcategories&post=40949"},{"taxonomy":"post_tag","embeddable":true,"href":"https:\/\/arantv.az\/index.php?rest_route=%2Fwp%2Fv2%2Ftags&post=40949"}],"curies":[{"name":"wp","href":"https:\/\/api.w.org\/{rel}","templated":true}]}}