{"id":40958,"date":"2019-02-23T15:46:43","date_gmt":"2019-02-23T12:46:43","guid":{"rendered":"http:\/\/arantv.az\/?p=40958"},"modified":"2019-02-23T15:46:43","modified_gmt":"2019-02-23T12:46:43","slug":"xocali-faci%c9%99si-ali-h%c9%99rbi-m%c9%99kt%c9%99bd%c9%99-anilib","status":"publish","type":"post","link":"https:\/\/arantv.az\/?p=40958","title":{"rendered":"Xocal\u0131 faci\u0259si Ali H\u0259rbi M\u0259kt\u0259bd\u0259 an\u0131l\u0131b"},"content":{"rendered":"<div class=\"vi_in_desc\">\n<div class=\"vi_text\">\n<p><strong>ARANTV.AZ<\/strong> x\u0259b\u0259r verir ki,Az\u0259rbaycan Respublikas\u0131 Prezidentinin \u201cXocal\u0131 soyq\u0131r\u0131m\u0131n\u0131n iyirmi yeddinci ild\u00f6n\u00fcm\u00fc haqq\u0131nda\u201d s\u0259r\u0259ncam\u0131n\u0131n icras\u0131 il\u0259 \u0259laq\u0259dar Az\u0259rbaycan Ordusunun birlik, birl\u0259\u015fm\u0259, h\u0259rbi hiss\u0259 v\u0259 x\u00fcsusi t\u0259yinatl\u0131 t\u0259hsil m\u00fc\u0259ssis\u0259l\u0259rind\u0259 silsil\u0259 t\u0259dbirl\u0259r h\u0259yata ke\u00e7irilir.<br \/>\nHeyd\u0259r \u018fliyev ad\u0131na Az\u0259rbaycan Ali H\u0259rbi M\u0259kt\u0259bind\u0259 ke\u00e7iril\u0259n an\u0131m m\u0259rasimind\u0259 \u0259vv\u0259lc\u0259 xalq\u0131m\u0131z\u0131n \u00fcmummilli lideri Heyd\u0259r \u018fliyevin, \u00f6lk\u0259mizin \u0259razi b\u00fct\u00f6vl\u00fcy\u00fc, torpaqlar\u0131m\u0131z\u0131n azadl\u0131\u011f\u0131 u\u011frunda \u015f\u0259hid olanlar\u0131n, el\u0259c\u0259 d\u0259 Xocal\u0131 faci\u0259si qurbanlar\u0131n\u0131n xatir\u0259si bir d\u0259qiq\u0259lik s\u00fckutla yad edilib.<br \/>\nM\u00fcdafi\u0259 Nazirliyinin zabiti, \u018fm\u0259kdar inc\u0259s\u0259n\u0259t xadimi, Prezidentin f\u0259rdi t\u0259qa\u00fcd\u00e7\u00fcs\u00fc polkovnik Abdulla Qurbani \u00e7\u0131x\u0131\u015f ed\u0259r\u0259k bildirib ki, son 200 ild\u0259n art\u0131q bir m\u00fcdd\u0259td\u0259 xalq\u0131m\u0131za qar\u015f\u0131 erm\u0259ni mill\u0259t\u00e7il\u0259ri t\u0259r\u0259find\u0259n m\u0259qs\u0259dy\u00f6nl\u00fc \u015f\u0259kild\u0259 h\u0259yata ke\u00e7iril\u0259n etnik t\u0259mizl\u0259m\u0259, soyq\u0131r\u0131m\u0131 v\u0259 t\u0259cav\u00fczkarl\u0131q siyas\u0259ti Az\u0259rbaycan tarixinin faci\u0259l\u0259rl\u0259, qanl\u0131 hadis\u0259l\u0259rl\u0259 dolu \u00e7ox a\u011frili m\u0259rh\u0259l\u0259l\u0259rini t\u0259\u015fkil edir. Bu mill\u0259t\u00e7i-\u015fovinist siyas\u0259tin \u0259sas m\u0259qs\u0259di az\u0259rbaycanl\u0131lar\u0131, \u00fcmumiyy\u0259tl\u0259, m\u00fcs\u0259lman-t\u00fcrk \u0259halisini \u00f6z tarixi torpaqlar\u0131ndan qovmaqla \u0259z\u0259li Az\u0259rbaycan \u0259razil\u0259rind\u0259 erm\u0259nil\u0259rin x\u0259yal etdikl\u0259ri \u201cB\u00f6y\u00fck Erm\u0259nistan\u201d d\u00f6vl\u0259ti yaratmaq olmu\u015fdur. M\u0259hz Xocal\u0131 soyq\u0131r\u0131m\u0131 da bu qanl\u0131 siyas\u0259tin davam\u0131d\u0131r.<br \/>\nSonra A. Qurbani Xocal\u0131 faci\u0259sind\u0259n \u00f6nc\u0259ki v\u0259ziyy\u0259t, 366-c\u0131 motoat\u0131c\u0131 alay\u0131n erm\u0259nil\u0259r\u0259 h\u0259rbi texnika, silah-sursat v\u0259 canl\u0131 q\u00fcvv\u0259 sar\u0131dan yard\u0131m\u0131, xaricd\u0259n g\u00f6st\u0259ril\u0259n maddi v\u0259 m\u0259n\u0259vi d\u0259st\u0259k, dinc, silahs\u0131z \u0259haliy\u0259 qar\u015f\u0131 t\u00f6r\u0259dil\u0259n v\u0259h\u015fic\u0259sin\u0259 q\u0259ddarl\u0131qlar v\u0259 27 il \u00f6tm\u0259sin\u0259 baxmayaraq, n\u0259inki xocal\u0131lara, o c\u00fcml\u0259d\u0259n b\u00fct\u00fcn b\u0259\u015f\u0259riyy\u0259t\u0259 qar\u015f\u0131 y\u00f6n\u0259ldilmi\u015f bu qanl\u0131 cinay\u0259tin beyn\u0259lxalq qurumlar\u0131n ikili standartlar\u0131 n\u0259tic\u0259sind\u0259 h\u0259l\u0259 d\u0259 d\u00fczg\u00fcn h\u00fcquqi-siyasi qiym\u0259t verilm\u0259m\u0259si bar\u0259d\u0259 t\u0259dbir i\u015ftirak\u00e7\u0131lar\u0131na \u0259trafl\u0131 m\u0259lumat verib, bu istiqam\u0259td\u0259 \u00f6lk\u0259 r\u0259hb\u0259rliyinin, el\u0259c\u0259 d\u0259 Heyd\u0259r \u018fliyev Fondunun m\u00fct\u0259madi olaraq apard\u0131\u011f\u0131 m\u0259qs\u0259dy\u00f6nl\u00fc siyas\u0259td\u0259n geni\u015f b\u0259hs edib.<br \/>\nT\u0259dbir i\u015ftirak\u00e7\u0131lar\u0131 Xocal\u0131 qurbanlar\u0131n\u0131 ehtiramla yad etm\u0259kl\u0259 yana\u015f\u0131, bu soyq\u0131r\u0131m\u0131n t\u0259\u015fkilat\u00e7\u0131lar\u0131n\u0131, havadarlar\u0131n\u0131 v\u0259 \u0259ll\u0259ri g\u00fcnahs\u0131z insanlar\u0131n qanlar\u0131na bulanm\u0131\u015f can\u0131l\u0259ri l\u0259n\u0259tl\u0259mi\u015f v\u0259 i\u015f\u011fal alt\u0131ndak\u0131 torpaqlar\u0131m\u0131z\u0131 azad ed\u0259r\u0259k Az\u0259rbaycan\u0131n \u0259razi b\u00fct\u00f6vl\u00fcy\u00fcn\u00fc t\u0259min etm\u0259k \u00fc\u00e7\u00fcn Al\u0131 Ba\u015f Komandan\u0131n \u0259mrl\u0259rin\u0259 h\u0259r an haz\u0131r olduqlar\u0131n\u0131 bildirmi\u015fl\u0259r.<br \/>\nAn\u0131m t\u0259dbiri Bak\u0131 B\u0259l\u0259diyy\u0259 Teatr\u0131n\u0131n \u201c\u015eanl\u0131 V\u0259t\u0259n\u201d tama\u015fas\u0131n\u0131n n\u00fcmayi\u015fi il\u0259 sona \u00e7at\u0131b.<\/p>\n<\/div>\n<div class=\"bx-wrapper\">\n<div class=\"bx-viewport\">\n<ul class=\"bxslider\">\n<li class=\"bx-clone\"><a class=\"fancybox\" href=\"https:\/\/mod.gov.az\/\/images\/gallery\/506c982a18c6e2bfad7f8856fb31f500.jpg\" rel=\"group31790\"><img src=\"https:\/\/mod.gov.az\/\/images\/gallery\/506c982a18c6e2bfad7f8856fb31f500.jpg\" \/><\/a><\/li>\n<li><a class=\"fancybox\" href=\"https:\/\/mod.gov.az\/\/images\/gallery\/1c9949fac3813da755d2b4d4a9804b57.jpg\" rel=\"group31790\"><img src=\"https:\/\/mod.gov.az\/\/images\/gallery\/1c9949fac3813da755d2b4d4a9804b57.jpg\" \/><\/a><\/li>\n<li><a class=\"fancybox\" href=\"https:\/\/mod.gov.az\/\/images\/gallery\/be0104cfe0bf1202437292f83a5ce2a9.jpg\" rel=\"group31790\"><img src=\"https:\/\/mod.gov.az\/\/images\/gallery\/be0104cfe0bf1202437292f83a5ce2a9.jpg\" \/><\/a><\/li>\n<li><a class=\"fancybox\" href=\"https:\/\/mod.gov.az\/\/images\/gallery\/a539672591ec36e832e7dd7aba9ab693.jpg\" rel=\"group31790\"><img src=\"https:\/\/mod.gov.az\/\/images\/gallery\/a539672591ec36e832e7dd7aba9ab693.jpg\" \/><\/a><\/li>\n<li><a class=\"fancybox\" href=\"https:\/\/mod.gov.az\/\/images\/gallery\/72d58deccdfbc2bfbe5c7ba19827caff.jpg\" rel=\"group31790\"><img src=\"https:\/\/mod.gov.az\/\/images\/gallery\/72d58deccdfbc2bfbe5c7ba19827caff.jpg\" \/><\/a><\/li>\n<li><a class=\"fancybox\" href=\"https:\/\/mod.gov.az\/\/images\/gallery\/441216a91c267208c28e0e09cccddd04.jpg\" rel=\"group31790\"><img src=\"https:\/\/mod.gov.az\/\/images\/gallery\/441216a91c267208c28e0e09cccddd04.jpg\" \/><\/a><\/li>\n<li><a class=\"fancybox\" href=\"https:\/\/mod.gov.az\/\/images\/gallery\/feef6f309ec4995bba78875791073f1c.jpg\" rel=\"group31790\"><img src=\"https:\/\/mod.gov.az\/\/images\/gallery\/feef6f309ec4995bba78875791073f1c.jpg\" \/><\/a><\/li>\n<li><a class=\"fancybox\" href=\"https:\/\/mod.gov.az\/\/images\/gallery\/b827ae9eca0f394bee658034ba45d451.jpg\" rel=\"group31790\"><img src=\"https:\/\/mod.gov.az\/\/images\/gallery\/b827ae9eca0f394bee658034ba45d451.jpg\" \/><\/a><\/li>\n<li><a class=\"fancybox\" href=\"https:\/\/mod.gov.az\/\/images\/gallery\/506c982a18c6e2bfad7f8856fb31f500.jpg\" rel=\"group31790\"><img src=\"https:\/\/mod.gov.az\/\/images\/gallery\/506c982a18c6e2bfad7f8856fb31f500.jpg\" \/><\/a><\/li>\n<li class=\"bx-clone\"><a class=\"fancybox\" href=\"https:\/\/mod.gov.az\/\/images\/gallery\/1c9949fac3813da755d2b4d4a9804b57.jpg\" rel=\"group31790\"><img src=\"https:\/\/mod.gov.az\/\/images\/gallery\/1c9949fac3813da755d2b4d4a9804b57.jpg\" \/><\/a><\/li>\n<\/ul>\n<\/div>\n<div class=\"bx-controls bx-has-pager bx-has-controls-direction\">\n<div class=\"bx-pager bx-default-pager\">\n<div class=\"bx-pager-item\"><\/div>\n<\/div>\n<\/div>\n<\/div>\n<\/div>\n<div><\/div>\n","protected":false},"excerpt":{"rendered":"<p>ARANTV.AZ x\u0259b\u0259r verir ki,Az\u0259rbaycan Respublikas\u0131 Prezidentinin \u201cXocal\u0131 soyq\u0131r\u0131m\u0131n\u0131n iyirmi yeddinci ild\u00f6n\u00fcm\u00fc haqq\u0131nda\u201d s\u0259r\u0259ncam\u0131n\u0131n icras\u0131 il\u0259 \u0259laq\u0259dar Az\u0259rbaycan Ordusunun birlik, birl\u0259\u015fm\u0259, h\u0259rbi hiss\u0259 v\u0259 x\u00fcsusi t\u0259yinatl\u0131 t\u0259hsil m\u00fc\u0259ssis\u0259l\u0259rind\u0259 silsil\u0259 t\u0259dbirl\u0259r h\u0259yata ke\u00e7irilir. Heyd\u0259r \u018fliyev ad\u0131na Az\u0259rbaycan Ali H\u0259rbi M\u0259kt\u0259bind\u0259 ke\u00e7iril\u0259n an\u0131m m\u0259rasimind\u0259 \u0259vv\u0259lc\u0259 xalq\u0131m\u0131z\u0131n \u00fcmummilli lideri Heyd\u0259r \u018fliyevin, \u00f6lk\u0259mizin \u0259razi b\u00fct\u00f6vl\u00fcy\u00fc, torpaqlar\u0131m\u0131z\u0131n azadl\u0131\u011f\u0131 u\u011frunda \u015f\u0259hid olanlar\u0131n, el\u0259c\u0259 d\u0259 Xocal\u0131 faci\u0259si qurbanlar\u0131n\u0131n xatir\u0259si bir d\u0259qiq\u0259lik s\u00fckutla yad edilib. M\u00fcdafi\u0259 Nazirliyinin zabiti, \u018fm\u0259kdar inc\u0259s\u0259n\u0259t xadimi, Prezidentin f\u0259rdi t\u0259qa\u00fcd\u00e7\u00fcs\u00fc polkovnik Abdulla Qurbani \u00e7\u0131x\u0131\u015f ed\u0259r\u0259k bildirib ki, son 200 ild\u0259n art\u0131q bir m\u00fcdd\u0259td\u0259 xalq\u0131m\u0131za qar\u015f\u0131&hellip;<\/p>\n","protected":false},"author":2,"featured_media":40959,"comment_status":"closed","ping_status":"closed","sticky":false,"template":"","format":"standard","meta":{"om_disable_all_campaigns":false,"_monsterinsights_skip_tracking":false,"_monsterinsights_sitenote_active":false,"_monsterinsights_sitenote_note":"","_monsterinsights_sitenote_category":0},"categories":[19],"tags":[],"aioseo_notices":[],"gutentor_comment":0,"rttpg_featured_image_url":{"full":["https:\/\/arantv.az\/wp-content\/uploads\/2019\/02\/1c9949fac3813da755d2b4d4a9804b57.jpg",1000,667,false],"landscape":["https:\/\/arantv.az\/wp-content\/uploads\/2019\/02\/1c9949fac3813da755d2b4d4a9804b57.jpg",1000,667,false],"portraits":["https:\/\/arantv.az\/wp-content\/uploads\/2019\/02\/1c9949fac3813da755d2b4d4a9804b57.jpg",1000,667,false],"thumbnail":["https:\/\/arantv.az\/wp-content\/uploads\/2019\/02\/1c9949fac3813da755d2b4d4a9804b57-150x150.jpg",150,150,true],"medium":["https:\/\/arantv.az\/wp-content\/uploads\/2019\/02\/1c9949fac3813da755d2b4d4a9804b57-300x200.jpg",300,200,true],"large":["https:\/\/arantv.az\/wp-content\/uploads\/2019\/02\/1c9949fac3813da755d2b4d4a9804b57.jpg",640,427,false],"1536x1536":["https:\/\/arantv.az\/wp-content\/uploads\/2019\/02\/1c9949fac3813da755d2b4d4a9804b57.jpg",1000,667,false],"2048x2048":["https:\/\/arantv.az\/wp-content\/uploads\/2019\/02\/1c9949fac3813da755d2b4d4a9804b57.jpg",1000,667,false],"post-thumbnail":["https:\/\/arantv.az\/wp-content\/uploads\/2019\/02\/1c9949fac3813da755d2b4d4a9804b57-240x172.jpg",240,172,true],"advps-thumb-one":["https:\/\/arantv.az\/wp-content\/uploads\/2019\/02\/1c9949fac3813da755d2b4d4a9804b57-1000x620.jpg",1000,620,true]},"rttpg_author":{"display_name":"V\u00fcsal Rafiqo\u011flu","author_link":"https:\/\/arantv.az\/?author=2"},"rttpg_comment":0,"rttpg_category":"<a href=\"https:\/\/arantv.az\/?cat=19\" rel=\"category\">G\u00fcnd\u0259m<\/a>","rttpg_excerpt":"ARANTV.AZ x\u0259b\u0259r verir ki,Az\u0259rbaycan Respublikas\u0131 Prezidentinin \u201cXocal\u0131 soyq\u0131r\u0131m\u0131n\u0131n iyirmi yeddinci ild\u00f6n\u00fcm\u00fc haqq\u0131nda\u201d s\u0259r\u0259ncam\u0131n\u0131n icras\u0131 il\u0259 \u0259laq\u0259dar Az\u0259rbaycan Ordusunun birlik, birl\u0259\u015fm\u0259, h\u0259rbi hiss\u0259 v\u0259 x\u00fcsusi t\u0259yinatl\u0131 t\u0259hsil m\u00fc\u0259ssis\u0259l\u0259rind\u0259 silsil\u0259 t\u0259dbirl\u0259r h\u0259yata ke\u00e7irilir. Heyd\u0259r \u018fliyev ad\u0131na Az\u0259rbaycan Ali H\u0259rbi M\u0259kt\u0259bind\u0259 ke\u00e7iril\u0259n an\u0131m m\u0259rasimind\u0259 \u0259vv\u0259lc\u0259 xalq\u0131m\u0131z\u0131n \u00fcmummilli lideri Heyd\u0259r \u018fliyevin, \u00f6lk\u0259mizin \u0259razi b\u00fct\u00f6vl\u00fcy\u00fc, torpaqlar\u0131m\u0131z\u0131n azadl\u0131\u011f\u0131 u\u011frunda \u015f\u0259hid olanlar\u0131n,&hellip;","_links":{"self":[{"href":"https:\/\/arantv.az\/index.php?rest_route=\/wp\/v2\/posts\/40958"}],"collection":[{"href":"https:\/\/arantv.az\/index.php?rest_route=\/wp\/v2\/posts"}],"about":[{"href":"https:\/\/arantv.az\/index.php?rest_route=\/wp\/v2\/types\/post"}],"author":[{"embeddable":true,"href":"https:\/\/arantv.az\/index.php?rest_route=\/wp\/v2\/users\/2"}],"replies":[{"embeddable":true,"href":"https:\/\/arantv.az\/index.php?rest_route=%2Fwp%2Fv2%2Fcomments&post=40958"}],"version-history":[{"count":0,"href":"https:\/\/arantv.az\/index.php?rest_route=\/wp\/v2\/posts\/40958\/revisions"}],"wp:featuredmedia":[{"embeddable":true,"href":"https:\/\/arantv.az\/index.php?rest_route=\/wp\/v2\/media\/40959"}],"wp:attachment":[{"href":"https:\/\/arantv.az\/index.php?rest_route=%2Fwp%2Fv2%2Fmedia&parent=40958"}],"wp:term":[{"taxonomy":"category","embeddable":true,"href":"https:\/\/arantv.az\/index.php?rest_route=%2Fwp%2Fv2%2Fcategories&post=40958"},{"taxonomy":"post_tag","embeddable":true,"href":"https:\/\/arantv.az\/index.php?rest_route=%2Fwp%2Fv2%2Ftags&post=40958"}],"curies":[{"name":"wp","href":"https:\/\/api.w.org\/{rel}","templated":true}]}}