{"id":40965,"date":"2019-02-23T15:49:30","date_gmt":"2019-02-23T12:49:30","guid":{"rendered":"http:\/\/arantv.az\/?p=40965"},"modified":"2019-02-23T15:49:30","modified_gmt":"2019-02-23T12:49:30","slug":"mehriban-%c9%99liyeva-m%c9%99kt%c9%99bli-z%c9%99hra-salmanliya-h%c9%99diyy%c9%99-gond%c9%99rdi-foto","status":"publish","type":"post","link":"https:\/\/arantv.az\/?p=40965","title":{"rendered":"Mehriban \u018fliyeva m\u0259kt\u0259bli Z\u0259hra Salmanl\u0131ya h\u0259diyy\u0259 g\u00f6nd\u0259rdi &#8211; FOTO"},"content":{"rendered":"<p>Heyd\u0259r \u018fliyev Fondunun prezidenti\u00a0<strong>Mehriban \u018fliyeva<\/strong>\u00a0\u0130ran\u0131n paytaxt\u0131 Tehranda ke\u00e7irilmi\u015f karate \u00fczr\u0259 beyn\u0259lxalq turnirin qalibi Z\u0259hra Salmanl\u0131n\u0131 t\u0259brik edib, ona yar\u0131\u015flar zaman\u0131 u\u011furlu \u00e7\u0131x\u0131\u015flar\u0131na v\u0259 g\u00f6st\u0259rdiyi v\u0259t\u0259np\u0259rv\u0259rliy\u0259 g\u00f6r\u0259 h\u0259diyy\u0259 g\u00f6nd\u0259rib.<\/p>\n<p>Bu bar\u0259d\u0259 Heyd\u0259r \u018fliyev Fondu\u00a0<a href=\"https:\/\/www.facebook.com\/heydaraliyevfoundationofficial\/posts\/1284822531666119?__tn__=-R\" target=\"_blank\" rel=\"noopener\">m\u0259lumat\u00a0<\/a>yay\u0131b.<\/p>\n<p>Heyd\u0259r \u018fliyev Fondunun n\u00fcmay\u0259nd\u0259l\u0259ri bu g\u00fcn Z\u0259hra Salmanl\u0131ya komp\u00fcter v\u0259 Fondun m\u00fcxt\u0259lif n\u0259\u015frl\u0259rini t\u0259qdim edib.<\/p>\n<div id=\"AdributorNativeVideo0\" class=\"AdributorNativeVideo\"><\/div>\n<p>Qeyd ed\u0259k ki, be\u015finci sinif \u015fagirdi Z\u0259hr\u0259 Salmanl\u0131 turnirin ke\u00e7irildiyi zalda Az\u0259rbaycan bayra\u011f\u0131n\u0131n Erm\u0259nistan bayra\u011f\u0131n\u0131n alt\u0131nda as\u0131lmas\u0131na etiraz\u0131n\u0131 bildirib v\u0259 t\u0259\u015fkilat\u00e7\u0131lara bayra\u011f\u0131n yerinin d\u0259yi\u015fdirilm\u0259y\u0259c\u0259yi t\u0259qdird\u0259, yar\u0131\u015fda i\u015ftirak etm\u0259y\u0259c\u0259yini deyib. Z\u0259hran\u0131n t\u0259l\u0259bind\u0259n sonra Az\u0259rbaycan bayra\u011f\u0131n\u0131n yeri d\u0259yi\u015fdirilib.<\/p>\n<div class=\"gallery\">\n<div class=\"gallery-i\"><img src=\"https:\/\/assets.oxu.az\/uploads\/W1siZiIsIjIwMTkvMDIvMjMvMTYvMzYvMjYvYTIwYmVlMWEtOGFhMi00MDZlLWI2MjgtNjU4MjQ0ODA3YjNiLzUyNTUyMDA4XzEyODQ4MjE4NzgzMzI4NTFfMzI0NTk3NjQzNjUxODk0NDc2OF9uLmpwZyJdLFsicCIsImVuY29kZSIsImpwZyIsIi1xdWFsaXR5IDgwIl0sWyJwIiwidGh1bWIiLCI1OTB4NTkwXHUwMDNlIl1d?sha=6305bd7c50e09419\" alt=\"\" \/><\/p>\n<div class=\"gallery-i-caption\"><\/div>\n<\/div>\n<div class=\"gallery-i\"><img src=\"https:\/\/assets.oxu.az\/uploads\/W1siZiIsIjIwMTkvMDIvMjMvMTYvMzYvMjcvZGUzMmIzNmYtMDdkNS00ZTA3LWFjZmEtZGI4YTU1ODI3ODY4LzUyNTkyNjUxXzEyODQ4MjE3NDgzMzI4NjRfNzkzMTU1MjI5MDYyMjY2ODgwMF9uLmpwZyJdLFsicCIsImVuY29kZSIsImpwZyIsIi1xdWFsaXR5IDgwIl0sWyJwIiwidGh1bWIiLCI1OTB4NTkwXHUwMDNlIl1d?sha=49947cfc3463d9e5\" alt=\"\" \/><\/p>\n<div class=\"gallery-i-caption\"><\/div>\n<\/div>\n<div class=\"gallery-i\"><img src=\"https:\/\/assets.oxu.az\/uploads\/W1siZiIsIjIwMTkvMDIvMjMvMTYvMzYvMjcvM2IwNzQwODQtZTM5MS00NDY3LWExNzUtZWM2ZDZjZmI3NTNlLzUyNzA2NTAxXzEyODQ4MjE4OTQ5OTk1MTZfMTY0NDIwMzQzNDcwMzg0NzQyNF9uLmpwZyJdLFsicCIsImVuY29kZSIsImpwZyIsIi1xdWFsaXR5IDgwIl0sWyJwIiwidGh1bWIiLCI1OTB4NTkwXHUwMDNlIl1d?sha=88b6407fc1db8b38\" alt=\"\" \/><\/p>\n<div class=\"gallery-i-caption\"><\/div>\n<\/div>\n<div class=\"gallery-i\"><img src=\"https:\/\/assets.oxu.az\/uploads\/W1siZiIsIjIwMTkvMDIvMjMvMTYvMzYvMjgvZTE3NzJjZTQtMzIzMi00YTBhLTg4NjYtMjNhOWJmOTk0MjQ4LzUyODU0NTA3XzEyODQ4MjE3MzgzMzI4NjVfODkxOTYwNTMyOTQ3NDM1NTIwMF9uLmpwZyJdLFsicCIsImVuY29kZSIsImpwZyIsIi1xdWFsaXR5IDgwIl0sWyJwIiwidGh1bWIiLCI1OTB4NTkwXHUwMDNlIl1d?sha=eb186aa46b1858d0\" alt=\"\" \/><\/div>\n<\/div>\n","protected":false},"excerpt":{"rendered":"<p>Heyd\u0259r \u018fliyev Fondunun prezidenti\u00a0Mehriban \u018fliyeva\u00a0\u0130ran\u0131n paytaxt\u0131 Tehranda ke\u00e7irilmi\u015f karate \u00fczr\u0259 beyn\u0259lxalq turnirin qalibi Z\u0259hra Salmanl\u0131n\u0131 t\u0259brik edib, ona yar\u0131\u015flar zaman\u0131 u\u011furlu \u00e7\u0131x\u0131\u015flar\u0131na v\u0259 g\u00f6st\u0259rdiyi v\u0259t\u0259np\u0259rv\u0259rliy\u0259 g\u00f6r\u0259 h\u0259diyy\u0259 g\u00f6nd\u0259rib. Bu bar\u0259d\u0259 Heyd\u0259r \u018fliyev Fondu\u00a0m\u0259lumat\u00a0yay\u0131b. Heyd\u0259r \u018fliyev Fondunun n\u00fcmay\u0259nd\u0259l\u0259ri bu g\u00fcn Z\u0259hra Salmanl\u0131ya komp\u00fcter v\u0259 Fondun m\u00fcxt\u0259lif n\u0259\u015frl\u0259rini t\u0259qdim edib. Qeyd ed\u0259k ki, be\u015finci sinif \u015fagirdi Z\u0259hr\u0259 Salmanl\u0131 turnirin ke\u00e7irildiyi zalda Az\u0259rbaycan bayra\u011f\u0131n\u0131n Erm\u0259nistan bayra\u011f\u0131n\u0131n alt\u0131nda as\u0131lmas\u0131na etiraz\u0131n\u0131 bildirib v\u0259 t\u0259\u015fkilat\u00e7\u0131lara bayra\u011f\u0131n yerinin d\u0259yi\u015fdirilm\u0259y\u0259c\u0259yi t\u0259qdird\u0259, yar\u0131\u015fda i\u015ftirak etm\u0259y\u0259c\u0259yini deyib. Z\u0259hran\u0131n t\u0259l\u0259bind\u0259n sonra Az\u0259rbaycan bayra\u011f\u0131n\u0131n yeri d\u0259yi\u015fdirilib.<\/p>\n","protected":false},"author":2,"featured_media":40966,"comment_status":"closed","ping_status":"closed","sticky":false,"template":"","format":"standard","meta":{"om_disable_all_campaigns":false,"_monsterinsights_skip_tracking":false,"_monsterinsights_sitenote_active":false,"_monsterinsights_sitenote_note":"","_monsterinsights_sitenote_category":0},"categories":[4],"tags":[],"aioseo_notices":[],"gutentor_comment":0,"rttpg_featured_image_url":{"full":["https:\/\/arantv.az\/wp-content\/uploads\/2019\/02\/52596090_1284821758332863_5404111182506229760_n.jpg",620,412,false],"landscape":["https:\/\/arantv.az\/wp-content\/uploads\/2019\/02\/52596090_1284821758332863_5404111182506229760_n.jpg",620,412,false],"portraits":["https:\/\/arantv.az\/wp-content\/uploads\/2019\/02\/52596090_1284821758332863_5404111182506229760_n.jpg",620,412,false],"thumbnail":["https:\/\/arantv.az\/wp-content\/uploads\/2019\/02\/52596090_1284821758332863_5404111182506229760_n-150x150.jpg",150,150,true],"medium":["https:\/\/arantv.az\/wp-content\/uploads\/2019\/02\/52596090_1284821758332863_5404111182506229760_n-300x199.jpg",300,199,true],"large":["https:\/\/arantv.az\/wp-content\/uploads\/2019\/02\/52596090_1284821758332863_5404111182506229760_n.jpg",620,412,false],"1536x1536":["https:\/\/arantv.az\/wp-content\/uploads\/2019\/02\/52596090_1284821758332863_5404111182506229760_n.jpg",620,412,false],"2048x2048":["https:\/\/arantv.az\/wp-content\/uploads\/2019\/02\/52596090_1284821758332863_5404111182506229760_n.jpg",620,412,false],"post-thumbnail":["https:\/\/arantv.az\/wp-content\/uploads\/2019\/02\/52596090_1284821758332863_5404111182506229760_n-240x172.jpg",240,172,true],"advps-thumb-one":["https:\/\/arantv.az\/wp-content\/uploads\/2019\/02\/52596090_1284821758332863_5404111182506229760_n.jpg",620,412,false]},"rttpg_author":{"display_name":"V\u00fcsal Rafiqo\u011flu","author_link":"https:\/\/arantv.az\/?author=2"},"rttpg_comment":0,"rttpg_category":"<a href=\"https:\/\/arantv.az\/?cat=4\" rel=\"category\">Siyas\u0259t<\/a>","rttpg_excerpt":"Heyd\u0259r \u018fliyev Fondunun prezidenti\u00a0Mehriban \u018fliyeva\u00a0\u0130ran\u0131n paytaxt\u0131 Tehranda ke\u00e7irilmi\u015f karate \u00fczr\u0259 beyn\u0259lxalq turnirin qalibi Z\u0259hra Salmanl\u0131n\u0131 t\u0259brik edib, ona yar\u0131\u015flar zaman\u0131 u\u011furlu \u00e7\u0131x\u0131\u015flar\u0131na v\u0259 g\u00f6st\u0259rdiyi v\u0259t\u0259np\u0259rv\u0259rliy\u0259 g\u00f6r\u0259 h\u0259diyy\u0259 g\u00f6nd\u0259rib. Bu bar\u0259d\u0259 Heyd\u0259r \u018fliyev Fondu\u00a0m\u0259lumat\u00a0yay\u0131b. Heyd\u0259r \u018fliyev Fondunun n\u00fcmay\u0259nd\u0259l\u0259ri bu g\u00fcn Z\u0259hra Salmanl\u0131ya komp\u00fcter v\u0259 Fondun m\u00fcxt\u0259lif n\u0259\u015frl\u0259rini t\u0259qdim edib. Qeyd ed\u0259k ki, be\u015finci sinif \u015fagirdi Z\u0259hr\u0259&hellip;","_links":{"self":[{"href":"https:\/\/arantv.az\/index.php?rest_route=\/wp\/v2\/posts\/40965"}],"collection":[{"href":"https:\/\/arantv.az\/index.php?rest_route=\/wp\/v2\/posts"}],"about":[{"href":"https:\/\/arantv.az\/index.php?rest_route=\/wp\/v2\/types\/post"}],"author":[{"embeddable":true,"href":"https:\/\/arantv.az\/index.php?rest_route=\/wp\/v2\/users\/2"}],"replies":[{"embeddable":true,"href":"https:\/\/arantv.az\/index.php?rest_route=%2Fwp%2Fv2%2Fcomments&post=40965"}],"version-history":[{"count":0,"href":"https:\/\/arantv.az\/index.php?rest_route=\/wp\/v2\/posts\/40965\/revisions"}],"wp:featuredmedia":[{"embeddable":true,"href":"https:\/\/arantv.az\/index.php?rest_route=\/wp\/v2\/media\/40966"}],"wp:attachment":[{"href":"https:\/\/arantv.az\/index.php?rest_route=%2Fwp%2Fv2%2Fmedia&parent=40965"}],"wp:term":[{"taxonomy":"category","embeddable":true,"href":"https:\/\/arantv.az\/index.php?rest_route=%2Fwp%2Fv2%2Fcategories&post=40965"},{"taxonomy":"post_tag","embeddable":true,"href":"https:\/\/arantv.az\/index.php?rest_route=%2Fwp%2Fv2%2Ftags&post=40965"}],"curies":[{"name":"wp","href":"https:\/\/api.w.org\/{rel}","templated":true}]}}