{"id":40971,"date":"2019-02-23T15:51:36","date_gmt":"2019-02-23T12:51:36","guid":{"rendered":"http:\/\/arantv.az\/?p=40971"},"modified":"2019-02-23T15:51:36","modified_gmt":"2019-02-23T12:51:36","slug":"turkiy%c9%99-dardanel-bogazini-yen%c9%99-bagladi-bu-d%c9%99f%c9%99-basqa-s%c9%99b%c9%99b","status":"publish","type":"post","link":"https:\/\/arantv.az\/?p=40971","title":{"rendered":"T\u00fcrkiy\u0259 Dardanel bo\u011faz\u0131n\u0131 yen\u0259 ba\u011flad\u0131, bu d\u0259f\u0259 ba\u015fqa S\u018fB\u018fB"},"content":{"rendered":"<p><strong>T\u00fcrkiy\u0259 h\u0259ft\u0259 \u0259rzind\u0259 art\u0131q ikinci d\u0259f\u0259dir ki, Dardanel bo\u011faz\u0131n\u0131 beyn\u0259lxalq g\u0259mil\u0259r \u00fc\u00e7\u00fcn ba\u011flay\u0131b.<\/strong><\/p>\n<p><strong>ARANTV.AZ<\/strong> trend-\u0259 istinad\u0259n bildirir ki,\u00a0bo\u011fazda g\u0259mil\u0259rin h\u0259r\u0259k\u0259ti s\u0259h\u0259r saat 09:15-d\u0259n dayand\u0131r\u0131l\u0131b. G\u0259mil\u0259rin h\u0259r\u0259k\u0259tinin dayand\u0131r\u0131lmas\u0131na is\u0259 haz\u0131rda m\u00fc\u015fahid\u0259 olunan g\u00fccl\u00fc k\u00fcl\u0259k v\u0259 ya\u011f\u0131\u015f s\u0259b\u0259b olaraq g\u00f6st\u0259rilir.<\/p>\n<div id=\"AdributorNativeVideo0\" class=\"AdributorNativeVideo\"><\/div>\n<p>Qeyd ed\u0259k ki, sonuncu d\u0259f\u0259 Dardanel bo\u011faz\u0131 beyn\u0259lxalq g\u0259mil\u0259r \u00fc\u00e7\u00fcn fevral\u0131n 21-d\u0259 ba\u011flanm\u0131\u015fd\u0131. H\u0259min g\u00fcn is\u0259 bo\u011fazda h\u0259r\u0259k\u0259t qat\u0131 duman s\u0259b\u0259bind\u0259n dayand\u0131r\u0131lm\u0131\u015fd\u0131.<\/p>\n","protected":false},"excerpt":{"rendered":"<p>T\u00fcrkiy\u0259 h\u0259ft\u0259 \u0259rzind\u0259 art\u0131q ikinci d\u0259f\u0259dir ki, Dardanel bo\u011faz\u0131n\u0131 beyn\u0259lxalq g\u0259mil\u0259r \u00fc\u00e7\u00fcn ba\u011flay\u0131b. ARANTV.AZ trend-\u0259 istinad\u0259n bildirir ki,\u00a0bo\u011fazda g\u0259mil\u0259rin h\u0259r\u0259k\u0259ti s\u0259h\u0259r saat 09:15-d\u0259n dayand\u0131r\u0131l\u0131b. G\u0259mil\u0259rin h\u0259r\u0259k\u0259tinin dayand\u0131r\u0131lmas\u0131na is\u0259 haz\u0131rda m\u00fc\u015fahid\u0259 olunan g\u00fccl\u00fc k\u00fcl\u0259k v\u0259 ya\u011f\u0131\u015f s\u0259b\u0259b olaraq g\u00f6st\u0259rilir. Qeyd ed\u0259k ki, sonuncu d\u0259f\u0259 Dardanel bo\u011faz\u0131 beyn\u0259lxalq g\u0259mil\u0259r \u00fc\u00e7\u00fcn fevral\u0131n 21-d\u0259 ba\u011flanm\u0131\u015fd\u0131. H\u0259min g\u00fcn is\u0259 bo\u011fazda h\u0259r\u0259k\u0259t qat\u0131 duman s\u0259b\u0259bind\u0259n dayand\u0131r\u0131lm\u0131\u015fd\u0131.<\/p>\n","protected":false},"author":2,"featured_media":40972,"comment_status":"closed","ping_status":"closed","sticky":false,"template":"","format":"standard","meta":{"om_disable_all_campaigns":false,"_monsterinsights_skip_tracking":false,"_monsterinsights_sitenote_active":false,"_monsterinsights_sitenote_note":"","_monsterinsights_sitenote_category":0},"categories":[7],"tags":[],"aioseo_notices":[],"gutentor_comment":0,"rttpg_featured_image_url":{"full":["https:\/\/arantv.az\/wp-content\/uploads\/2019\/02\/733382.jpg",800,600,false],"landscape":["https:\/\/arantv.az\/wp-content\/uploads\/2019\/02\/733382.jpg",800,600,false],"portraits":["https:\/\/arantv.az\/wp-content\/uploads\/2019\/02\/733382.jpg",800,600,false],"thumbnail":["https:\/\/arantv.az\/wp-content\/uploads\/2019\/02\/733382-150x150.jpg",150,150,true],"medium":["https:\/\/arantv.az\/wp-content\/uploads\/2019\/02\/733382-300x225.jpg",300,225,true],"large":["https:\/\/arantv.az\/wp-content\/uploads\/2019\/02\/733382.jpg",640,480,false],"1536x1536":["https:\/\/arantv.az\/wp-content\/uploads\/2019\/02\/733382.jpg",800,600,false],"2048x2048":["https:\/\/arantv.az\/wp-content\/uploads\/2019\/02\/733382.jpg",800,600,false],"post-thumbnail":["https:\/\/arantv.az\/wp-content\/uploads\/2019\/02\/733382-240x172.jpg",240,172,true],"advps-thumb-one":["https:\/\/arantv.az\/wp-content\/uploads\/2019\/02\/733382.jpg",800,600,false]},"rttpg_author":{"display_name":"V\u00fcsal Rafiqo\u011flu","author_link":"https:\/\/arantv.az\/?author=2"},"rttpg_comment":0,"rttpg_category":"<a href=\"https:\/\/arantv.az\/?cat=7\" rel=\"category\">D\u00fcnya<\/a>","rttpg_excerpt":"T\u00fcrkiy\u0259 h\u0259ft\u0259 \u0259rzind\u0259 art\u0131q ikinci d\u0259f\u0259dir ki, Dardanel bo\u011faz\u0131n\u0131 beyn\u0259lxalq g\u0259mil\u0259r \u00fc\u00e7\u00fcn ba\u011flay\u0131b. ARANTV.AZ trend-\u0259 istinad\u0259n bildirir ki,\u00a0bo\u011fazda g\u0259mil\u0259rin h\u0259r\u0259k\u0259ti s\u0259h\u0259r saat 09:15-d\u0259n dayand\u0131r\u0131l\u0131b. G\u0259mil\u0259rin h\u0259r\u0259k\u0259tinin dayand\u0131r\u0131lmas\u0131na is\u0259 haz\u0131rda m\u00fc\u015fahid\u0259 olunan g\u00fccl\u00fc k\u00fcl\u0259k v\u0259 ya\u011f\u0131\u015f s\u0259b\u0259b olaraq g\u00f6st\u0259rilir. Qeyd ed\u0259k ki, sonuncu d\u0259f\u0259 Dardanel bo\u011faz\u0131 beyn\u0259lxalq g\u0259mil\u0259r \u00fc\u00e7\u00fcn fevral\u0131n 21-d\u0259 ba\u011flanm\u0131\u015fd\u0131. H\u0259min g\u00fcn is\u0259 bo\u011fazda&hellip;","_links":{"self":[{"href":"https:\/\/arantv.az\/index.php?rest_route=\/wp\/v2\/posts\/40971"}],"collection":[{"href":"https:\/\/arantv.az\/index.php?rest_route=\/wp\/v2\/posts"}],"about":[{"href":"https:\/\/arantv.az\/index.php?rest_route=\/wp\/v2\/types\/post"}],"author":[{"embeddable":true,"href":"https:\/\/arantv.az\/index.php?rest_route=\/wp\/v2\/users\/2"}],"replies":[{"embeddable":true,"href":"https:\/\/arantv.az\/index.php?rest_route=%2Fwp%2Fv2%2Fcomments&post=40971"}],"version-history":[{"count":0,"href":"https:\/\/arantv.az\/index.php?rest_route=\/wp\/v2\/posts\/40971\/revisions"}],"wp:featuredmedia":[{"embeddable":true,"href":"https:\/\/arantv.az\/index.php?rest_route=\/wp\/v2\/media\/40972"}],"wp:attachment":[{"href":"https:\/\/arantv.az\/index.php?rest_route=%2Fwp%2Fv2%2Fmedia&parent=40971"}],"wp:term":[{"taxonomy":"category","embeddable":true,"href":"https:\/\/arantv.az\/index.php?rest_route=%2Fwp%2Fv2%2Fcategories&post=40971"},{"taxonomy":"post_tag","embeddable":true,"href":"https:\/\/arantv.az\/index.php?rest_route=%2Fwp%2Fv2%2Ftags&post=40971"}],"curies":[{"name":"wp","href":"https:\/\/api.w.org\/{rel}","templated":true}]}}