{"id":40974,"date":"2019-02-23T15:52:16","date_gmt":"2019-02-23T12:52:16","guid":{"rendered":"http:\/\/arantv.az\/?p=40974"},"modified":"2019-02-23T15:52:16","modified_gmt":"2019-02-23T12:52:16","slug":"turkiy%c9%99nin-s-400-almasindan-narahatiq-sanahan","status":"publish","type":"post","link":"https:\/\/arantv.az\/?p=40974","title":{"rendered":"&#8220;T\u00fcrkiy\u0259nin S-400 almas\u0131ndan narahat\u0131q&#8221; &#8211; \u015eanahan"},"content":{"rendered":"<p>AB\u015e M\u00fcdafi\u0259 nazirinin s\u0259lahiyy\u0259tl\u0259rinin m\u00fcv\u0259qq\u0259ti icra\u00e7\u0131s\u0131 Patrik \u015eanahanla T\u00fcrkiy\u0259 M\u00fcdafi\u0259 naziri Hulusi Akar aras\u0131nda Va\u015finqtonda ba\u015f tutan g\u00f6r\u00fc\u015f zaman\u0131 Ankaran\u0131n Rusiyadan S-400 kompleksl\u0259ri almas\u0131 m\u00fczakir\u0259 olunub.<\/p>\n<p><strong>ARANTV.AZ<\/strong> Axar.az-a istinad\u0259n x\u0259b\u0259r verir ki, bu m\u0259lumat\u0131 Pentaqonun m\u0259tbuat xidm\u0259ti yay\u0131b. G\u00f6r\u00fc\u015f zaman\u0131 \u015eanahan T\u00fcrkiy\u0259nin S-400-l\u0259ri almas\u0131ndan narahat olduqlar\u0131n\u0131 deyib.<\/p>\n<div id=\"AdributorNativeVideo0\" class=\"AdributorNativeVideo\"><\/div>\n<p>Qeyd ed\u0259k ki, bundan \u00f6nc\u0259 T\u00fcrkiy\u0259 M\u00fcdafi\u0259 naziri Hulusi Akar S-400-l\u0259rin T\u00fcrkiy\u0259d\u0259 oktyabr ay\u0131ndan etibar\u0259n yerl\u0259\u015fdirilm\u0259y\u0259 ba\u015flayaca\u011f\u0131n\u0131 bildirib.<\/p>\n","protected":false},"excerpt":{"rendered":"<p>AB\u015e M\u00fcdafi\u0259 nazirinin s\u0259lahiyy\u0259tl\u0259rinin m\u00fcv\u0259qq\u0259ti icra\u00e7\u0131s\u0131 Patrik \u015eanahanla T\u00fcrkiy\u0259 M\u00fcdafi\u0259 naziri Hulusi Akar aras\u0131nda Va\u015finqtonda ba\u015f tutan g\u00f6r\u00fc\u015f zaman\u0131 Ankaran\u0131n Rusiyadan S-400 kompleksl\u0259ri almas\u0131 m\u00fczakir\u0259 olunub. ARANTV.AZ Axar.az-a istinad\u0259n x\u0259b\u0259r verir ki, bu m\u0259lumat\u0131 Pentaqonun m\u0259tbuat xidm\u0259ti yay\u0131b. G\u00f6r\u00fc\u015f zaman\u0131 \u015eanahan T\u00fcrkiy\u0259nin S-400-l\u0259ri almas\u0131ndan narahat olduqlar\u0131n\u0131 deyib. Qeyd ed\u0259k ki, bundan \u00f6nc\u0259 T\u00fcrkiy\u0259 M\u00fcdafi\u0259 naziri Hulusi Akar S-400-l\u0259rin T\u00fcrkiy\u0259d\u0259 oktyabr ay\u0131ndan etibar\u0259n yerl\u0259\u015fdirilm\u0259y\u0259 ba\u015flayaca\u011f\u0131n\u0131 bildirib.<\/p>\n","protected":false},"author":2,"featured_media":40975,"comment_status":"closed","ping_status":"closed","sticky":false,"template":"","format":"standard","meta":{"om_disable_all_campaigns":false,"_monsterinsights_skip_tracking":false,"_monsterinsights_sitenote_active":false,"_monsterinsights_sitenote_note":"","_monsterinsights_sitenote_category":0},"categories":[7],"tags":[],"aioseo_notices":[],"gutentor_comment":0,"rttpg_featured_image_url":{"full":["https:\/\/arantv.az\/wp-content\/uploads\/2019\/02\/733359.jpg",800,600,false],"landscape":["https:\/\/arantv.az\/wp-content\/uploads\/2019\/02\/733359.jpg",800,600,false],"portraits":["https:\/\/arantv.az\/wp-content\/uploads\/2019\/02\/733359.jpg",800,600,false],"thumbnail":["https:\/\/arantv.az\/wp-content\/uploads\/2019\/02\/733359-150x150.jpg",150,150,true],"medium":["https:\/\/arantv.az\/wp-content\/uploads\/2019\/02\/733359-300x225.jpg",300,225,true],"large":["https:\/\/arantv.az\/wp-content\/uploads\/2019\/02\/733359.jpg",640,480,false],"1536x1536":["https:\/\/arantv.az\/wp-content\/uploads\/2019\/02\/733359.jpg",800,600,false],"2048x2048":["https:\/\/arantv.az\/wp-content\/uploads\/2019\/02\/733359.jpg",800,600,false],"post-thumbnail":["https:\/\/arantv.az\/wp-content\/uploads\/2019\/02\/733359-240x172.jpg",240,172,true],"advps-thumb-one":["https:\/\/arantv.az\/wp-content\/uploads\/2019\/02\/733359.jpg",800,600,false]},"rttpg_author":{"display_name":"V\u00fcsal Rafiqo\u011flu","author_link":"https:\/\/arantv.az\/?author=2"},"rttpg_comment":0,"rttpg_category":"<a href=\"https:\/\/arantv.az\/?cat=7\" rel=\"category\">D\u00fcnya<\/a>","rttpg_excerpt":"AB\u015e M\u00fcdafi\u0259 nazirinin s\u0259lahiyy\u0259tl\u0259rinin m\u00fcv\u0259qq\u0259ti icra\u00e7\u0131s\u0131 Patrik \u015eanahanla T\u00fcrkiy\u0259 M\u00fcdafi\u0259 naziri Hulusi Akar aras\u0131nda Va\u015finqtonda ba\u015f tutan g\u00f6r\u00fc\u015f zaman\u0131 Ankaran\u0131n Rusiyadan S-400 kompleksl\u0259ri almas\u0131 m\u00fczakir\u0259 olunub. ARANTV.AZ Axar.az-a istinad\u0259n x\u0259b\u0259r verir ki, bu m\u0259lumat\u0131 Pentaqonun m\u0259tbuat xidm\u0259ti yay\u0131b. G\u00f6r\u00fc\u015f zaman\u0131 \u015eanahan T\u00fcrkiy\u0259nin S-400-l\u0259ri almas\u0131ndan narahat olduqlar\u0131n\u0131 deyib. Qeyd ed\u0259k ki, bundan \u00f6nc\u0259 T\u00fcrkiy\u0259 M\u00fcdafi\u0259 naziri&hellip;","_links":{"self":[{"href":"https:\/\/arantv.az\/index.php?rest_route=\/wp\/v2\/posts\/40974"}],"collection":[{"href":"https:\/\/arantv.az\/index.php?rest_route=\/wp\/v2\/posts"}],"about":[{"href":"https:\/\/arantv.az\/index.php?rest_route=\/wp\/v2\/types\/post"}],"author":[{"embeddable":true,"href":"https:\/\/arantv.az\/index.php?rest_route=\/wp\/v2\/users\/2"}],"replies":[{"embeddable":true,"href":"https:\/\/arantv.az\/index.php?rest_route=%2Fwp%2Fv2%2Fcomments&post=40974"}],"version-history":[{"count":0,"href":"https:\/\/arantv.az\/index.php?rest_route=\/wp\/v2\/posts\/40974\/revisions"}],"wp:featuredmedia":[{"embeddable":true,"href":"https:\/\/arantv.az\/index.php?rest_route=\/wp\/v2\/media\/40975"}],"wp:attachment":[{"href":"https:\/\/arantv.az\/index.php?rest_route=%2Fwp%2Fv2%2Fmedia&parent=40974"}],"wp:term":[{"taxonomy":"category","embeddable":true,"href":"https:\/\/arantv.az\/index.php?rest_route=%2Fwp%2Fv2%2Fcategories&post=40974"},{"taxonomy":"post_tag","embeddable":true,"href":"https:\/\/arantv.az\/index.php?rest_route=%2Fwp%2Fv2%2Ftags&post=40974"}],"curies":[{"name":"wp","href":"https:\/\/api.w.org\/{rel}","templated":true}]}}