{"id":411653,"date":"2021-12-03T10:53:14","date_gmt":"2021-12-03T07:53:14","guid":{"rendered":"http:\/\/arantv.az\/?p=411653"},"modified":"2021-12-03T10:53:14","modified_gmt":"2021-12-03T07:53:14","slug":"noldu-pasinyan-dey%c9%99n-aktyorun-bakidaki-bu-goruntul%c9%99ri-hamini-heyr%c9%99tl%c9%99ndirdi-video","status":"publish","type":"post","link":"https:\/\/arantv.az\/?p=411653","title":{"rendered":"&#8220;Noldu, Pa\u015finyan?&#8221; dey\u0259n aktyorun Bak\u0131dak\u0131 bu g\u00f6r\u00fcnt\u00fcl\u0259ri ham\u0131n\u0131 heyr\u0259tl\u0259ndirdi &#8211; V\u0130DEO"},"content":{"rendered":"<p>T\u00fcrkiy\u0259li aktyor Ozan Akbaban\u0131n sosial \u015f\u0259b\u0259k\u0259l\u0259rd\u0259 yeni g\u00f6r\u00fcnt\u00fcl\u0259ri yay\u0131l\u0131b.<\/p>\n<p><strong>ARANTV.AZ\u00a0<\/strong> <a title=\"xeberler son xeberler 2021\" href=\"https:\/\/big.az\/\" target=\"_blank\" rel=\"noopener\">x\u0259b\u0259r<\/a>\u00a0verir ki, film \u00e7\u0259kili\u015fl\u0259ri s\u0259b\u0259bil\u0259 \u00f6lk\u0259mizd\u0259 qonaq olan Akbaba bir s\u0131ra b\u00f6lg\u0259l\u0259rimizl\u0259 yana\u015f\u0131 paytaxt\u0131 da qar\u0131\u015f-qar\u0131\u015f g\u0259zir.<\/p>\n<div id=\"AdviadNativeVideo0\" class=\"AdviadNativeVideo\"><\/div>\n<p>Bu d\u0259f\u0259 Bak\u0131dak\u0131 musiqi al\u0259tl\u0259ri ma\u011fazalar\u0131ndan birind\u0259 olan Ozan orada na\u011fara \u00e7al\u0131b. Akbaba qarmonda Az\u0259rbaycan\u0131n ritmik xalq r\u0259qsi &#8220;T\u0259r\u0259k\u0259m\u0259&#8221;ni ifa ed\u0259n yerlimizi\u00a0<a title=\"ustalar\" href=\"https:\/\/ustalar.az\/\" target=\"_blank\" rel=\"noopener\">ustal\u0131qla<\/a>\u00a0m\u00fc\u015fayi\u0259t edib.<\/p>\n<p>Onun bu g\u00f6r\u00fcnt\u00fcl\u0259ri bir \u00e7ox sosial platformalarda yay\u0131laraq m\u00fczakir\u0259l\u0259r\u0259 s\u0259b\u0259b olub. Sosial \u015f\u0259b\u0259k\u0259 istifad\u0259\u00e7il\u0259ri t\u00fcrkiy\u0259li aktyorun bu qabiliyy\u0259tini y\u00fcks\u0259k qiym\u0259tl\u0259ndir\u0259r\u0259k onu b\u0259y\u0259ndikl\u0259rini bildiribl\u0259r.<\/p>\n<p>H\u0259min g\u00f6r\u00fcnt\u00fcl\u0259ri t\u0259qdim edirik:<\/p>\n<div class=\"embed-responsive embed-responsive-16by9\"><iframe loading=\"lazy\" id=\"nmqembedid\" class=\"embed-responsive-item\" title=\"video player\" src=\"https:\/\/izle.az\/embed\/Syq3LctMSc030i_TK8gosC-zNbQwNTU0twAA\" width=\"600\" height=\"340\" frameborder=\"0\" scrolling=\"no\" allowfullscreen=\"allowfullscreen\" data-mce-fragment=\"1\"><\/iframe><\/div>\n","protected":false},"excerpt":{"rendered":"<p>T\u00fcrkiy\u0259li aktyor Ozan Akbaban\u0131n sosial \u015f\u0259b\u0259k\u0259l\u0259rd\u0259 yeni g\u00f6r\u00fcnt\u00fcl\u0259ri yay\u0131l\u0131b. ARANTV.AZ\u00a0 x\u0259b\u0259r\u00a0verir ki, film \u00e7\u0259kili\u015fl\u0259ri s\u0259b\u0259bil\u0259 \u00f6lk\u0259mizd\u0259 qonaq olan Akbaba bir s\u0131ra b\u00f6lg\u0259l\u0259rimizl\u0259 yana\u015f\u0131 paytaxt\u0131 da qar\u0131\u015f-qar\u0131\u015f g\u0259zir. Bu d\u0259f\u0259 Bak\u0131dak\u0131 musiqi al\u0259tl\u0259ri ma\u011fazalar\u0131ndan birind\u0259 olan Ozan orada na\u011fara \u00e7al\u0131b. Akbaba qarmonda Az\u0259rbaycan\u0131n ritmik xalq r\u0259qsi &#8220;T\u0259r\u0259k\u0259m\u0259&#8221;ni ifa ed\u0259n yerlimizi\u00a0ustal\u0131qla\u00a0m\u00fc\u015fayi\u0259t edib. Onun bu g\u00f6r\u00fcnt\u00fcl\u0259ri bir \u00e7ox sosial platformalarda yay\u0131laraq m\u00fczakir\u0259l\u0259r\u0259 s\u0259b\u0259b olub. Sosial \u015f\u0259b\u0259k\u0259 istifad\u0259\u00e7il\u0259ri t\u00fcrkiy\u0259li aktyorun bu qabiliyy\u0259tini y\u00fcks\u0259k qiym\u0259tl\u0259ndir\u0259r\u0259k onu b\u0259y\u0259ndikl\u0259rini bildiribl\u0259r. H\u0259min g\u00f6r\u00fcnt\u00fcl\u0259ri t\u0259qdim edirik:<\/p>\n","protected":false},"author":2,"featured_media":411654,"comment_status":"closed","ping_status":"closed","sticky":false,"template":"","format":"standard","meta":{"om_disable_all_campaigns":false,"_monsterinsights_skip_tracking":false,"_monsterinsights_sitenote_active":false,"_monsterinsights_sitenote_note":"","_monsterinsights_sitenote_category":0},"categories":[26],"tags":[],"aioseo_notices":[],"gutentor_comment":0,"rttpg_featured_image_url":{"full":["https:\/\/arantv.az\/wp-content\/uploads\/2021\/12\/apa_21638516043.jpg",649,487,false],"landscape":["https:\/\/arantv.az\/wp-content\/uploads\/2021\/12\/apa_21638516043.jpg",649,487,false],"portraits":["https:\/\/arantv.az\/wp-content\/uploads\/2021\/12\/apa_21638516043.jpg",649,487,false],"thumbnail":["https:\/\/arantv.az\/wp-content\/uploads\/2021\/12\/apa_21638516043-500x280.jpg",500,280,true],"medium":["https:\/\/arantv.az\/wp-content\/uploads\/2021\/12\/apa_21638516043-486x365.jpg",486,365,true],"large":["https:\/\/arantv.az\/wp-content\/uploads\/2021\/12\/apa_21638516043.jpg",640,480,false],"1536x1536":["https:\/\/arantv.az\/wp-content\/uploads\/2021\/12\/apa_21638516043.jpg",649,487,false],"2048x2048":["https:\/\/arantv.az\/wp-content\/uploads\/2021\/12\/apa_21638516043.jpg",649,487,false],"post-thumbnail":["https:\/\/arantv.az\/wp-content\/uploads\/2021\/12\/apa_21638516043-240x172.jpg",240,172,true],"advps-thumb-one":["https:\/\/arantv.az\/wp-content\/uploads\/2021\/12\/apa_21638516043.jpg",649,487,false]},"rttpg_author":{"display_name":"V\u00fcsal Rafiqo\u011flu","author_link":"https:\/\/arantv.az\/?author=2"},"rttpg_comment":0,"rttpg_category":"<a href=\"https:\/\/arantv.az\/?cat=26\" rel=\"category\">Sosial<\/a>","rttpg_excerpt":"T\u00fcrkiy\u0259li aktyor Ozan Akbaban\u0131n sosial \u015f\u0259b\u0259k\u0259l\u0259rd\u0259 yeni g\u00f6r\u00fcnt\u00fcl\u0259ri yay\u0131l\u0131b. ARANTV.AZ\u00a0 x\u0259b\u0259r\u00a0verir ki, film \u00e7\u0259kili\u015fl\u0259ri s\u0259b\u0259bil\u0259 \u00f6lk\u0259mizd\u0259 qonaq olan Akbaba bir s\u0131ra b\u00f6lg\u0259l\u0259rimizl\u0259 yana\u015f\u0131 paytaxt\u0131 da qar\u0131\u015f-qar\u0131\u015f g\u0259zir. Bu d\u0259f\u0259 Bak\u0131dak\u0131 musiqi al\u0259tl\u0259ri ma\u011fazalar\u0131ndan birind\u0259 olan Ozan orada na\u011fara \u00e7al\u0131b. Akbaba qarmonda Az\u0259rbaycan\u0131n ritmik xalq r\u0259qsi &#8220;T\u0259r\u0259k\u0259m\u0259&#8221;ni ifa ed\u0259n yerlimizi\u00a0ustal\u0131qla\u00a0m\u00fc\u015fayi\u0259t edib. Onun bu g\u00f6r\u00fcnt\u00fcl\u0259ri bir \u00e7ox&hellip;","_links":{"self":[{"href":"https:\/\/arantv.az\/index.php?rest_route=\/wp\/v2\/posts\/411653"}],"collection":[{"href":"https:\/\/arantv.az\/index.php?rest_route=\/wp\/v2\/posts"}],"about":[{"href":"https:\/\/arantv.az\/index.php?rest_route=\/wp\/v2\/types\/post"}],"author":[{"embeddable":true,"href":"https:\/\/arantv.az\/index.php?rest_route=\/wp\/v2\/users\/2"}],"replies":[{"embeddable":true,"href":"https:\/\/arantv.az\/index.php?rest_route=%2Fwp%2Fv2%2Fcomments&post=411653"}],"version-history":[{"count":0,"href":"https:\/\/arantv.az\/index.php?rest_route=\/wp\/v2\/posts\/411653\/revisions"}],"wp:featuredmedia":[{"embeddable":true,"href":"https:\/\/arantv.az\/index.php?rest_route=\/wp\/v2\/media\/411654"}],"wp:attachment":[{"href":"https:\/\/arantv.az\/index.php?rest_route=%2Fwp%2Fv2%2Fmedia&parent=411653"}],"wp:term":[{"taxonomy":"category","embeddable":true,"href":"https:\/\/arantv.az\/index.php?rest_route=%2Fwp%2Fv2%2Fcategories&post=411653"},{"taxonomy":"post_tag","embeddable":true,"href":"https:\/\/arantv.az\/index.php?rest_route=%2Fwp%2Fv2%2Ftags&post=411653"}],"curies":[{"name":"wp","href":"https:\/\/api.w.org\/{rel}","templated":true}]}}