{"id":411656,"date":"2021-12-03T10:53:59","date_gmt":"2021-12-03T07:53:59","guid":{"rendered":"http:\/\/arantv.az\/?p=411656"},"modified":"2021-12-03T10:53:59","modified_gmt":"2021-12-03T07:53:59","slug":"az%c9%99rbaycanda-11-ci-sinif-sagirdi-d%c9%99m-qazindan-bogularaq-olub-video","status":"publish","type":"post","link":"https:\/\/arantv.az\/?p=411656","title":{"rendered":"Az\u0259rbaycanda 11-ci sinif \u015fagirdi d\u0259m qaz\u0131ndan bo\u011fularaq \u00f6l\u00fcb &#8211; V\u0130DEO"},"content":{"rendered":"<p><a title=\"saatlar brend saatlar qol saatlari\" href=\"https:\/\/saatlar.az\/\" target=\"_blank\" rel=\"noopener\">Saatl\u0131da<\/a>\u00a011-ci sinif \u015fagirdi vanna ota\u011f\u0131nda olark\u0259n d\u0259m qaz\u0131ndan bo\u011fulub.<\/p>\n<p><strong>ARANTV.AZ<\/strong> APA-ya istinad\u0259n <a title=\"xeberler son xeberler 2021\" href=\"https:\/\/big.az\/\" target=\"_blank\" rel=\"noopener\">x\u0259b\u0259r<\/a>\u00a0verir ki, hadis\u0259 \u00f6t\u0259n g\u00fcn Saatl\u0131 \u015f\u0259h\u0259rinin Axundov k\u00fc\u00e7\u0259sind\u0259 yerl\u0259\u015f\u0259n f\u0259rdi ya\u015fay\u0131\u015f evind\u0259 ba\u015f verib.<\/p>\n<div id=\"AdviadNativeVideo0\" class=\"AdviadNativeVideo\"><\/div>\n<p>16 ya\u015fl\u0131 Aytac \u0130smay\u0131lova vanna ot\u011f\u0131nda olark\u0259n d\u0259m qaz\u0131ndan bo\u011fulub. O, Saatl\u0131 trayon x\u0259st\u0259xanas\u0131na \u00e7atd\u0131r\u0131lsa da onun h\u0259yat\u0131n\u0131 xilas etm\u0259k m\u00fcmk\u00fcn olmay\u0131b.<\/p>\n<p>Yax\u0131nlar\u0131 bildirir ki, hava k\u00fcl\u0259kli oldu\u011fundan q\u0131zd\u0131r\u0131c\u0131 d\u00fcz i\u015fl\u0259m\u0259yib v\u0259 d\u0259m qaz\u0131 \u0259ksin\u0259 vanna ota\u011f\u0131na dolub bu da 16 ya\u015fl\u0131 q\u0131z\u0131n d\u0259m qaz\u0131ndan z\u0259h\u0259rl\u0259n\u0259r\u0259k \u00f6lm\u0259sin\u0259 s\u0259b\u0259b olub.<\/p>\n<p>Faktla ba\u011fl\u0131 rayon prokurorlu\u011funda ara\u015fd\u0131rma apar\u0131l\u0131r.<\/p>\n<div class=\"embed-responsive embed-responsive-16by9\"><iframe loading=\"lazy\" id=\"nmqembedid\" class=\"embed-responsive-item\" title=\"video player\" src=\"https:\/\/izle.az\/embed\/Syq3LctMSc030i_TK8gosC-zNbQwNTU0NgcA\" width=\"600\" height=\"340\" frameborder=\"0\" scrolling=\"no\" allowfullscreen=\"allowfullscreen\" data-mce-fragment=\"1\"><\/iframe><\/div>\n","protected":false},"excerpt":{"rendered":"<p>Saatl\u0131da\u00a011-ci sinif \u015fagirdi vanna ota\u011f\u0131nda olark\u0259n d\u0259m qaz\u0131ndan bo\u011fulub. ARANTV.AZ APA-ya istinad\u0259n x\u0259b\u0259r\u00a0verir ki, hadis\u0259 \u00f6t\u0259n g\u00fcn Saatl\u0131 \u015f\u0259h\u0259rinin Axundov k\u00fc\u00e7\u0259sind\u0259 yerl\u0259\u015f\u0259n f\u0259rdi ya\u015fay\u0131\u015f evind\u0259 ba\u015f verib. 16 ya\u015fl\u0131 Aytac \u0130smay\u0131lova vanna ot\u011f\u0131nda olark\u0259n d\u0259m qaz\u0131ndan bo\u011fulub. O, Saatl\u0131 trayon x\u0259st\u0259xanas\u0131na \u00e7atd\u0131r\u0131lsa da onun h\u0259yat\u0131n\u0131 xilas etm\u0259k m\u00fcmk\u00fcn olmay\u0131b. Yax\u0131nlar\u0131 bildirir ki, hava k\u00fcl\u0259kli oldu\u011fundan q\u0131zd\u0131r\u0131c\u0131 d\u00fcz i\u015fl\u0259m\u0259yib v\u0259 d\u0259m qaz\u0131 \u0259ksin\u0259 vanna ota\u011f\u0131na dolub bu da 16 ya\u015fl\u0131 q\u0131z\u0131n d\u0259m qaz\u0131ndan z\u0259h\u0259rl\u0259n\u0259r\u0259k \u00f6lm\u0259sin\u0259 s\u0259b\u0259b olub. Faktla ba\u011fl\u0131 rayon prokurorlu\u011funda ara\u015fd\u0131rma apar\u0131l\u0131r.<\/p>\n","protected":false},"author":2,"featured_media":411657,"comment_status":"closed","ping_status":"closed","sticky":false,"template":"","format":"standard","meta":{"om_disable_all_campaigns":false,"_monsterinsights_skip_tracking":false,"_monsterinsights_sitenote_active":false,"_monsterinsights_sitenote_note":"","_monsterinsights_sitenote_category":0},"categories":[5],"tags":[],"aioseo_notices":[],"gutentor_comment":0,"rttpg_featured_image_url":{"full":["https:\/\/arantv.az\/wp-content\/uploads\/2021\/12\/1638505587_1638472307_mg_5282_1.jpg",554,550,false],"landscape":["https:\/\/arantv.az\/wp-content\/uploads\/2021\/12\/1638505587_1638472307_mg_5282_1.jpg",554,550,false],"portraits":["https:\/\/arantv.az\/wp-content\/uploads\/2021\/12\/1638505587_1638472307_mg_5282_1.jpg",554,550,false],"thumbnail":["https:\/\/arantv.az\/wp-content\/uploads\/2021\/12\/1638505587_1638472307_mg_5282_1-500x280.jpg",500,280,true],"medium":["https:\/\/arantv.az\/wp-content\/uploads\/2021\/12\/1638505587_1638472307_mg_5282_1-368x365.jpg",368,365,true],"large":["https:\/\/arantv.az\/wp-content\/uploads\/2021\/12\/1638505587_1638472307_mg_5282_1.jpg",554,550,false],"1536x1536":["https:\/\/arantv.az\/wp-content\/uploads\/2021\/12\/1638505587_1638472307_mg_5282_1.jpg",554,550,false],"2048x2048":["https:\/\/arantv.az\/wp-content\/uploads\/2021\/12\/1638505587_1638472307_mg_5282_1.jpg",554,550,false],"post-thumbnail":["https:\/\/arantv.az\/wp-content\/uploads\/2021\/12\/1638505587_1638472307_mg_5282_1-240x172.jpg",240,172,true],"advps-thumb-one":["https:\/\/arantv.az\/wp-content\/uploads\/2021\/12\/1638505587_1638472307_mg_5282_1.jpg",554,550,false]},"rttpg_author":{"display_name":"V\u00fcsal Rafiqo\u011flu","author_link":"https:\/\/arantv.az\/?author=2"},"rttpg_comment":0,"rttpg_category":"<a href=\"https:\/\/arantv.az\/?cat=5\" rel=\"category\">Hadis\u0259<\/a>","rttpg_excerpt":"Saatl\u0131da\u00a011-ci sinif \u015fagirdi vanna ota\u011f\u0131nda olark\u0259n d\u0259m qaz\u0131ndan bo\u011fulub. ARANTV.AZ APA-ya istinad\u0259n x\u0259b\u0259r\u00a0verir ki, hadis\u0259 \u00f6t\u0259n g\u00fcn Saatl\u0131 \u015f\u0259h\u0259rinin Axundov k\u00fc\u00e7\u0259sind\u0259 yerl\u0259\u015f\u0259n f\u0259rdi ya\u015fay\u0131\u015f evind\u0259 ba\u015f verib. 16 ya\u015fl\u0131 Aytac \u0130smay\u0131lova vanna ot\u011f\u0131nda olark\u0259n d\u0259m qaz\u0131ndan bo\u011fulub. O, Saatl\u0131 trayon x\u0259st\u0259xanas\u0131na \u00e7atd\u0131r\u0131lsa da onun h\u0259yat\u0131n\u0131 xilas etm\u0259k m\u00fcmk\u00fcn olmay\u0131b. Yax\u0131nlar\u0131 bildirir ki, hava k\u00fcl\u0259kli oldu\u011fundan&hellip;","_links":{"self":[{"href":"https:\/\/arantv.az\/index.php?rest_route=\/wp\/v2\/posts\/411656"}],"collection":[{"href":"https:\/\/arantv.az\/index.php?rest_route=\/wp\/v2\/posts"}],"about":[{"href":"https:\/\/arantv.az\/index.php?rest_route=\/wp\/v2\/types\/post"}],"author":[{"embeddable":true,"href":"https:\/\/arantv.az\/index.php?rest_route=\/wp\/v2\/users\/2"}],"replies":[{"embeddable":true,"href":"https:\/\/arantv.az\/index.php?rest_route=%2Fwp%2Fv2%2Fcomments&post=411656"}],"version-history":[{"count":0,"href":"https:\/\/arantv.az\/index.php?rest_route=\/wp\/v2\/posts\/411656\/revisions"}],"wp:featuredmedia":[{"embeddable":true,"href":"https:\/\/arantv.az\/index.php?rest_route=\/wp\/v2\/media\/411657"}],"wp:attachment":[{"href":"https:\/\/arantv.az\/index.php?rest_route=%2Fwp%2Fv2%2Fmedia&parent=411656"}],"wp:term":[{"taxonomy":"category","embeddable":true,"href":"https:\/\/arantv.az\/index.php?rest_route=%2Fwp%2Fv2%2Fcategories&post=411656"},{"taxonomy":"post_tag","embeddable":true,"href":"https:\/\/arantv.az\/index.php?rest_route=%2Fwp%2Fv2%2Ftags&post=411656"}],"curies":[{"name":"wp","href":"https:\/\/api.w.org\/{rel}","templated":true}]}}