{"id":411668,"date":"2021-12-03T11:01:33","date_gmt":"2021-12-03T08:01:33","guid":{"rendered":"http:\/\/arantv.az\/?p=411668"},"modified":"2021-12-03T11:01:33","modified_gmt":"2021-12-03T08:01:33","slug":"azad-edilmis-%c9%99razil%c9%99r%c9%99-qanunsuz-daxil-olanlari-cixarmaq-ist%c9%99y%c9%99rk%c9%99n-minaya-dus%c9%99n-s%c9%99xs-danisdi-video","status":"publish","type":"post","link":"https:\/\/arantv.az\/?p=411668","title":{"rendered":"Azad edilmi\u015f \u0259razil\u0259r\u0259 qanunsuz daxil olanlar\u0131 \u00e7\u0131xarmaq ist\u0259y\u0259rk\u0259n minaya d\u00fc\u015f\u0259n \u015f\u0259xs DANI\u015eDI &#8211; V\u0130DEO"},"content":{"rendered":"<p>B\u0259z\u0259n pe\u015f\u0259kar minaaxtaranlar da d\u00fc\u015fm\u0259nin basd\u0131rd\u0131\u011f\u0131 minalar\u0131n partlamas\u0131 n\u0259tic\u0259sind\u0259 ya h\u0259lak olur, ya da a\u011f\u0131r x\u0259sar\u0259t al\u0131rlar. Az\u0259rbaycan Minat\u0259mizl\u0259m\u0259 Agentliyinin \u0259m\u0259kda\u015f\u0131 As\u0259f Xudiyev d\u0259 d\u00fc\u015fm\u0259nin basd\u0131rd\u0131\u011f\u0131 \u201c\u00f6l\u00fcm toxumlar\u0131\u201d olan minan\u0131n partlamas\u0131ndan z\u0259r\u0259r\u00e7\u0259k\u0259nl\u0259rd\u0259n biridir.<\/p>\n<p>Agentliyin m\u00fct\u0259x\u0259ssisl\u0259rind\u0259n olan As\u0259f Xudiyev can qurtarma\u011fa ged\u0259rk\u0259n sa\u011flaml\u0131\u011f\u0131n\u0131 itirib. 7 ild\u0259n \u00e7oxdur minat\u0259mizl\u0259m\u0259 i\u015fl\u0259ri il\u0259 m\u0259\u015f\u011ful olan As\u0259f Xudiyev minan\u0131n partlamas\u0131 n\u0259tic\u0259sind\u0259 a\u011f\u0131r yaralan\u0131b. O deyir ki, V\u0259t\u0259n m\u00fcharib\u0259si ba\u015fa \u00e7atd\u0131qdan bir ne\u00e7\u0259 g\u00fcn sonra i\u015f\u011faldan azad olunmu\u015f torpaqlara qanunsuz s\u0259f\u0259r etm\u0259k ist\u0259y\u0259nl\u0259ri \u0259razid\u0259n \u00e7\u0131xarma\u011fa \u00e7al\u0131\u015fark\u0259n F\u00fczuli rayonu \u0259razisind\u0259 piyada \u0259leyhin\u0259 minaya d\u00fc\u015f\u00fcb.<\/p>\n<p>Ald\u0131\u011f\u0131 a\u011f\u0131r x\u0259sar\u0259t s\u0259b\u0259bind\u0259n sol aya\u011f\u0131n\u0131n dizd\u0259n a\u015fa\u011f\u0131 hiss\u0259si amputasiya edil\u0259n As\u0259f Xudiyev g\u00f6r\u00fcnm\u0259y\u0259n \u201cd\u00fc\u015fm\u0259n\u201d olan mina il\u0259 m\u00fcbariz\u0259 aparma\u011f\u0131n he\u00e7 d\u0259 asan olmad\u0131\u011f\u0131n\u0131 deyir.<\/p>\n<p>\u018fm\u0259k qabiliyy\u0259tini itir\u0259n As\u0259f Xudiyevin fikrinc\u0259, d\u00fc\u015fm\u0259n planl\u0131 olaraq minalar\u0131 insanlar\u0131n \u0259n \u00e7ox ged\u0259 bil\u0259c\u0259yi \u0259razil\u0259rd\u0259 \u2013 da\u011f\u0131td\u0131qlar\u0131 evl\u0259rin i\u00e7\u0259risind\u0259, q\u0259biristanl\u0131qlarda v\u0259 yollarda basd\u0131r\u0131b.<\/p>\n<p>Minat\u0259mizl\u0259m\u0259 Agentliyinin apard\u0131\u011f\u0131 t\u0259hlill\u0259r g\u00f6st\u0259rib ki, mina partlay\u0131\u015flar\u0131n\u0131n 51 faizi i\u015f\u011faldan azad edilmi\u015f \u0259razil\u0259r\u0259 qanunsuz daxilolma, 26 faizi is\u0259 t\u0259mizl\u0259nmi\u015f \u0259razid\u0259n k\u0259nara \u00e7\u0131xma hallar\u0131nda ba\u015f verib.<\/p>\n<p>\u018ftrafl\u0131 Baku TV-nin s\u00fcjetini t\u0259qdim edirik:<\/p>\n<div><iframe loading=\"lazy\" title=\"YouTube video player\" src=\"https:\/\/www.youtube.com\/embed\/PIivk1W14ac\" width=\"560\" height=\"315\" frameborder=\"0\" allowfullscreen=\"allowfullscreen\" data-mce-fragment=\"1\"><\/iframe><\/div>\n<p>&nbsp;<\/p>\n","protected":false},"excerpt":{"rendered":"<p>B\u0259z\u0259n pe\u015f\u0259kar minaaxtaranlar da d\u00fc\u015fm\u0259nin basd\u0131rd\u0131\u011f\u0131 minalar\u0131n partlamas\u0131 n\u0259tic\u0259sind\u0259 ya h\u0259lak olur, ya da a\u011f\u0131r x\u0259sar\u0259t al\u0131rlar. Az\u0259rbaycan Minat\u0259mizl\u0259m\u0259 Agentliyinin \u0259m\u0259kda\u015f\u0131 As\u0259f Xudiyev d\u0259 d\u00fc\u015fm\u0259nin basd\u0131rd\u0131\u011f\u0131 \u201c\u00f6l\u00fcm toxumlar\u0131\u201d olan minan\u0131n partlamas\u0131ndan z\u0259r\u0259r\u00e7\u0259k\u0259nl\u0259rd\u0259n biridir. Agentliyin m\u00fct\u0259x\u0259ssisl\u0259rind\u0259n olan As\u0259f Xudiyev can qurtarma\u011fa ged\u0259rk\u0259n sa\u011flaml\u0131\u011f\u0131n\u0131 itirib. 7 ild\u0259n \u00e7oxdur minat\u0259mizl\u0259m\u0259 i\u015fl\u0259ri il\u0259 m\u0259\u015f\u011ful olan As\u0259f Xudiyev minan\u0131n partlamas\u0131 n\u0259tic\u0259sind\u0259 a\u011f\u0131r yaralan\u0131b. O deyir ki, V\u0259t\u0259n m\u00fcharib\u0259si ba\u015fa \u00e7atd\u0131qdan bir ne\u00e7\u0259 g\u00fcn sonra i\u015f\u011faldan azad olunmu\u015f torpaqlara qanunsuz s\u0259f\u0259r etm\u0259k ist\u0259y\u0259nl\u0259ri \u0259razid\u0259n \u00e7\u0131xarma\u011fa \u00e7al\u0131\u015fark\u0259n F\u00fczuli rayonu \u0259razisind\u0259 piyada \u0259leyhin\u0259 minaya d\u00fc\u015f\u00fcb. Ald\u0131\u011f\u0131 a\u011f\u0131r x\u0259sar\u0259t&hellip;<\/p>\n","protected":false},"author":2,"featured_media":411669,"comment_status":"closed","ping_status":"closed","sticky":false,"template":"","format":"standard","meta":{"om_disable_all_campaigns":false,"_monsterinsights_skip_tracking":false,"_monsterinsights_sitenote_active":false,"_monsterinsights_sitenote_note":"","_monsterinsights_sitenote_category":0},"categories":[26],"tags":[],"aioseo_notices":[],"gutentor_comment":0,"rttpg_featured_image_url":{"full":["https:\/\/arantv.az\/wp-content\/uploads\/2021\/12\/FotoJet-6-1.jpg",620,415,false],"landscape":["https:\/\/arantv.az\/wp-content\/uploads\/2021\/12\/FotoJet-6-1.jpg",620,415,false],"portraits":["https:\/\/arantv.az\/wp-content\/uploads\/2021\/12\/FotoJet-6-1.jpg",620,415,false],"thumbnail":["https:\/\/arantv.az\/wp-content\/uploads\/2021\/12\/FotoJet-6-1-500x280.jpg",500,280,true],"medium":["https:\/\/arantv.az\/wp-content\/uploads\/2021\/12\/FotoJet-6-1-545x365.jpg",545,365,true],"large":["https:\/\/arantv.az\/wp-content\/uploads\/2021\/12\/FotoJet-6-1.jpg",620,415,false],"1536x1536":["https:\/\/arantv.az\/wp-content\/uploads\/2021\/12\/FotoJet-6-1.jpg",620,415,false],"2048x2048":["https:\/\/arantv.az\/wp-content\/uploads\/2021\/12\/FotoJet-6-1.jpg",620,415,false],"post-thumbnail":["https:\/\/arantv.az\/wp-content\/uploads\/2021\/12\/FotoJet-6-1-240x172.jpg",240,172,true],"advps-thumb-one":["https:\/\/arantv.az\/wp-content\/uploads\/2021\/12\/FotoJet-6-1.jpg",620,415,false]},"rttpg_author":{"display_name":"V\u00fcsal Rafiqo\u011flu","author_link":"https:\/\/arantv.az\/?author=2"},"rttpg_comment":0,"rttpg_category":"<a href=\"https:\/\/arantv.az\/?cat=26\" rel=\"category\">Sosial<\/a>","rttpg_excerpt":"B\u0259z\u0259n pe\u015f\u0259kar minaaxtaranlar da d\u00fc\u015fm\u0259nin basd\u0131rd\u0131\u011f\u0131 minalar\u0131n partlamas\u0131 n\u0259tic\u0259sind\u0259 ya h\u0259lak olur, ya da a\u011f\u0131r x\u0259sar\u0259t al\u0131rlar. Az\u0259rbaycan Minat\u0259mizl\u0259m\u0259 Agentliyinin \u0259m\u0259kda\u015f\u0131 As\u0259f Xudiyev d\u0259 d\u00fc\u015fm\u0259nin basd\u0131rd\u0131\u011f\u0131 \u201c\u00f6l\u00fcm toxumlar\u0131\u201d olan minan\u0131n partlamas\u0131ndan z\u0259r\u0259r\u00e7\u0259k\u0259nl\u0259rd\u0259n biridir. Agentliyin m\u00fct\u0259x\u0259ssisl\u0259rind\u0259n olan As\u0259f Xudiyev can qurtarma\u011fa ged\u0259rk\u0259n sa\u011flaml\u0131\u011f\u0131n\u0131 itirib. 7 ild\u0259n \u00e7oxdur minat\u0259mizl\u0259m\u0259 i\u015fl\u0259ri il\u0259 m\u0259\u015f\u011ful olan As\u0259f Xudiyev minan\u0131n partlamas\u0131&hellip;","_links":{"self":[{"href":"https:\/\/arantv.az\/index.php?rest_route=\/wp\/v2\/posts\/411668"}],"collection":[{"href":"https:\/\/arantv.az\/index.php?rest_route=\/wp\/v2\/posts"}],"about":[{"href":"https:\/\/arantv.az\/index.php?rest_route=\/wp\/v2\/types\/post"}],"author":[{"embeddable":true,"href":"https:\/\/arantv.az\/index.php?rest_route=\/wp\/v2\/users\/2"}],"replies":[{"embeddable":true,"href":"https:\/\/arantv.az\/index.php?rest_route=%2Fwp%2Fv2%2Fcomments&post=411668"}],"version-history":[{"count":0,"href":"https:\/\/arantv.az\/index.php?rest_route=\/wp\/v2\/posts\/411668\/revisions"}],"wp:featuredmedia":[{"embeddable":true,"href":"https:\/\/arantv.az\/index.php?rest_route=\/wp\/v2\/media\/411669"}],"wp:attachment":[{"href":"https:\/\/arantv.az\/index.php?rest_route=%2Fwp%2Fv2%2Fmedia&parent=411668"}],"wp:term":[{"taxonomy":"category","embeddable":true,"href":"https:\/\/arantv.az\/index.php?rest_route=%2Fwp%2Fv2%2Fcategories&post=411668"},{"taxonomy":"post_tag","embeddable":true,"href":"https:\/\/arantv.az\/index.php?rest_route=%2Fwp%2Fv2%2Ftags&post=411668"}],"curies":[{"name":"wp","href":"https:\/\/api.w.org\/{rel}","templated":true}]}}