{"id":411680,"date":"2021-12-03T11:15:32","date_gmt":"2021-12-03T08:15:32","guid":{"rendered":"http:\/\/arantv.az\/?p=411680"},"modified":"2021-12-03T11:15:32","modified_gmt":"2021-12-03T08:15:32","slug":"az%c9%99rbaycanli-iraq-si%c9%99l%c9%99rinin-lideri-olacaq","status":"publish","type":"post","link":"https:\/\/arantv.az\/?p=411680","title":{"rendered":"Az\u0259rbaycanl\u0131 \u0130raq \u015fi\u0259l\u0259rinin lideri olacaq"},"content":{"rendered":"<p>\u0130raq \u015fi\u0259l\u0259rinin yeni lideri milliyy\u0259tc\u0259 az\u0259rbaycanl\u0131 din xadimi ola bil\u0259r.<\/p>\n<p><strong>ARANTV.AZ<\/strong> virtualaz.org-a istinad\u0259n x\u0259b\u0259r verir ki, bu haqda T\u00fcrkiy\u0259d\u0259 n\u0259\u015fr olunan din\u00e7i &#8220;Yeni Akit&#8221; q\u0259zeti yaz\u0131r. Bildirilir ki, \u0130raqda \u015fi\u0259l\u0259rin dini m\u0259rk\u0259zl\u0259rind\u0259n olan v\u0259 \u015fi\u0259 m\u0259zh\u0259bi h\u00f6vz\u0259sini \u00f6z\u00fcnd\u0259 birl\u0259\u015fdir\u0259n N\u0259c\u0259fd\u0259 dini lider M\u0259h\u0259mm\u0259d S\u0259id \u0259l-Hakimin (1934-2021) \u00f6l\u00fcm\u00fc v\u0259 h\u00f6vz\u0259nin lideri olaraq q\u0259bul edil\u0259n \u018fli Sistaninin 91 ya\u015f\u0131na \u00e7atmas\u0131 yeni liderin kim olaca\u011f\u0131na dair m\u00fczakir\u0259l\u0259r\u0259 s\u0259b\u0259b olub.<\/p>\n<p>Haz\u0131rda bu posta \u0259n yax\u0131n namiz\u0259d az\u0259rbaycanl\u0131 M\u0259h\u0259mm\u0259d Bakir \u0259l-\u0130r\u0259vani oldu\u011fu bildirilir. 72 ya\u015fl\u0131 \u0259l-\u0130r\u0259vaninin ail\u0259si N\u0259c\u0259fd\u0259 m\u0259\u015fhur v\u0259 n\u00fcfuzlu ail\u0259dir, haz\u0131rda Erm\u0259nistan\u0131n paytaxt\u0131 olan \u0130r\u0259van \u015f\u0259h\u0259rinin 1820-ci ild\u0259 ruslar\u0131n \u0259lin\u0259 ke\u00e7m\u0259sind\u0259n sonra \u0130raq\u0131n N\u0259c\u0259f \u015f\u0259h\u0259rin\u0259 k\u00f6\u00e7 edibl\u0259r. M\u0259h\u0259mm\u0259d Bakir \u0259l-\u0130r\u0259van\u0131 az\u0259rbaycanca, t\u00fcrkc\u0259 bilir v\u0259 N\u0259c\u0259fd\u0259 vaxta\u015f\u0131r\u0131 olaraq \u015fi\u0259 m\u0259clisl\u0259rind\u0259 bu dill\u0259rd\u0259 m\u0259rsiy\u0259 oxuyur.<\/p>\n","protected":false},"excerpt":{"rendered":"<p>\u0130raq \u015fi\u0259l\u0259rinin yeni lideri milliyy\u0259tc\u0259 az\u0259rbaycanl\u0131 din xadimi ola bil\u0259r. ARANTV.AZ virtualaz.org-a istinad\u0259n x\u0259b\u0259r verir ki, bu haqda T\u00fcrkiy\u0259d\u0259 n\u0259\u015fr olunan din\u00e7i &#8220;Yeni Akit&#8221; q\u0259zeti yaz\u0131r. Bildirilir ki, \u0130raqda \u015fi\u0259l\u0259rin dini m\u0259rk\u0259zl\u0259rind\u0259n olan v\u0259 \u015fi\u0259 m\u0259zh\u0259bi h\u00f6vz\u0259sini \u00f6z\u00fcnd\u0259 birl\u0259\u015fdir\u0259n N\u0259c\u0259fd\u0259 dini lider M\u0259h\u0259mm\u0259d S\u0259id \u0259l-Hakimin (1934-2021) \u00f6l\u00fcm\u00fc v\u0259 h\u00f6vz\u0259nin lideri olaraq q\u0259bul edil\u0259n \u018fli Sistaninin 91 ya\u015f\u0131na \u00e7atmas\u0131 yeni liderin kim olaca\u011f\u0131na dair m\u00fczakir\u0259l\u0259r\u0259 s\u0259b\u0259b olub. Haz\u0131rda bu posta \u0259n yax\u0131n namiz\u0259d az\u0259rbaycanl\u0131 M\u0259h\u0259mm\u0259d Bakir \u0259l-\u0130r\u0259vani oldu\u011fu bildirilir. 72 ya\u015fl\u0131 \u0259l-\u0130r\u0259vaninin ail\u0259si N\u0259c\u0259fd\u0259 m\u0259\u015fhur v\u0259 n\u00fcfuzlu ail\u0259dir, haz\u0131rda Erm\u0259nistan\u0131n paytaxt\u0131&hellip;<\/p>\n","protected":false},"author":2,"featured_media":411681,"comment_status":"closed","ping_status":"closed","sticky":false,"template":"","format":"standard","meta":{"om_disable_all_campaigns":false,"_monsterinsights_skip_tracking":false,"_monsterinsights_sitenote_active":false,"_monsterinsights_sitenote_note":"","_monsterinsights_sitenote_category":0},"categories":[7],"tags":[],"aioseo_notices":[],"gutentor_comment":0,"rttpg_featured_image_url":{"full":["https:\/\/arantv.az\/wp-content\/uploads\/2021\/12\/1000837.jpg",800,600,false],"landscape":["https:\/\/arantv.az\/wp-content\/uploads\/2021\/12\/1000837.jpg",800,600,false],"portraits":["https:\/\/arantv.az\/wp-content\/uploads\/2021\/12\/1000837.jpg",800,600,false],"thumbnail":["https:\/\/arantv.az\/wp-content\/uploads\/2021\/12\/1000837-500x280.jpg",500,280,true],"medium":["https:\/\/arantv.az\/wp-content\/uploads\/2021\/12\/1000837-487x365.jpg",487,365,true],"large":["https:\/\/arantv.az\/wp-content\/uploads\/2021\/12\/1000837.jpg",640,480,false],"1536x1536":["https:\/\/arantv.az\/wp-content\/uploads\/2021\/12\/1000837.jpg",800,600,false],"2048x2048":["https:\/\/arantv.az\/wp-content\/uploads\/2021\/12\/1000837.jpg",800,600,false],"post-thumbnail":["https:\/\/arantv.az\/wp-content\/uploads\/2021\/12\/1000837-240x172.jpg",240,172,true],"advps-thumb-one":["https:\/\/arantv.az\/wp-content\/uploads\/2021\/12\/1000837.jpg",800,600,false]},"rttpg_author":{"display_name":"V\u00fcsal Rafiqo\u011flu","author_link":"https:\/\/arantv.az\/?author=2"},"rttpg_comment":0,"rttpg_category":"<a href=\"https:\/\/arantv.az\/?cat=7\" rel=\"category\">D\u00fcnya<\/a>","rttpg_excerpt":"\u0130raq \u015fi\u0259l\u0259rinin yeni lideri milliyy\u0259tc\u0259 az\u0259rbaycanl\u0131 din xadimi ola bil\u0259r. ARANTV.AZ virtualaz.org-a istinad\u0259n x\u0259b\u0259r verir ki, bu haqda T\u00fcrkiy\u0259d\u0259 n\u0259\u015fr olunan din\u00e7i &#8220;Yeni Akit&#8221; q\u0259zeti yaz\u0131r. Bildirilir ki, \u0130raqda \u015fi\u0259l\u0259rin dini m\u0259rk\u0259zl\u0259rind\u0259n olan v\u0259 \u015fi\u0259 m\u0259zh\u0259bi h\u00f6vz\u0259sini \u00f6z\u00fcnd\u0259 birl\u0259\u015fdir\u0259n N\u0259c\u0259fd\u0259 dini lider M\u0259h\u0259mm\u0259d S\u0259id \u0259l-Hakimin (1934-2021) \u00f6l\u00fcm\u00fc v\u0259 h\u00f6vz\u0259nin lideri olaraq q\u0259bul edil\u0259n \u018fli Sistaninin&hellip;","_links":{"self":[{"href":"https:\/\/arantv.az\/index.php?rest_route=\/wp\/v2\/posts\/411680"}],"collection":[{"href":"https:\/\/arantv.az\/index.php?rest_route=\/wp\/v2\/posts"}],"about":[{"href":"https:\/\/arantv.az\/index.php?rest_route=\/wp\/v2\/types\/post"}],"author":[{"embeddable":true,"href":"https:\/\/arantv.az\/index.php?rest_route=\/wp\/v2\/users\/2"}],"replies":[{"embeddable":true,"href":"https:\/\/arantv.az\/index.php?rest_route=%2Fwp%2Fv2%2Fcomments&post=411680"}],"version-history":[{"count":0,"href":"https:\/\/arantv.az\/index.php?rest_route=\/wp\/v2\/posts\/411680\/revisions"}],"wp:featuredmedia":[{"embeddable":true,"href":"https:\/\/arantv.az\/index.php?rest_route=\/wp\/v2\/media\/411681"}],"wp:attachment":[{"href":"https:\/\/arantv.az\/index.php?rest_route=%2Fwp%2Fv2%2Fmedia&parent=411680"}],"wp:term":[{"taxonomy":"category","embeddable":true,"href":"https:\/\/arantv.az\/index.php?rest_route=%2Fwp%2Fv2%2Fcategories&post=411680"},{"taxonomy":"post_tag","embeddable":true,"href":"https:\/\/arantv.az\/index.php?rest_route=%2Fwp%2Fv2%2Ftags&post=411680"}],"curies":[{"name":"wp","href":"https:\/\/api.w.org\/{rel}","templated":true}]}}