{"id":411692,"date":"2021-12-03T11:19:52","date_gmt":"2021-12-03T08:19:52","guid":{"rendered":"http:\/\/arantv.az\/?p=411692"},"modified":"2021-12-03T11:19:52","modified_gmt":"2021-12-03T08:19:52","slug":"olk%c9%99d%c9%99-qazlasdirmanin-s%c9%99viyy%c9%99si-963-t%c9%99skil-edir","status":"publish","type":"post","link":"https:\/\/arantv.az\/?p=411692","title":{"rendered":"\u00d6lk\u0259d\u0259 qazla\u015fd\u0131rman\u0131n s\u0259viyy\u0259si 96,3 % t\u0259\u015fkil edir"},"content":{"rendered":"<p><em>\u201cHaz\u0131rda Az\u0259rbaycanda qazla\u015fd\u0131r\u0131lmam\u0131\u015f region yoxdur\u201d.<\/em><\/p>\n<p><strong>ARANTV.AZ\u00a0 x\u0259b\u0259r verir ki,<\/strong>\u00a0bunu Ba\u015f nazir \u018fli \u018fs\u0259dov Milli M\u0259clisin bu g\u00fcn ke\u00e7iril\u0259n plenar iclas\u0131nda deyib.<\/p>\n<p>O bildirib ki, rayonlar \u00fczr\u0259 h\u0259r hans\u0131 bir ayr\u0131 se\u00e7kiliy\u0259 yol verilm\u0259d\u0259n qazla\u015fd\u0131rman\u0131n h\u0259yata ke\u00e7irilm\u0259si hokum\u0259tin \u0259sas h\u0259d\u0259fl\u0259rind\u0259n biridir.<\/p>\n<p><em>&#8220;\u00d6lk\u0259d\u0259 qazla\u015fd\u0131rman\u0131n s\u0259viyy\u0259di 96,3 % t\u0259\u015fkil edir\u201d,<\/em>\u00a0&#8211; dey\u0259 h\u00f6kum\u0259t ba\u015f\u00e7\u0131s\u0131 qeyd edib.<\/p>\n","protected":false},"excerpt":{"rendered":"<p>\u201cHaz\u0131rda Az\u0259rbaycanda qazla\u015fd\u0131r\u0131lmam\u0131\u015f region yoxdur\u201d. ARANTV.AZ\u00a0 x\u0259b\u0259r verir ki,\u00a0bunu Ba\u015f nazir \u018fli \u018fs\u0259dov Milli M\u0259clisin bu g\u00fcn ke\u00e7iril\u0259n plenar iclas\u0131nda deyib. O bildirib ki, rayonlar \u00fczr\u0259 h\u0259r hans\u0131 bir ayr\u0131 se\u00e7kiliy\u0259 yol verilm\u0259d\u0259n qazla\u015fd\u0131rman\u0131n h\u0259yata ke\u00e7irilm\u0259si hokum\u0259tin \u0259sas h\u0259d\u0259fl\u0259rind\u0259n biridir. &#8220;\u00d6lk\u0259d\u0259 qazla\u015fd\u0131rman\u0131n s\u0259viyy\u0259di 96,3 % t\u0259\u015fkil edir\u201d,\u00a0&#8211; dey\u0259 h\u00f6kum\u0259t ba\u015f\u00e7\u0131s\u0131 qeyd edib.<\/p>\n","protected":false},"author":2,"featured_media":411693,"comment_status":"closed","ping_status":"closed","sticky":false,"template":"","format":"standard","meta":{"om_disable_all_campaigns":false,"_monsterinsights_skip_tracking":false,"_monsterinsights_sitenote_active":false,"_monsterinsights_sitenote_note":"","_monsterinsights_sitenote_category":0},"categories":[4],"tags":[],"aioseo_notices":[],"gutentor_comment":0,"rttpg_featured_image_url":{"full":["https:\/\/arantv.az\/wp-content\/uploads\/2021\/12\/83a100ec157053893454697570610182208.jpg",975,540,false],"landscape":["https:\/\/arantv.az\/wp-content\/uploads\/2021\/12\/83a100ec157053893454697570610182208.jpg",975,540,false],"portraits":["https:\/\/arantv.az\/wp-content\/uploads\/2021\/12\/83a100ec157053893454697570610182208.jpg",975,540,false],"thumbnail":["https:\/\/arantv.az\/wp-content\/uploads\/2021\/12\/83a100ec157053893454697570610182208-500x280.jpg",500,280,true],"medium":["https:\/\/arantv.az\/wp-content\/uploads\/2021\/12\/83a100ec157053893454697570610182208-660x365.jpg",660,365,true],"large":["https:\/\/arantv.az\/wp-content\/uploads\/2021\/12\/83a100ec157053893454697570610182208-840x465.jpg",640,354,true],"1536x1536":["https:\/\/arantv.az\/wp-content\/uploads\/2021\/12\/83a100ec157053893454697570610182208.jpg",975,540,false],"2048x2048":["https:\/\/arantv.az\/wp-content\/uploads\/2021\/12\/83a100ec157053893454697570610182208.jpg",975,540,false],"post-thumbnail":["https:\/\/arantv.az\/wp-content\/uploads\/2021\/12\/83a100ec157053893454697570610182208-240x172.jpg",240,172,true],"advps-thumb-one":["https:\/\/arantv.az\/wp-content\/uploads\/2021\/12\/83a100ec157053893454697570610182208.jpg",975,540,false]},"rttpg_author":{"display_name":"V\u00fcsal Rafiqo\u011flu","author_link":"https:\/\/arantv.az\/?author=2"},"rttpg_comment":0,"rttpg_category":"<a href=\"https:\/\/arantv.az\/?cat=4\" rel=\"category\">Siyas\u0259t<\/a>","rttpg_excerpt":"\u201cHaz\u0131rda Az\u0259rbaycanda qazla\u015fd\u0131r\u0131lmam\u0131\u015f region yoxdur\u201d. ARANTV.AZ\u00a0 x\u0259b\u0259r verir ki,\u00a0bunu Ba\u015f nazir \u018fli \u018fs\u0259dov Milli M\u0259clisin bu g\u00fcn ke\u00e7iril\u0259n plenar iclas\u0131nda deyib. O bildirib ki, rayonlar \u00fczr\u0259 h\u0259r hans\u0131 bir ayr\u0131 se\u00e7kiliy\u0259 yol verilm\u0259d\u0259n qazla\u015fd\u0131rman\u0131n h\u0259yata ke\u00e7irilm\u0259si hokum\u0259tin \u0259sas h\u0259d\u0259fl\u0259rind\u0259n biridir. &#8220;\u00d6lk\u0259d\u0259 qazla\u015fd\u0131rman\u0131n s\u0259viyy\u0259di 96,3 % t\u0259\u015fkil edir\u201d,\u00a0&#8211; dey\u0259 h\u00f6kum\u0259t ba\u015f\u00e7\u0131s\u0131 qeyd edib.","_links":{"self":[{"href":"https:\/\/arantv.az\/index.php?rest_route=\/wp\/v2\/posts\/411692"}],"collection":[{"href":"https:\/\/arantv.az\/index.php?rest_route=\/wp\/v2\/posts"}],"about":[{"href":"https:\/\/arantv.az\/index.php?rest_route=\/wp\/v2\/types\/post"}],"author":[{"embeddable":true,"href":"https:\/\/arantv.az\/index.php?rest_route=\/wp\/v2\/users\/2"}],"replies":[{"embeddable":true,"href":"https:\/\/arantv.az\/index.php?rest_route=%2Fwp%2Fv2%2Fcomments&post=411692"}],"version-history":[{"count":0,"href":"https:\/\/arantv.az\/index.php?rest_route=\/wp\/v2\/posts\/411692\/revisions"}],"wp:featuredmedia":[{"embeddable":true,"href":"https:\/\/arantv.az\/index.php?rest_route=\/wp\/v2\/media\/411693"}],"wp:attachment":[{"href":"https:\/\/arantv.az\/index.php?rest_route=%2Fwp%2Fv2%2Fmedia&parent=411692"}],"wp:term":[{"taxonomy":"category","embeddable":true,"href":"https:\/\/arantv.az\/index.php?rest_route=%2Fwp%2Fv2%2Fcategories&post=411692"},{"taxonomy":"post_tag","embeddable":true,"href":"https:\/\/arantv.az\/index.php?rest_route=%2Fwp%2Fv2%2Ftags&post=411692"}],"curies":[{"name":"wp","href":"https:\/\/api.w.org\/{rel}","templated":true}]}}