{"id":411695,"date":"2021-12-03T11:20:29","date_gmt":"2021-12-03T08:20:29","guid":{"rendered":"http:\/\/arantv.az\/?p=411695"},"modified":"2021-12-03T11:20:29","modified_gmt":"2021-12-03T08:20:29","slug":"z%c9%99ng%c9%99zur-d%c9%99hlizinin-acilmasi-cox-on%c9%99mli-m%c9%99s%c9%99l%c9%99l%c9%99rd%c9%99n-biridir","status":"publish","type":"post","link":"https:\/\/arantv.az\/?p=411695","title":{"rendered":"Z\u0259ng\u0259zur d\u0259hlizinin a\u00e7\u0131lmas\u0131 \u00e7ox \u00f6n\u0259mli m\u0259s\u0259l\u0259l\u0259rd\u0259n biridir"},"content":{"rendered":"<p><em>\u201cV\u0259t\u0259n m\u00fcharib\u0259sind\u0259 qazan\u0131lan Z\u0259f\u0259rd\u0259n sonra \u00f6lk\u0259miz g\u0259l\u0259c\u0259y\u0259 bax\u0131r. Z\u0259ng\u0259zur d\u0259hlizinin a\u00e7\u0131lmas\u0131 \u00e7ox \u00f6n\u0259mli m\u0259s\u0259l\u0259l\u0259rd\u0259n biridir\u201d.<\/em><\/p>\n<p><strong>ARANTV.AZ\u00a0 x\u0259b\u0259r verir ki,<\/strong>\u00a0bunu Ba\u015f nazir\u00a0<strong>\u018fli \u018fs\u0259dov<\/strong>\u00a0parlamentin bu g\u00fcn ke\u00e7iril\u0259n iclas\u0131nda deyib.<\/p>\n<p>O bildirib ki, regionda n\u0259qliyyat d\u0259hlizl\u0259rinin a\u00e7\u0131lmas\u0131 Az\u0259rbaycan\u0131n maraqlar\u0131na cavab verir.<\/p>\n","protected":false},"excerpt":{"rendered":"<p>\u201cV\u0259t\u0259n m\u00fcharib\u0259sind\u0259 qazan\u0131lan Z\u0259f\u0259rd\u0259n sonra \u00f6lk\u0259miz g\u0259l\u0259c\u0259y\u0259 bax\u0131r. Z\u0259ng\u0259zur d\u0259hlizinin a\u00e7\u0131lmas\u0131 \u00e7ox \u00f6n\u0259mli m\u0259s\u0259l\u0259l\u0259rd\u0259n biridir\u201d. ARANTV.AZ\u00a0 x\u0259b\u0259r verir ki,\u00a0bunu Ba\u015f nazir\u00a0\u018fli \u018fs\u0259dov\u00a0parlamentin bu g\u00fcn ke\u00e7iril\u0259n iclas\u0131nda deyib. O bildirib ki, regionda n\u0259qliyyat d\u0259hlizl\u0259rinin a\u00e7\u0131lmas\u0131 Az\u0259rbaycan\u0131n maraqlar\u0131na cavab verir.<\/p>\n","protected":false},"author":2,"featured_media":411696,"comment_status":"closed","ping_status":"closed","sticky":false,"template":"","format":"standard","meta":{"om_disable_all_campaigns":false,"_monsterinsights_skip_tracking":false,"_monsterinsights_sitenote_active":false,"_monsterinsights_sitenote_note":"","_monsterinsights_sitenote_category":0},"categories":[4],"tags":[],"aioseo_notices":[],"gutentor_comment":0,"rttpg_featured_image_url":{"full":["https:\/\/arantv.az\/wp-content\/uploads\/2021\/12\/c2c2a045160991910831299854911064658.jpg",975,540,false],"landscape":["https:\/\/arantv.az\/wp-content\/uploads\/2021\/12\/c2c2a045160991910831299854911064658.jpg",975,540,false],"portraits":["https:\/\/arantv.az\/wp-content\/uploads\/2021\/12\/c2c2a045160991910831299854911064658.jpg",975,540,false],"thumbnail":["https:\/\/arantv.az\/wp-content\/uploads\/2021\/12\/c2c2a045160991910831299854911064658-500x280.jpg",500,280,true],"medium":["https:\/\/arantv.az\/wp-content\/uploads\/2021\/12\/c2c2a045160991910831299854911064658-660x365.jpg",660,365,true],"large":["https:\/\/arantv.az\/wp-content\/uploads\/2021\/12\/c2c2a045160991910831299854911064658-840x465.jpg",640,354,true],"1536x1536":["https:\/\/arantv.az\/wp-content\/uploads\/2021\/12\/c2c2a045160991910831299854911064658.jpg",975,540,false],"2048x2048":["https:\/\/arantv.az\/wp-content\/uploads\/2021\/12\/c2c2a045160991910831299854911064658.jpg",975,540,false],"post-thumbnail":["https:\/\/arantv.az\/wp-content\/uploads\/2021\/12\/c2c2a045160991910831299854911064658-240x172.jpg",240,172,true],"advps-thumb-one":["https:\/\/arantv.az\/wp-content\/uploads\/2021\/12\/c2c2a045160991910831299854911064658.jpg",975,540,false]},"rttpg_author":{"display_name":"V\u00fcsal Rafiqo\u011flu","author_link":"https:\/\/arantv.az\/?author=2"},"rttpg_comment":0,"rttpg_category":"<a href=\"https:\/\/arantv.az\/?cat=4\" rel=\"category\">Siyas\u0259t<\/a>","rttpg_excerpt":"\u201cV\u0259t\u0259n m\u00fcharib\u0259sind\u0259 qazan\u0131lan Z\u0259f\u0259rd\u0259n sonra \u00f6lk\u0259miz g\u0259l\u0259c\u0259y\u0259 bax\u0131r. Z\u0259ng\u0259zur d\u0259hlizinin a\u00e7\u0131lmas\u0131 \u00e7ox \u00f6n\u0259mli m\u0259s\u0259l\u0259l\u0259rd\u0259n biridir\u201d. ARANTV.AZ\u00a0 x\u0259b\u0259r verir ki,\u00a0bunu Ba\u015f nazir\u00a0\u018fli \u018fs\u0259dov\u00a0parlamentin bu g\u00fcn ke\u00e7iril\u0259n iclas\u0131nda deyib. O bildirib ki, regionda n\u0259qliyyat d\u0259hlizl\u0259rinin a\u00e7\u0131lmas\u0131 Az\u0259rbaycan\u0131n maraqlar\u0131na cavab verir.","_links":{"self":[{"href":"https:\/\/arantv.az\/index.php?rest_route=\/wp\/v2\/posts\/411695"}],"collection":[{"href":"https:\/\/arantv.az\/index.php?rest_route=\/wp\/v2\/posts"}],"about":[{"href":"https:\/\/arantv.az\/index.php?rest_route=\/wp\/v2\/types\/post"}],"author":[{"embeddable":true,"href":"https:\/\/arantv.az\/index.php?rest_route=\/wp\/v2\/users\/2"}],"replies":[{"embeddable":true,"href":"https:\/\/arantv.az\/index.php?rest_route=%2Fwp%2Fv2%2Fcomments&post=411695"}],"version-history":[{"count":0,"href":"https:\/\/arantv.az\/index.php?rest_route=\/wp\/v2\/posts\/411695\/revisions"}],"wp:featuredmedia":[{"embeddable":true,"href":"https:\/\/arantv.az\/index.php?rest_route=\/wp\/v2\/media\/411696"}],"wp:attachment":[{"href":"https:\/\/arantv.az\/index.php?rest_route=%2Fwp%2Fv2%2Fmedia&parent=411695"}],"wp:term":[{"taxonomy":"category","embeddable":true,"href":"https:\/\/arantv.az\/index.php?rest_route=%2Fwp%2Fv2%2Fcategories&post=411695"},{"taxonomy":"post_tag","embeddable":true,"href":"https:\/\/arantv.az\/index.php?rest_route=%2Fwp%2Fv2%2Ftags&post=411695"}],"curies":[{"name":"wp","href":"https:\/\/api.w.org\/{rel}","templated":true}]}}