{"id":411698,"date":"2021-12-03T11:21:36","date_gmt":"2021-12-03T08:21:36","guid":{"rendered":"http:\/\/arantv.az\/?p=411698"},"modified":"2021-12-03T11:21:36","modified_gmt":"2021-12-03T08:21:36","slug":"prezident-hokum%c9%99t%c9%99-ordu-quruculugunun-gucl%c9%99ndirilm%c9%99sini-tapsirib","status":"publish","type":"post","link":"https:\/\/arantv.az\/?p=411698","title":{"rendered":"Prezident h\u00f6kum\u0259t\u0259 ordu quruculu\u011funun g\u00fccl\u0259ndirilm\u0259sini tap\u015f\u0131r\u0131b"},"content":{"rendered":"<p><em>\u201cOrdu quruculu\u011funun daha da g\u00fccl\u0259ndirilm\u0259si Ali Ba\u015f Komandan t\u0259r\u0259find\u0259n qar\u015f\u0131m\u0131za qoyulan \u0259n vacib m\u0259s\u0259l\u0259rd\u0259n biridir\u201d.<\/em><\/p>\n<p><strong>ARANTV.AZ\u00a0 x\u0259b\u0259r verir ki,<\/strong>\u00a0bunu Ba\u015f nazir\u00a0<strong>\u018fli \u018fs\u0259dov<\/strong>\u00a0parlamentin bu g\u00fcn ke\u00e7iril\u0259n iclas\u0131nda deyib.<\/p>\n<p>O bildirib ki, h\u0259rb\u00e7il\u0259rinin sosial, m\u0259i\u015f\u0259t, xidm\u0259t sah\u0259l\u0259ri il\u0259 ba\u011fl\u0131 \u015f\u0259raitin yax\u015f\u0131la\u015fd\u0131r\u0131lmas\u0131 h\u00f6kum\u0259tin diqq\u0259t m\u0259rk\u0259zind\u0259dir.<\/p>\n","protected":false},"excerpt":{"rendered":"<p>\u201cOrdu quruculu\u011funun daha da g\u00fccl\u0259ndirilm\u0259si Ali Ba\u015f Komandan t\u0259r\u0259find\u0259n qar\u015f\u0131m\u0131za qoyulan \u0259n vacib m\u0259s\u0259l\u0259rd\u0259n biridir\u201d. ARANTV.AZ\u00a0 x\u0259b\u0259r verir ki,\u00a0bunu Ba\u015f nazir\u00a0\u018fli \u018fs\u0259dov\u00a0parlamentin bu g\u00fcn ke\u00e7iril\u0259n iclas\u0131nda deyib. O bildirib ki, h\u0259rb\u00e7il\u0259rinin sosial, m\u0259i\u015f\u0259t, xidm\u0259t sah\u0259l\u0259ri il\u0259 ba\u011fl\u0131 \u015f\u0259raitin yax\u015f\u0131la\u015fd\u0131r\u0131lmas\u0131 h\u00f6kum\u0259tin diqq\u0259t m\u0259rk\u0259zind\u0259dir.<\/p>\n","protected":false},"author":2,"featured_media":411699,"comment_status":"closed","ping_status":"closed","sticky":false,"template":"","format":"standard","meta":{"om_disable_all_campaigns":false,"_monsterinsights_skip_tracking":false,"_monsterinsights_sitenote_active":false,"_monsterinsights_sitenote_note":"","_monsterinsights_sitenote_category":0},"categories":[4],"tags":[],"aioseo_notices":[],"gutentor_comment":0,"rttpg_featured_image_url":{"full":["https:\/\/arantv.az\/wp-content\/uploads\/2021\/12\/126c2da116373409153762601951005552-1.jpg",975,540,false],"landscape":["https:\/\/arantv.az\/wp-content\/uploads\/2021\/12\/126c2da116373409153762601951005552-1.jpg",975,540,false],"portraits":["https:\/\/arantv.az\/wp-content\/uploads\/2021\/12\/126c2da116373409153762601951005552-1.jpg",975,540,false],"thumbnail":["https:\/\/arantv.az\/wp-content\/uploads\/2021\/12\/126c2da116373409153762601951005552-1-500x280.jpg",500,280,true],"medium":["https:\/\/arantv.az\/wp-content\/uploads\/2021\/12\/126c2da116373409153762601951005552-1-660x365.jpg",660,365,true],"large":["https:\/\/arantv.az\/wp-content\/uploads\/2021\/12\/126c2da116373409153762601951005552-1-840x465.jpg",640,354,true],"1536x1536":["https:\/\/arantv.az\/wp-content\/uploads\/2021\/12\/126c2da116373409153762601951005552-1.jpg",975,540,false],"2048x2048":["https:\/\/arantv.az\/wp-content\/uploads\/2021\/12\/126c2da116373409153762601951005552-1.jpg",975,540,false],"post-thumbnail":["https:\/\/arantv.az\/wp-content\/uploads\/2021\/12\/126c2da116373409153762601951005552-1-240x172.jpg",240,172,true],"advps-thumb-one":["https:\/\/arantv.az\/wp-content\/uploads\/2021\/12\/126c2da116373409153762601951005552-1.jpg",975,540,false]},"rttpg_author":{"display_name":"V\u00fcsal Rafiqo\u011flu","author_link":"https:\/\/arantv.az\/?author=2"},"rttpg_comment":0,"rttpg_category":"<a href=\"https:\/\/arantv.az\/?cat=4\" rel=\"category\">Siyas\u0259t<\/a>","rttpg_excerpt":"\u201cOrdu quruculu\u011funun daha da g\u00fccl\u0259ndirilm\u0259si Ali Ba\u015f Komandan t\u0259r\u0259find\u0259n qar\u015f\u0131m\u0131za qoyulan \u0259n vacib m\u0259s\u0259l\u0259rd\u0259n biridir\u201d. ARANTV.AZ\u00a0 x\u0259b\u0259r verir ki,\u00a0bunu Ba\u015f nazir\u00a0\u018fli \u018fs\u0259dov\u00a0parlamentin bu g\u00fcn ke\u00e7iril\u0259n iclas\u0131nda deyib. O bildirib ki, h\u0259rb\u00e7il\u0259rinin sosial, m\u0259i\u015f\u0259t, xidm\u0259t sah\u0259l\u0259ri il\u0259 ba\u011fl\u0131 \u015f\u0259raitin yax\u015f\u0131la\u015fd\u0131r\u0131lmas\u0131 h\u00f6kum\u0259tin diqq\u0259t m\u0259rk\u0259zind\u0259dir.","_links":{"self":[{"href":"https:\/\/arantv.az\/index.php?rest_route=\/wp\/v2\/posts\/411698"}],"collection":[{"href":"https:\/\/arantv.az\/index.php?rest_route=\/wp\/v2\/posts"}],"about":[{"href":"https:\/\/arantv.az\/index.php?rest_route=\/wp\/v2\/types\/post"}],"author":[{"embeddable":true,"href":"https:\/\/arantv.az\/index.php?rest_route=\/wp\/v2\/users\/2"}],"replies":[{"embeddable":true,"href":"https:\/\/arantv.az\/index.php?rest_route=%2Fwp%2Fv2%2Fcomments&post=411698"}],"version-history":[{"count":0,"href":"https:\/\/arantv.az\/index.php?rest_route=\/wp\/v2\/posts\/411698\/revisions"}],"wp:featuredmedia":[{"embeddable":true,"href":"https:\/\/arantv.az\/index.php?rest_route=\/wp\/v2\/media\/411699"}],"wp:attachment":[{"href":"https:\/\/arantv.az\/index.php?rest_route=%2Fwp%2Fv2%2Fmedia&parent=411698"}],"wp:term":[{"taxonomy":"category","embeddable":true,"href":"https:\/\/arantv.az\/index.php?rest_route=%2Fwp%2Fv2%2Fcategories&post=411698"},{"taxonomy":"post_tag","embeddable":true,"href":"https:\/\/arantv.az\/index.php?rest_route=%2Fwp%2Fv2%2Ftags&post=411698"}],"curies":[{"name":"wp","href":"https:\/\/api.w.org\/{rel}","templated":true}]}}