{"id":411701,"date":"2021-12-03T11:22:16","date_gmt":"2021-12-03T08:22:16","guid":{"rendered":"http:\/\/arantv.az\/?p=411701"},"modified":"2021-12-03T11:22:16","modified_gmt":"2021-12-03T08:22:16","slug":"turkiy%c9%99-erm%c9%99nistanla-s%c9%99rh%c9%99dd%c9%99-antiterror-%c9%99m%c9%99liyyati-kecirir","status":"publish","type":"post","link":"https:\/\/arantv.az\/?p=411701","title":{"rendered":"T\u00fcrkiy\u0259 Erm\u0259nistanla s\u0259rh\u0259dd\u0259 antiterror \u0259m\u0259liyyat\u0131 ke\u00e7irir"},"content":{"rendered":"<p>T\u00fcrkiy\u0259nin Daxili \u0130\u015fl\u0259r Nazirliyi A\u011fr\u0131, \u018frzurum v\u0259 Qarsda \u201cEren K\u0131\u015f-10\u201d ad\u0131 alt\u0131nda antiterror \u0259m\u0259liyyat\u0131 ke\u00e7irir.<\/p>\n<p><strong>ARANTV.AZ<\/strong>\u00a0 \u201cAnadolu\u201d agentliyin\u0259 istinad\u0259n x\u0259b\u0259r verir ki, bu bar\u0259d\u0259 T\u00fcrkiy\u0259nin Daxili \u0130\u015fl\u0259r Nazirliyi a\u00e7\u0131qlama yay\u0131b.<\/p>\n<p>A\u00e7\u0131qlamaya \u0259sas\u0259n, PKK terror qrupla\u015fmas\u0131n\u0131 \u00f6lk\u0259nin g\u00fcnd\u0259liyind\u0259n \u00e7\u0131xarmaq v\u0259 b\u00f6lg\u0259d\u0259 yerl\u0259\u015fdiyi ehtimal edil\u0259n terror\u00e7ular\u0131n z\u0259r\u0259rsizl\u0259\u015fdirilm\u0259si m\u0259qs\u0259dil\u0259 A\u011fr\u0131, \u018frzurum v\u0259 Qarsdak\u0131 \u0259m\u0259liyyat ke\u00e7irilir.<\/p>\n<p>Bildirilib ki, \u018frzurum Jandarm b\u00f6lg\u0259 Komandanl\u0131\u011f\u0131n\u0131n c\u0259lb edildiyi \u0259m\u0259liyyatda yerli Jandarm Komandosu, Jandarm X\u00fcsusi T\u0259yinatl\u0131 D\u0259st\u0259si, t\u0259hl\u00fck\u0259sizlik qoruyucular\u0131ndan ibar\u0259t 790 \u015f\u0259xsi hey\u0259tl\u0259 70 komanda i\u015ftirak edir.<\/p>\n","protected":false},"excerpt":{"rendered":"<p>T\u00fcrkiy\u0259nin Daxili \u0130\u015fl\u0259r Nazirliyi A\u011fr\u0131, \u018frzurum v\u0259 Qarsda \u201cEren K\u0131\u015f-10\u201d ad\u0131 alt\u0131nda antiterror \u0259m\u0259liyyat\u0131 ke\u00e7irir. ARANTV.AZ\u00a0 \u201cAnadolu\u201d agentliyin\u0259 istinad\u0259n x\u0259b\u0259r verir ki, bu bar\u0259d\u0259 T\u00fcrkiy\u0259nin Daxili \u0130\u015fl\u0259r Nazirliyi a\u00e7\u0131qlama yay\u0131b. A\u00e7\u0131qlamaya \u0259sas\u0259n, PKK terror qrupla\u015fmas\u0131n\u0131 \u00f6lk\u0259nin g\u00fcnd\u0259liyind\u0259n \u00e7\u0131xarmaq v\u0259 b\u00f6lg\u0259d\u0259 yerl\u0259\u015fdiyi ehtimal edil\u0259n terror\u00e7ular\u0131n z\u0259r\u0259rsizl\u0259\u015fdirilm\u0259si m\u0259qs\u0259dil\u0259 A\u011fr\u0131, \u018frzurum v\u0259 Qarsdak\u0131 \u0259m\u0259liyyat ke\u00e7irilir. Bildirilib ki, \u018frzurum Jandarm b\u00f6lg\u0259 Komandanl\u0131\u011f\u0131n\u0131n c\u0259lb edildiyi \u0259m\u0259liyyatda yerli Jandarm Komandosu, Jandarm X\u00fcsusi T\u0259yinatl\u0131 D\u0259st\u0259si, t\u0259hl\u00fck\u0259sizlik qoruyucular\u0131ndan ibar\u0259t 790 \u015f\u0259xsi hey\u0259tl\u0259 70 komanda i\u015ftirak edir.<\/p>\n","protected":false},"author":2,"featured_media":411702,"comment_status":"closed","ping_status":"closed","sticky":false,"template":"","format":"standard","meta":{"om_disable_all_campaigns":false,"_monsterinsights_skip_tracking":false,"_monsterinsights_sitenote_active":false,"_monsterinsights_sitenote_note":"","_monsterinsights_sitenote_category":0},"categories":[7],"tags":[],"aioseo_notices":[],"gutentor_comment":0,"rttpg_featured_image_url":{"full":["https:\/\/arantv.az\/wp-content\/uploads\/2021\/12\/a5ff5d4b163851751529153923910507554.jpg",975,540,false],"landscape":["https:\/\/arantv.az\/wp-content\/uploads\/2021\/12\/a5ff5d4b163851751529153923910507554.jpg",975,540,false],"portraits":["https:\/\/arantv.az\/wp-content\/uploads\/2021\/12\/a5ff5d4b163851751529153923910507554.jpg",975,540,false],"thumbnail":["https:\/\/arantv.az\/wp-content\/uploads\/2021\/12\/a5ff5d4b163851751529153923910507554-500x280.jpg",500,280,true],"medium":["https:\/\/arantv.az\/wp-content\/uploads\/2021\/12\/a5ff5d4b163851751529153923910507554-660x365.jpg",660,365,true],"large":["https:\/\/arantv.az\/wp-content\/uploads\/2021\/12\/a5ff5d4b163851751529153923910507554-840x465.jpg",640,354,true],"1536x1536":["https:\/\/arantv.az\/wp-content\/uploads\/2021\/12\/a5ff5d4b163851751529153923910507554.jpg",975,540,false],"2048x2048":["https:\/\/arantv.az\/wp-content\/uploads\/2021\/12\/a5ff5d4b163851751529153923910507554.jpg",975,540,false],"post-thumbnail":["https:\/\/arantv.az\/wp-content\/uploads\/2021\/12\/a5ff5d4b163851751529153923910507554-240x172.jpg",240,172,true],"advps-thumb-one":["https:\/\/arantv.az\/wp-content\/uploads\/2021\/12\/a5ff5d4b163851751529153923910507554.jpg",975,540,false]},"rttpg_author":{"display_name":"V\u00fcsal Rafiqo\u011flu","author_link":"https:\/\/arantv.az\/?author=2"},"rttpg_comment":0,"rttpg_category":"<a href=\"https:\/\/arantv.az\/?cat=7\" rel=\"category\">D\u00fcnya<\/a>","rttpg_excerpt":"T\u00fcrkiy\u0259nin Daxili \u0130\u015fl\u0259r Nazirliyi A\u011fr\u0131, \u018frzurum v\u0259 Qarsda \u201cEren K\u0131\u015f-10\u201d ad\u0131 alt\u0131nda antiterror \u0259m\u0259liyyat\u0131 ke\u00e7irir. ARANTV.AZ\u00a0 \u201cAnadolu\u201d agentliyin\u0259 istinad\u0259n x\u0259b\u0259r verir ki, bu bar\u0259d\u0259 T\u00fcrkiy\u0259nin Daxili \u0130\u015fl\u0259r Nazirliyi a\u00e7\u0131qlama yay\u0131b. A\u00e7\u0131qlamaya \u0259sas\u0259n, PKK terror qrupla\u015fmas\u0131n\u0131 \u00f6lk\u0259nin g\u00fcnd\u0259liyind\u0259n \u00e7\u0131xarmaq v\u0259 b\u00f6lg\u0259d\u0259 yerl\u0259\u015fdiyi ehtimal edil\u0259n terror\u00e7ular\u0131n z\u0259r\u0259rsizl\u0259\u015fdirilm\u0259si m\u0259qs\u0259dil\u0259 A\u011fr\u0131, \u018frzurum v\u0259 Qarsdak\u0131 \u0259m\u0259liyyat ke\u00e7irilir. Bildirilib ki, \u018frzurum&hellip;","_links":{"self":[{"href":"https:\/\/arantv.az\/index.php?rest_route=\/wp\/v2\/posts\/411701"}],"collection":[{"href":"https:\/\/arantv.az\/index.php?rest_route=\/wp\/v2\/posts"}],"about":[{"href":"https:\/\/arantv.az\/index.php?rest_route=\/wp\/v2\/types\/post"}],"author":[{"embeddable":true,"href":"https:\/\/arantv.az\/index.php?rest_route=\/wp\/v2\/users\/2"}],"replies":[{"embeddable":true,"href":"https:\/\/arantv.az\/index.php?rest_route=%2Fwp%2Fv2%2Fcomments&post=411701"}],"version-history":[{"count":0,"href":"https:\/\/arantv.az\/index.php?rest_route=\/wp\/v2\/posts\/411701\/revisions"}],"wp:featuredmedia":[{"embeddable":true,"href":"https:\/\/arantv.az\/index.php?rest_route=\/wp\/v2\/media\/411702"}],"wp:attachment":[{"href":"https:\/\/arantv.az\/index.php?rest_route=%2Fwp%2Fv2%2Fmedia&parent=411701"}],"wp:term":[{"taxonomy":"category","embeddable":true,"href":"https:\/\/arantv.az\/index.php?rest_route=%2Fwp%2Fv2%2Fcategories&post=411701"},{"taxonomy":"post_tag","embeddable":true,"href":"https:\/\/arantv.az\/index.php?rest_route=%2Fwp%2Fv2%2Ftags&post=411701"}],"curies":[{"name":"wp","href":"https:\/\/api.w.org\/{rel}","templated":true}]}}