{"id":411710,"date":"2021-12-03T11:25:58","date_gmt":"2021-12-03T08:25:58","guid":{"rendered":"http:\/\/arantv.az\/?p=411710"},"modified":"2021-12-03T11:25:58","modified_gmt":"2021-12-03T08:25:58","slug":"gozl%c9%99nil%c9%99n-ukrayna-muharib%c9%99sind%c9%99-baki-v%c9%99-ankaranin-movqeyi-nec%c9%99-olacaq","status":"publish","type":"post","link":"https:\/\/arantv.az\/?p=411710","title":{"rendered":"G\u00f6zl\u0259nil\u0259n Ukrayna m\u00fcharib\u0259sind\u0259 Bak\u0131 v\u0259 Ankaran\u0131n m\u00f6vqeyi nec\u0259 olacaq?"},"content":{"rendered":"<h3><strong>Ekspert: \u201cAz\u0259rbaycan \u00f6l\u00e7\u00fcl\u00fc-bi\u00e7ili davranmal\u0131, Kr\u0131m m\u0259s\u0259l\u0259sind\u0259 T\u00fcrkiy\u0259 kimi a\u00e7\u0131q m\u00f6vqe ortaya qoyma\u011fa t\u0259l\u0259sm\u0259m\u0259lidir\u201d<\/strong><\/h3>\n<p><strong>Rusiya-Ukrayna s\u0259rh\u0259dind\u0259 v\u0259ziyy\u0259t daha da g\u0259rginl\u0259\u015fib. Son g\u00fcnl\u0259r AB\u015e v\u0259 dig\u0259r NATO \u00f6lk\u0259l\u0259rinin Kremlin Ukraynaya h\u00fccuma haz\u0131rla\u015fd\u0131\u011f\u0131 haqda b\u0259yanatlar verdiyi bir vaxtda Kreml d\u0259 Ukraynan\u0131n Donbasdak\u0131 m\u00fcnaqi\u015f\u0259 zonas\u0131na qo\u015fun c\u0259ml\u0259\u015fdirdiyini b\u0259yan ed\u0259r\u0259k narahatl\u0131q ifad\u0259 edib. Rusiya X\u0130N-in r\u0259smi n\u00fcmay\u0259nd\u0259si Mariya Zaxarova bildirib ki, Ukrayna \u00f6z ordusunun yar\u0131s\u0131n\u0131 Donbas m\u00fcnaqi\u015f\u0259si zonas\u0131na c\u0259ml\u0259\u015fdirib.<\/strong><\/p>\n<p><strong>\u201cUkrayna Silahl\u0131 Q\u00fcvv\u0259l\u0259ri h\u0259rbi g\u00fcc c\u0259ml\u0259\u015fdirir, a\u011f\u0131r texnikan\u0131, \u015f\u0259xsi hey\u0259ti \u00e7\u0259kib g\u0259tirir. B\u0259zi m\u0259lumatlara g\u00f6r\u0259, m\u00fcnaqi\u015f\u0259 zonas\u0131nda Ukrayna qo\u015fun qrupla\u015fmas\u0131n\u0131n say\u0131 125 min n\u0259f\u0259r\u0259 \u00e7at\u0131r, bu is\u0259 bilm\u0259y\u0259nl\u0259r \u00fc\u00e7\u00fcn deyim ki, Ukrayna ordusunun yar\u0131s\u0131 dem\u0259kdir\u201d,<\/strong>\u00a0&#8211; Zaxarova deyib. Prezident Vladimir Putinin m\u0259tbuat katibi Dmitri Peskov da Ukraynan\u0131n Donbasdak\u0131 t\u0259mas x\u0259ttin\u0259 qo\u015fun c\u0259ml\u0259\u015fdirm\u0259sini \u201ct\u0259hl\u00fck\u0259li avant\u00fcra\u201d adland\u0131r\u0131b. Peskov qeyd edib ki, Moskva deskalasiya \u00fc\u00e7\u00fcn he\u00e7 bir t\u0259dbir g\u00f6rm\u0259m\u0259yi \u00f6z\u00fcn\u0259 r\u0259va bilm\u0259z. \u201cBiz m\u00fcnaqi\u015f\u0259 zonas\u0131na 120 mind\u0259n \u00e7ox h\u0259rb\u00e7inin c\u0259ml\u0259\u015fdirildiyi haqda x\u0259b\u0259rl\u0259ri g\u00f6rm\u00fc\u015f\u00fck.<\/p>\n<p><img loading=\"lazy\" src=\"https:\/\/i.cultureoeuvre.com\/images\/051\/image-152265-1.jpg\" alt=\"Ukrayna Silahl\u0131 Q\u00fcvv\u0259l\u0259rinin 2018-ci Ilin May\u0131nda Donbasdak\u0131 H\u00fccumu |  M\u0259d\u0259niyy\u0259t v\u0259 c\u0259miyy\u0259t 2021\" width=\"741\" height=\"470\" \/><\/p>\n<p>M\u0259hz bu fakt\u00a0 Kiyevd\u0259 Donbasdak\u0131 v\u0259ziyy\u0259ti g\u00fcc yolu il\u0259 \u00f6z xeyrin\u0259 h\u0259ll etm\u0259k \u0259hval-ruhiyy\u0259sinin \u00fcst\u00fcn g\u0259l\u0259 bil\u0259c\u0259yin\u0259 dair bizim narahatl\u0131qlar\u0131m\u0131z\u0131 art\u0131r\u0131r\u201d, &#8211; Peskov bildirib. Xat\u0131rladaq ki, AB\u015e k\u0259\u015ffiyyat\u0131 Rusiyan\u0131n Ukraynaya irimiqyasl\u0131 h\u00fccum \u00fc\u00e7\u00fcn \u015faxtalar\u0131n d\u00fc\u015fm\u0259sini g\u00f6zl\u0259diyi bar\u0259d\u0259 x\u0259b\u0259rdarl\u0131q edib. Bu is\u0259 dekabr\u0131n sonlar\u0131na, yanvar\u0131n \u0259vv\u0259ll\u0259rin\u0259 t\u0259sad\u00fcf ed\u0259 bil\u0259r. H\u00fccum \u00fc\u00e7\u00fcn b\u0259han\u0259 qismind\u0259 Ukraynan\u0131n Donbasda \u201ct\u0259xribatlar t\u00f6r\u0259tm\u0259si v\u0259 h\u00fccuma ke\u00e7m\u0259si\u201d bar\u0259d\u0259 iddialar \u0259sas g\u00f6t\u00fcr\u00fcl\u0259 bil\u0259r.<\/p>\n<p>Bel\u0259 g\u00f6r\u00fcn\u00fcr ki, son olaraq T\u00fcrkiy\u0259 Prezidenti R\u0259c\u0259b Tayyib \u018frdo\u011fan\u0131n iki \u00f6lk\u0259 aras\u0131nda vasit\u0259\u00e7ilik t\u0259klifin\u0259 baxmayaraq, t\u0259r\u0259fl\u0259r \u201csilah\u0131n\u0131 beld\u0259n \u00e7\u0131xar\u0131b\u201d v\u0259 qal\u0131r ilk at\u0259\u015fin a\u00e7\u0131lmas\u0131. Yeri g\u0259lmi\u015fk\u0259n, dekabr\u0131n 3-d\u0259 \u018frdo\u011fanla Putin aras\u0131nda telefon dan\u0131\u015f\u0131\u011f\u0131 olacaq. Prezidentl\u0259rin Ukrayna m\u00f6vzusunu da m\u00fczakir\u0259 ed\u0259c\u0259yi g\u00f6zl\u0259nilir.<\/p>\n<p><img src=\"https:\/\/www.nato.int\/nato_static_fl2014\/assets\/pictures\/images_mfu\/2021\/12\/stock\/211201f-001-sg-reuters_rdax_775x440.jpg\" alt=\"NATO - Opinion: Keynote interview with NATO Secretary General Jens  Stoltenberg at Reuters Next event , 01-Dec.-2021\" \/><\/p>\n<p><strong>Art\u0131q NATO ba\u015f katibi Stoltenberg r\u0259smi \u015f\u0259kild\u0259 Rusiyaya x\u0259b\u0259rdarl\u0131q edib. O, NATO \u00f6lk\u0259l\u0259rinin xarici i\u015fl\u0259r nazirl\u0259rinin 1 dekabr tarixli iclas\u0131nda deyib ki, Rusiyan\u0131n Ukraynaya h\u00fccum etm\u0259si a\u011f\u0131r f\u0259sadlarla n\u0259tic\u0259l\u0259n\u0259c\u0259k&#8230;\u00a0<\/strong><\/p>\n<p>Maraq edil\u0259n \u0259sas m\u00f6vzu is\u0259 Bak\u0131n\u0131n v\u0259 Ankaran\u0131n m\u00fcmk\u00fcn m\u00fcharib\u0259d\u0259 tutaca\u011f\u0131 m\u00f6vqedir. M\u0259lumdur ki, Kiyev Qaraba\u011f\u00a0 m\u00fcharib\u0259sind\u0259 Az\u0259rbaycan\u0131n haqq i\u015fin\u0259 d\u0259st\u0259k verib. T\u00fcrkiy\u0259nin is\u0259 Ukrayna v\u0259 Kr\u0131m m\u00f6vzusunda Rusiyan\u0131 naraz\u0131 salan daha h\u0259ssas m\u00f6vqeyi var. \u00dcst\u0259lik, son olaraq Kiyevin \u201cBayraktar\u201d PUA-lar\u0131n\u0131 almas\u0131 Kremli q\u0131c\u0131qland\u0131r\u0131b. M\u00fcharib\u0259 a\u00e7\u0131q m\u00fcst\u0259viy\u0259, h\u0259rbi \u0259m\u0259liyyatlara ke\u00e7\u0259rs\u0259 Az\u0259rbaycan\u0131n v\u0259 T\u00fcrkiy\u0259nin m\u00f6vqeyi nec\u0259 olacaq? Nec\u0259 ed\u0259k ki, bu m\u00fcnaqi\u015f\u0259d\u0259 biz d\u0259 \u201cyanmayaq\u201d, \u00e7\u00fcnki h\u0259l\u0259 h\u0259m s\u0259rh\u0259dd\u0259, h\u0259m Qaraba\u011fda probleml\u0259r var ki, bunlar\u0131 Rusiyan\u0131n i\u015ftirak\u0131 olmadan \u00e7\u00f6zm\u0259k \u00e7\u0259tindir.<\/p>\n<p><img src=\"https:\/\/sherg.az\/\/storage\/posts\/September2019\/3b60782c657a7c248b938d0a9a318164.jpg\" alt=\"Qabil H\u00fcseynli: &amp;quot;Lokal m\u00fcharib\u0259 il\u0259 Nikolun d\u0259rsini verm\u0259k laz\u0131md\u0131r&amp;quot; -  M\u00dcSAH\u0130B\u018f\" \/><\/p>\n<p><strong>Qabil H\u00fcseynli<\/strong><\/p>\n<p><strong>Politoloq Qabil H\u00fcseynli \u201cYeni M\u00fcsavat\u201da bildirdi ki, Ukrayna-Rusiya m\u00fcharib\u0259si h\u0259r an ba\u015flaya bil\u0259r. Bu, \u0259slind\u0259 Rusiya il\u0259 AB\u015e-\u0131n, NATO-nun sava\u015f\u0131 ola bil\u0259r:<\/strong>\u00a0\u201cT\u00fcrkiy\u0259nin NATO \u00fczv\u00fc oldu\u011fu n\u0259z\u0259r\u0259 al\u0131nsa, dem\u0259k, dolay\u0131s\u0131 il\u0259 T\u00fcrkiy\u0259 d\u0259 bu m\u00fcharib\u0259nin i\u00e7\u0259risind\u0259 olmu\u015f say\u0131lacaq. Rusiya sanki \u00e7ox b\u00f6y\u00fck miqyasl\u0131 m\u00fcharib\u0259y\u0259 haz\u0131rla\u015f\u0131r kimi h\u0259r\u0259k\u0259tl\u0259r etm\u0259kd\u0259dir. Rusiya Ukraynan\u0131n s\u0259rh\u0259di boyu \u00e7oxsayl\u0131 a\u011f\u0131r h\u0259rbi texnika toplamaqdad\u0131r. M\u00fcxt\u0259lif K\u0130V-l\u0259rin s\u0259hif\u0259l\u0259rind\u0259 bu prosesin haraya y\u00f6n ald\u0131\u011f\u0131 bar\u0259d\u0259 m\u00fcxt\u0259lif ehtimallar, \u015f\u0259rhl\u0259r, proqnozlar verilir. Bu fikirl\u0259rin i\u00e7\u0259risind\u0259 \u0259n \u00e7ox diqq\u0259ti c\u0259lb ed\u0259ni Rusiyan\u0131n Ukraynaya h\u00fccum ed\u0259c\u0259yi v\u0259 \u0259n az\u0131ndan Kiyev\u0259 q\u0259d\u0259r Ukrayna \u0259razil\u0259rini \u0259l\u0259 ke\u00e7ir\u0259c\u0259yi bar\u0259d\u0259dir. Normal m\u0259ntiql\u0259 b\u00fct\u00fcn bu deyil\u0259nl\u0259ri q\u0259bul etm\u0259k o q\u0259d\u0259r asan deyil. \u00c7\u00fcnki s\u00f6hb\u0259t beyn\u0259lxalq h\u00fcquq normalar\u0131na \u0259m\u0259l edilm\u0259sind\u0259n, d\u00f6vl\u0259tin beyn\u0259lxalq m\u00fcnasib\u0259tl\u0259rd\u0259 \u00f6z \u00fcz\u0259rin\u0259 g\u00f6t\u00fcrd\u00fcy\u00fc \u00f6hd\u0259likl\u0259ri yerin\u0259 yetirm\u0259sind\u0259n xeyli d\u0259r\u0259c\u0259d\u0259 as\u0131l\u0131d\u0131r. \u00dcst\u0259lik d\u0259 d\u00fcnya h\u0259l\u0259 ki \u201dsouq m\u00fcharib\u0259&#8221;d\u0259n sonra formala\u015fm\u0131\u015f nizam\u0131n\u0131 b\u00f6y\u00fck \u00f6l\u00e7\u00fcd\u0259 qoruyub saxlaya bilib v\u0259 h\u0259l\u0259 ki yeni d\u00fcnya nizam\u0131 prosesin\u0259 ke\u00e7id ba\u015f verm\u0259yib. Bu n\u00f6qteyi-n\u0259z\u0259rd\u0259n Rusiyan\u0131n h\u0259r\u0259k\u0259tl\u0259rini \u00e7\u0259r\u00e7iv\u0259y\u0259 sala bil\u0259c\u0259k kifay\u0259t q\u0259d\u0259r beyn\u0259lxalq h\u00fcquq normalar\u0131, konvensiyalar, el\u0259c\u0259 d\u0259 ehtimal olunan t\u0259cav\u00fcz\u0259 qar\u015f\u0131 \u00e7\u0131xan h\u0259rbi-siyasi qurumlar var ki, bunlar\u0131n da ba\u015f\u0131nda NATO g\u0259lir&#8221;.<\/p>\n<p><strong>Politoloqun fikrinc\u0259, NATO Rusiyan\u0131 Ukraynaya h\u00fccum ed\u0259c\u0259yi t\u0259qdird\u0259 c\u0259zaland\u0131raca\u011f\u0131 bar\u0259d\u0259 b\u0259yanatlar\u0131nda bu d\u0259f\u0259 \u00e7ox ciddidir. Lakin bel\u0259 g\u00f6r\u00fcn\u00fcr ki, NATO-dan olan x\u0259b\u0259rdarl\u0131qlar Rusiya t\u0259r\u0259find\u0259n ciddiy\u0259 al\u0131nm\u0131r:<\/strong>\u00a0\u201cOna g\u00f6r\u0259 d\u0259 d\u00fcnya \u00e7ox ciddi h\u0259rbi qar\u015f\u0131durma il\u0259 \u00fcz-\u00fcz\u0259 qala bil\u0259r. Rusiya Ukraynaya h\u00fccum ed\u0259rs\u0259, d\u00fcnya \u00e7ox ciddi h\u0259rbi qar\u015f\u0131durman\u0131n astanas\u0131na g\u0259lib \u00e7\u0131xa bil\u0259r v\u0259 \u00e7ox a\u011f\u0131lag\u0259lm\u0259z d\u0259h\u015f\u0259tli hadis\u0259l\u0259r ba\u015f ver\u0259 bil\u0259r. M\u0259n bilmir\u0259m, Rusiya bunun f\u0259rqind\u0259dirmi ki, ona qar\u015f\u0131 t\u0259s\u0259vv\u00fcr bel\u0259 etm\u0259diyi b\u00f6y\u00fck imkanlara malik g\u00fcc dayana bil\u0259r. Rusiya bunun f\u0259rqin\u0259 varmad\u0131\u011f\u0131 \u00fc\u00e7\u00fcn prosesl\u0259r \u00f6z axar\u0131ndan \u00e7\u0131xmaq \u0259r\u0259f\u0259sind\u0259dir\u201d.<\/p>\n<p><strong>Q.H\u00fcseynli hesab edir ki, v\u0259ziyy\u0259tin \u00e7ox t\u0259hl\u00fck\u0259li h\u0259dd\u0259 yax\u0131nla\u015fd\u0131\u011f\u0131n\u0131 h\u0259m NATO-nun m\u00fctt\u0259fiqi, h\u0259m d\u0259 Rusiyan\u0131n t\u0259r\u0259fda\u015f\u0131 olan T\u00fcrkiy\u0259 g\u00f6r\u00fcr. Ona g\u00f6r\u0259 d\u0259 T\u00fcrkiy\u0259nin vasit\u0259\u00e7ilik t\u0259\u015f\u0259bb\u00fcs\u00fc s\u0259b\u0259bsiz deyil:<\/strong>\u00a0\u201cT\u00fcrkiy\u0259 prezidenti \u018frdo\u011fan dekabr\u0131n 3-d\u0259 Putin\u0259 z\u0259ng ed\u0259c\u0259k. M\u0259s\u0259l\u0259 \u00e7ox ciddidir. T\u00fcrkiy\u0259 \u00e7ox haql\u0131 olaraq Ukraynan\u0131n haqq i\u015fini m\u00fcdafi\u0259 edir. \u00c7\u00fcnki Ukraynan\u0131n \u0259razi b\u00fct\u00f6vl\u00fcy\u00fc pozulub. Az\u0259rbaycan da Ukraynan\u0131n \u0259razi b\u00fct\u00f6vl\u00fcy\u00fcn\u00fc tan\u0131y\u0131r v\u0259 daim m\u00fcdafi\u0259 edir. Y\u0259qin ki, bundan sonra da m\u00f6vqeyimiz d\u0259yi\u015fm\u0259y\u0259c\u0259k. Bunu Rusiya \u00f6z\u00fcn\u0259 qar\u015f\u0131 olan davran\u0131\u015f kimi q\u0259bul etm\u0259m\u0259lidir. Bizim Rusiya il\u0259 d\u0259 \u00e7ox s\u0131x \u0259m\u0259kda\u015fl\u0131\u011f\u0131m\u0131z var v\u0259 bu \u0259m\u0259kda\u015fl\u0131q davam ed\u0259c\u0259k, davam etdirilm\u0259lidir. Az\u0259rbaycan bu bax\u0131mdan m\u00fc\u0259yy\u0259n q\u0259d\u0259r \u00f6l\u00e7\u00fcl\u00fc-bi\u00e7ili davranmal\u0131, Kr\u0131m m\u0259s\u0259l\u0259sind\u0259 T\u00fcrkiy\u0259 kimi a\u00e7\u0131q m\u00f6vqe ortaya qoyma\u011fa t\u0259l\u0259sm\u0259m\u0259lidir. \u018flb\u0259tt\u0259, yeni m\u00fcharib\u0259 t\u0259hl\u00fck\u0259sini pisl\u0259m\u0259liyik, amma el\u0259 etm\u0259liyik ki, Rusiya il\u0259 indiki h\u0259ssas vaxtda m\u00fcnasib\u0259tl\u0259rimizi pozan v\u0259ziyy\u0259t yaranmas\u0131n. Lakin Rusiya Ukraynaya h\u0259rbi h\u00fccum ed\u0259c\u0259ks\u0259 v\u0259 m\u00fcharib\u0259 ba\u015flayacaqsa, o zaman m\u00f6vqel\u0259rimiz\u00a0 birm\u0259nal\u0131 olmal\u0131d\u0131r. Kim olmas\u0131ndan as\u0131l\u0131 olmayaraq, t\u0259cav\u00fczkar\u0131 pisl\u0259m\u0259liyik\u201d.<\/p>\n","protected":false},"excerpt":{"rendered":"<p>Ekspert: \u201cAz\u0259rbaycan \u00f6l\u00e7\u00fcl\u00fc-bi\u00e7ili davranmal\u0131, Kr\u0131m m\u0259s\u0259l\u0259sind\u0259 T\u00fcrkiy\u0259 kimi a\u00e7\u0131q m\u00f6vqe ortaya qoyma\u011fa t\u0259l\u0259sm\u0259m\u0259lidir\u201d Rusiya-Ukrayna s\u0259rh\u0259dind\u0259 v\u0259ziyy\u0259t daha da g\u0259rginl\u0259\u015fib. Son g\u00fcnl\u0259r AB\u015e v\u0259 dig\u0259r NATO \u00f6lk\u0259l\u0259rinin Kremlin Ukraynaya h\u00fccuma haz\u0131rla\u015fd\u0131\u011f\u0131 haqda b\u0259yanatlar verdiyi bir vaxtda Kreml d\u0259 Ukraynan\u0131n Donbasdak\u0131 m\u00fcnaqi\u015f\u0259 zonas\u0131na qo\u015fun c\u0259ml\u0259\u015fdirdiyini b\u0259yan ed\u0259r\u0259k narahatl\u0131q ifad\u0259 edib. Rusiya X\u0130N-in r\u0259smi n\u00fcmay\u0259nd\u0259si Mariya Zaxarova bildirib ki, Ukrayna \u00f6z ordusunun yar\u0131s\u0131n\u0131 Donbas m\u00fcnaqi\u015f\u0259si zonas\u0131na c\u0259ml\u0259\u015fdirib. \u201cUkrayna Silahl\u0131 Q\u00fcvv\u0259l\u0259ri h\u0259rbi g\u00fcc c\u0259ml\u0259\u015fdirir, a\u011f\u0131r texnikan\u0131, \u015f\u0259xsi hey\u0259ti \u00e7\u0259kib g\u0259tirir. B\u0259zi m\u0259lumatlara g\u00f6r\u0259, m\u00fcnaqi\u015f\u0259 zonas\u0131nda Ukrayna qo\u015fun qrupla\u015fmas\u0131n\u0131n say\u0131 125 min n\u0259f\u0259r\u0259 \u00e7at\u0131r, bu&hellip;<\/p>\n","protected":false},"author":2,"featured_media":411711,"comment_status":"closed","ping_status":"closed","sticky":false,"template":"","format":"standard","meta":{"om_disable_all_campaigns":false,"_monsterinsights_skip_tracking":false,"_monsterinsights_sitenote_active":false,"_monsterinsights_sitenote_note":"","_monsterinsights_sitenote_category":0},"categories":[4],"tags":[],"aioseo_notices":[],"gutentor_comment":0,"rttpg_featured_image_url":{"full":["https:\/\/arantv.az\/wp-content\/uploads\/2021\/12\/02a2a7f500457ff0897d7e31db66aead.jpg",450,300,false],"landscape":["https:\/\/arantv.az\/wp-content\/uploads\/2021\/12\/02a2a7f500457ff0897d7e31db66aead.jpg",450,300,false],"portraits":["https:\/\/arantv.az\/wp-content\/uploads\/2021\/12\/02a2a7f500457ff0897d7e31db66aead.jpg",450,300,false],"thumbnail":["https:\/\/arantv.az\/wp-content\/uploads\/2021\/12\/02a2a7f500457ff0897d7e31db66aead-450x280.jpg",450,280,true],"medium":["https:\/\/arantv.az\/wp-content\/uploads\/2021\/12\/02a2a7f500457ff0897d7e31db66aead.jpg",450,300,false],"large":["https:\/\/arantv.az\/wp-content\/uploads\/2021\/12\/02a2a7f500457ff0897d7e31db66aead.jpg",450,300,false],"1536x1536":["https:\/\/arantv.az\/wp-content\/uploads\/2021\/12\/02a2a7f500457ff0897d7e31db66aead.jpg",450,300,false],"2048x2048":["https:\/\/arantv.az\/wp-content\/uploads\/2021\/12\/02a2a7f500457ff0897d7e31db66aead.jpg",450,300,false],"post-thumbnail":["https:\/\/arantv.az\/wp-content\/uploads\/2021\/12\/02a2a7f500457ff0897d7e31db66aead-240x172.jpg",240,172,true],"advps-thumb-one":["https:\/\/arantv.az\/wp-content\/uploads\/2021\/12\/02a2a7f500457ff0897d7e31db66aead.jpg",450,300,false]},"rttpg_author":{"display_name":"V\u00fcsal Rafiqo\u011flu","author_link":"https:\/\/arantv.az\/?author=2"},"rttpg_comment":0,"rttpg_category":"<a href=\"https:\/\/arantv.az\/?cat=4\" rel=\"category\">Siyas\u0259t<\/a>","rttpg_excerpt":"Ekspert: \u201cAz\u0259rbaycan \u00f6l\u00e7\u00fcl\u00fc-bi\u00e7ili davranmal\u0131, Kr\u0131m m\u0259s\u0259l\u0259sind\u0259 T\u00fcrkiy\u0259 kimi a\u00e7\u0131q m\u00f6vqe ortaya qoyma\u011fa t\u0259l\u0259sm\u0259m\u0259lidir\u201d Rusiya-Ukrayna s\u0259rh\u0259dind\u0259 v\u0259ziyy\u0259t daha da g\u0259rginl\u0259\u015fib. Son g\u00fcnl\u0259r AB\u015e v\u0259 dig\u0259r NATO \u00f6lk\u0259l\u0259rinin Kremlin Ukraynaya h\u00fccuma haz\u0131rla\u015fd\u0131\u011f\u0131 haqda b\u0259yanatlar verdiyi bir vaxtda Kreml d\u0259 Ukraynan\u0131n Donbasdak\u0131 m\u00fcnaqi\u015f\u0259 zonas\u0131na qo\u015fun c\u0259ml\u0259\u015fdirdiyini b\u0259yan ed\u0259r\u0259k narahatl\u0131q ifad\u0259 edib. Rusiya X\u0130N-in r\u0259smi n\u00fcmay\u0259nd\u0259si Mariya Zaxarova bildirib&hellip;","_links":{"self":[{"href":"https:\/\/arantv.az\/index.php?rest_route=\/wp\/v2\/posts\/411710"}],"collection":[{"href":"https:\/\/arantv.az\/index.php?rest_route=\/wp\/v2\/posts"}],"about":[{"href":"https:\/\/arantv.az\/index.php?rest_route=\/wp\/v2\/types\/post"}],"author":[{"embeddable":true,"href":"https:\/\/arantv.az\/index.php?rest_route=\/wp\/v2\/users\/2"}],"replies":[{"embeddable":true,"href":"https:\/\/arantv.az\/index.php?rest_route=%2Fwp%2Fv2%2Fcomments&post=411710"}],"version-history":[{"count":0,"href":"https:\/\/arantv.az\/index.php?rest_route=\/wp\/v2\/posts\/411710\/revisions"}],"wp:featuredmedia":[{"embeddable":true,"href":"https:\/\/arantv.az\/index.php?rest_route=\/wp\/v2\/media\/411711"}],"wp:attachment":[{"href":"https:\/\/arantv.az\/index.php?rest_route=%2Fwp%2Fv2%2Fmedia&parent=411710"}],"wp:term":[{"taxonomy":"category","embeddable":true,"href":"https:\/\/arantv.az\/index.php?rest_route=%2Fwp%2Fv2%2Fcategories&post=411710"},{"taxonomy":"post_tag","embeddable":true,"href":"https:\/\/arantv.az\/index.php?rest_route=%2Fwp%2Fv2%2Ftags&post=411710"}],"curies":[{"name":"wp","href":"https:\/\/api.w.org\/{rel}","templated":true}]}}