{"id":411716,"date":"2021-12-03T11:28:55","date_gmt":"2021-12-03T08:28:55","guid":{"rendered":"http:\/\/arantv.az\/?p=411716"},"modified":"2021-12-03T11:28:55","modified_gmt":"2021-12-03T08:28:55","slug":"s%c9%99mani-f%c9%99th-ed%c9%99n-s%c9%99hid-video","status":"publish","type":"post","link":"https:\/\/arantv.az\/?p=411716","title":{"rendered":"S\u0259man\u0131 f\u0259th ed\u0259n \u015f\u0259hid &#8211; V\u0130DEO"},"content":{"rendered":"<article class=\"news\">\n<div class=\"news-inner\">\n<p>Mayor H\u0259s\u0259nov Elmir Mirc\u0259lil o\u011flu D\u00f6vl\u0259t S\u0259rh\u0259d Xidm\u0259tin\u0259 m\u0259xsus h\u0259rbi helikopterin X\u0131z\u0131 rayonu \u0259razisind\u0259 yerl\u0259\u015f\u0259n Qaraheyb\u0259t\u00a0aviasiya poliqonunda q\u0259zaya u\u011framas\u0131 n\u0259tic\u0259sind\u0259 h\u0259lak olan h\u0259rb\u00e7il\u0259rimizd\u0259ndir.<\/p>\n<div id=\"AdviadNativeVideo0\" class=\"AdviadNativeVideo\"><\/div>\n<p>Baku TV-nin \u00e7\u0259kili\u015f qrupu C\u0259lilabad\u0131n G\u00f6yt\u0259p\u0259 \u015f\u0259h\u0259rind\u0259 \u015f\u0259hid mayorun ata oca\u011f\u0131nda olub, ail\u0259si v\u0259\u00a0yax\u0131nlar\u0131 il\u0259 h\u0259ms\u00f6hb\u0259t olub. \u015e\u0259hidin atas\u0131 Mirc\u0259lil H\u0259s\u0259nov deyir ki, onun h\u0259r \u00fc\u00e7 o\u011flu h\u0259rb\u00e7idir. Qarda\u015flar\u0131 da Elmir H\u0259s\u0259nov kimi xidm\u0259tl\u0259rini D\u00f6vl\u0259t S\u0259rh\u0259d Xidm\u0259tind\u0259 davam etdirirl\u0259r.<\/p>\n<p>Elmir H\u0259s\u0259novun xalas\u0131 o\u011flu Qo\u015fqar M\u0259mm\u0259dov onun \u00e7ox \u00e7al\u0131\u015fqan v\u0259 prinsipial insan oldu\u011funu, eyni zamanda u\u015faql\u0131qdan m\u0259hz pilot olmaq arzusu il\u0259 b\u00f6y\u00fcd\u00fcy\u00fcn\u00fc deyir. Eskadrilya komandiri olan \u015f\u0259hid mayor Elmir H\u0259s\u0259nov 1988-ci il dekabr\u0131n 15-d\u0259 C\u0259lilabad\u0131n G\u00f6yt\u0259p\u0259 \u015f\u0259h\u0259rind\u0259 anadan olub. Aviasiya \u00fczr\u0259 ali t\u0259hsil alan Elmir H\u0259s\u0259nov 2015-ci ild\u0259n \u00f6mr\u00fcn\u00fcn son saniy\u0259sin\u0259 q\u0259d\u0259r bu sah\u0259d\u0259 v\u0259t\u0259nin\u0259 xidm\u0259t edib. 44 g\u00fcnl\u00fck haqq sava\u015f\u0131m\u0131zda q\u0259hr\u0259mancas\u0131na d\u00f6y\u00fc\u015f\u0259n E.H\u0259s\u0259nov m\u00fcharib\u0259d\u0259 i\u015ftirak\u0131na g\u00f6r\u0259 iki, \u00fcmumilikd\u0259 is\u0259 xidm\u0259ti d\u00f6vr\u00fcnd\u0259 yeddi\u00a0medalla t\u0259ltif olunub.<\/p>\n<div><iframe loading=\"lazy\" title=\"YouTube video player\" src=\"https:\/\/www.youtube.com\/embed\/t9HRaYuIwcM\" width=\"560\" height=\"315\" frameborder=\"0\" allowfullscreen=\"allowfullscreen\" data-mce-fragment=\"1\"><\/iframe><\/div>\n<\/div>\n<\/article>\n<h2 class=\"news-share-title\"><\/h2>\n","protected":false},"excerpt":{"rendered":"<p>Mayor H\u0259s\u0259nov Elmir Mirc\u0259lil o\u011flu D\u00f6vl\u0259t S\u0259rh\u0259d Xidm\u0259tin\u0259 m\u0259xsus h\u0259rbi helikopterin X\u0131z\u0131 rayonu \u0259razisind\u0259 yerl\u0259\u015f\u0259n Qaraheyb\u0259t\u00a0aviasiya poliqonunda q\u0259zaya u\u011framas\u0131 n\u0259tic\u0259sind\u0259 h\u0259lak olan h\u0259rb\u00e7il\u0259rimizd\u0259ndir. Baku TV-nin \u00e7\u0259kili\u015f qrupu C\u0259lilabad\u0131n G\u00f6yt\u0259p\u0259 \u015f\u0259h\u0259rind\u0259 \u015f\u0259hid mayorun ata oca\u011f\u0131nda olub, ail\u0259si v\u0259\u00a0yax\u0131nlar\u0131 il\u0259 h\u0259ms\u00f6hb\u0259t olub. \u015e\u0259hidin atas\u0131 Mirc\u0259lil H\u0259s\u0259nov deyir ki, onun h\u0259r \u00fc\u00e7 o\u011flu h\u0259rb\u00e7idir. Qarda\u015flar\u0131 da Elmir H\u0259s\u0259nov kimi xidm\u0259tl\u0259rini D\u00f6vl\u0259t S\u0259rh\u0259d Xidm\u0259tind\u0259 davam etdirirl\u0259r. Elmir H\u0259s\u0259novun xalas\u0131 o\u011flu Qo\u015fqar M\u0259mm\u0259dov onun \u00e7ox \u00e7al\u0131\u015fqan v\u0259 prinsipial insan oldu\u011funu, eyni zamanda u\u015faql\u0131qdan m\u0259hz pilot olmaq arzusu il\u0259 b\u00f6y\u00fcd\u00fcy\u00fcn\u00fc deyir. Eskadrilya komandiri olan \u015f\u0259hid mayor&hellip;<\/p>\n","protected":false},"author":2,"featured_media":411717,"comment_status":"closed","ping_status":"closed","sticky":false,"template":"","format":"standard","meta":{"om_disable_all_campaigns":false,"_monsterinsights_skip_tracking":false,"_monsterinsights_sitenote_active":false,"_monsterinsights_sitenote_note":"","_monsterinsights_sitenote_category":0},"categories":[26],"tags":[],"aioseo_notices":[],"gutentor_comment":0,"rttpg_featured_image_url":{"full":["https:\/\/arantv.az\/wp-content\/uploads\/2021\/12\/FotoJet-8-1.jpg",620,415,false],"landscape":["https:\/\/arantv.az\/wp-content\/uploads\/2021\/12\/FotoJet-8-1.jpg",620,415,false],"portraits":["https:\/\/arantv.az\/wp-content\/uploads\/2021\/12\/FotoJet-8-1.jpg",620,415,false],"thumbnail":["https:\/\/arantv.az\/wp-content\/uploads\/2021\/12\/FotoJet-8-1-500x280.jpg",500,280,true],"medium":["https:\/\/arantv.az\/wp-content\/uploads\/2021\/12\/FotoJet-8-1-545x365.jpg",545,365,true],"large":["https:\/\/arantv.az\/wp-content\/uploads\/2021\/12\/FotoJet-8-1.jpg",620,415,false],"1536x1536":["https:\/\/arantv.az\/wp-content\/uploads\/2021\/12\/FotoJet-8-1.jpg",620,415,false],"2048x2048":["https:\/\/arantv.az\/wp-content\/uploads\/2021\/12\/FotoJet-8-1.jpg",620,415,false],"post-thumbnail":["https:\/\/arantv.az\/wp-content\/uploads\/2021\/12\/FotoJet-8-1-240x172.jpg",240,172,true],"advps-thumb-one":["https:\/\/arantv.az\/wp-content\/uploads\/2021\/12\/FotoJet-8-1.jpg",620,415,false]},"rttpg_author":{"display_name":"V\u00fcsal Rafiqo\u011flu","author_link":"https:\/\/arantv.az\/?author=2"},"rttpg_comment":0,"rttpg_category":"<a href=\"https:\/\/arantv.az\/?cat=26\" rel=\"category\">Sosial<\/a>","rttpg_excerpt":"Mayor H\u0259s\u0259nov Elmir Mirc\u0259lil o\u011flu D\u00f6vl\u0259t S\u0259rh\u0259d Xidm\u0259tin\u0259 m\u0259xsus h\u0259rbi helikopterin X\u0131z\u0131 rayonu \u0259razisind\u0259 yerl\u0259\u015f\u0259n Qaraheyb\u0259t\u00a0aviasiya poliqonunda q\u0259zaya u\u011framas\u0131 n\u0259tic\u0259sind\u0259 h\u0259lak olan h\u0259rb\u00e7il\u0259rimizd\u0259ndir. Baku TV-nin \u00e7\u0259kili\u015f qrupu C\u0259lilabad\u0131n G\u00f6yt\u0259p\u0259 \u015f\u0259h\u0259rind\u0259 \u015f\u0259hid mayorun ata oca\u011f\u0131nda olub, ail\u0259si v\u0259\u00a0yax\u0131nlar\u0131 il\u0259 h\u0259ms\u00f6hb\u0259t olub. \u015e\u0259hidin atas\u0131 Mirc\u0259lil H\u0259s\u0259nov deyir ki, onun h\u0259r \u00fc\u00e7 o\u011flu h\u0259rb\u00e7idir. Qarda\u015flar\u0131 da Elmir H\u0259s\u0259nov&hellip;","_links":{"self":[{"href":"https:\/\/arantv.az\/index.php?rest_route=\/wp\/v2\/posts\/411716"}],"collection":[{"href":"https:\/\/arantv.az\/index.php?rest_route=\/wp\/v2\/posts"}],"about":[{"href":"https:\/\/arantv.az\/index.php?rest_route=\/wp\/v2\/types\/post"}],"author":[{"embeddable":true,"href":"https:\/\/arantv.az\/index.php?rest_route=\/wp\/v2\/users\/2"}],"replies":[{"embeddable":true,"href":"https:\/\/arantv.az\/index.php?rest_route=%2Fwp%2Fv2%2Fcomments&post=411716"}],"version-history":[{"count":0,"href":"https:\/\/arantv.az\/index.php?rest_route=\/wp\/v2\/posts\/411716\/revisions"}],"wp:featuredmedia":[{"embeddable":true,"href":"https:\/\/arantv.az\/index.php?rest_route=\/wp\/v2\/media\/411717"}],"wp:attachment":[{"href":"https:\/\/arantv.az\/index.php?rest_route=%2Fwp%2Fv2%2Fmedia&parent=411716"}],"wp:term":[{"taxonomy":"category","embeddable":true,"href":"https:\/\/arantv.az\/index.php?rest_route=%2Fwp%2Fv2%2Fcategories&post=411716"},{"taxonomy":"post_tag","embeddable":true,"href":"https:\/\/arantv.az\/index.php?rest_route=%2Fwp%2Fv2%2Ftags&post=411716"}],"curies":[{"name":"wp","href":"https:\/\/api.w.org\/{rel}","templated":true}]}}