{"id":411734,"date":"2021-12-03T11:51:03","date_gmt":"2021-12-03T08:51:03","guid":{"rendered":"http:\/\/arantv.az\/?p=411734"},"modified":"2021-12-03T11:51:03","modified_gmt":"2021-12-03T08:51:03","slug":"iran-hakimiyy%c9%99ti-xalq-etirazlari-il%c9%99-uz-uz%c9%99-sonu-nec%c9%99-olacaq-video","status":"publish","type":"post","link":"https:\/\/arantv.az\/?p=411734","title":{"rendered":"\u0130ran hakimiyy\u0259ti xalq etirazlar\u0131 il\u0259 \u00fcz-\u00fcz\u0259: Sonu nec\u0259 olacaq? &#8211; V\u0130DEO"},"content":{"rendered":"<article class=\"news\">\n<div class=\"news-inner\">\n<p>Teokratik rejimin s\u0259rt t\u0259zyiql\u0259rin\u0259 v\u0259 basq\u0131lar\u0131na baxmayaraq, \u0130randa \u0259halinin getdikc\u0259 daha da d\u0259rinl\u0259\u015f\u0259n sosial-iqtisadi probleml\u0259rl\u0259 ba\u011fl\u0131 k\u00fctl\u0259vi etirazlar\u0131 s\u0259ngimir.<\/p>\n<p>Az qala h\u0259r g\u00fcn \u00f6lk\u0259d\u0259 hans\u0131sa \u015f\u0259h\u0259rd\u0259 v\u0259 ya hans\u0131sa istehsal m\u00fc\u0259ssis\u0259sind\u0259 i\u015f\u00e7il\u0259rin t\u0259til v\u0259 n\u00fcmayi\u015fl\u0259ri bar\u0259d\u0259 x\u0259b\u0259rl\u0259r yay\u0131l\u0131r. B\u0259zi aksiyalar is\u0259 \u00f6z\u00fcn\u00fcn miqyas\u0131na v\u0259 ictimai-siyasi mahiyy\u0259tin\u0259 g\u00f6r\u0259 beyn\u0259lxalq al\u0259md\u0259 rezonans v\u0259 diqq\u0259t do\u011furaraq, \u0130randa sad\u0259 \u0259halinin m\u0259ruz qald\u0131\u011f\u0131 \u00e7e\u015fidli m\u0259hrumiyy\u0259tl\u0259rin \u00fcz\u0259rin\u0259 i\u015f\u0131q sal\u0131r.<\/p>\n<div id=\"AdviadNativeVideo0\" class=\"AdviadNativeVideo\"><\/div>\n<p>Son h\u0259ft\u0259l\u0259rd\u0259 \u0130ran\u0131n \u00fc\u00e7\u00fcnc\u00fc b\u00f6y\u00fck \u015f\u0259h\u0259ri olan \u0130sfahanda ba\u015f ver\u0259n v\u0259 b\u0259zi media orqanlar\u0131n\u0131n \u201cqanl\u0131 c\u00fcm\u0259\u201d adland\u0131rd\u0131\u011f\u0131 hadis\u0259l\u0259rl\u0259 n\u0259tic\u0259l\u0259n\u0259n k\u00fctl\u0259vi etirazlar da bu q\u0259bild\u0259ndir.<\/p>\n<p>Daha \u0259trafl\u0131\u00a0\u201cAzad \u0130ran\u201d\u0131n haz\u0131rlad\u0131\u011f\u0131 s\u00fcjetd\u0259:<\/p>\n<div><iframe loading=\"lazy\" title=\"YouTube video player\" src=\"https:\/\/www.youtube.com\/embed\/txfW66hDvRE\" width=\"560\" height=\"315\" frameborder=\"0\" allowfullscreen=\"allowfullscreen\" data-mce-fragment=\"1\"><\/iframe><\/div>\n<\/div>\n<\/article>\n<h2 class=\"news-share-title\"><\/h2>\n","protected":false},"excerpt":{"rendered":"<p>Teokratik rejimin s\u0259rt t\u0259zyiql\u0259rin\u0259 v\u0259 basq\u0131lar\u0131na baxmayaraq, \u0130randa \u0259halinin getdikc\u0259 daha da d\u0259rinl\u0259\u015f\u0259n sosial-iqtisadi probleml\u0259rl\u0259 ba\u011fl\u0131 k\u00fctl\u0259vi etirazlar\u0131 s\u0259ngimir. Az qala h\u0259r g\u00fcn \u00f6lk\u0259d\u0259 hans\u0131sa \u015f\u0259h\u0259rd\u0259 v\u0259 ya hans\u0131sa istehsal m\u00fc\u0259ssis\u0259sind\u0259 i\u015f\u00e7il\u0259rin t\u0259til v\u0259 n\u00fcmayi\u015fl\u0259ri bar\u0259d\u0259 x\u0259b\u0259rl\u0259r yay\u0131l\u0131r. B\u0259zi aksiyalar is\u0259 \u00f6z\u00fcn\u00fcn miqyas\u0131na v\u0259 ictimai-siyasi mahiyy\u0259tin\u0259 g\u00f6r\u0259 beyn\u0259lxalq al\u0259md\u0259 rezonans v\u0259 diqq\u0259t do\u011furaraq, \u0130randa sad\u0259 \u0259halinin m\u0259ruz qald\u0131\u011f\u0131 \u00e7e\u015fidli m\u0259hrumiyy\u0259tl\u0259rin \u00fcz\u0259rin\u0259 i\u015f\u0131q sal\u0131r. Son h\u0259ft\u0259l\u0259rd\u0259 \u0130ran\u0131n \u00fc\u00e7\u00fcnc\u00fc b\u00f6y\u00fck \u015f\u0259h\u0259ri olan \u0130sfahanda ba\u015f ver\u0259n v\u0259 b\u0259zi media orqanlar\u0131n\u0131n \u201cqanl\u0131 c\u00fcm\u0259\u201d adland\u0131rd\u0131\u011f\u0131 hadis\u0259l\u0259rl\u0259 n\u0259tic\u0259l\u0259n\u0259n k\u00fctl\u0259vi etirazlar da bu q\u0259bild\u0259ndir. Daha \u0259trafl\u0131\u00a0\u201cAzad \u0130ran\u201d\u0131n&hellip;<\/p>\n","protected":false},"author":2,"featured_media":411735,"comment_status":"closed","ping_status":"closed","sticky":false,"template":"","format":"standard","meta":{"om_disable_all_campaigns":false,"_monsterinsights_skip_tracking":false,"_monsterinsights_sitenote_active":false,"_monsterinsights_sitenote_note":"","_monsterinsights_sitenote_category":0},"categories":[7],"tags":[],"aioseo_notices":[],"gutentor_comment":0,"rttpg_featured_image_url":{"full":["https:\/\/arantv.az\/wp-content\/uploads\/2021\/12\/fc20bdcf-6749-48d9-af45-8d802258c5b0.jpg",620,408,false],"landscape":["https:\/\/arantv.az\/wp-content\/uploads\/2021\/12\/fc20bdcf-6749-48d9-af45-8d802258c5b0.jpg",620,408,false],"portraits":["https:\/\/arantv.az\/wp-content\/uploads\/2021\/12\/fc20bdcf-6749-48d9-af45-8d802258c5b0.jpg",620,408,false],"thumbnail":["https:\/\/arantv.az\/wp-content\/uploads\/2021\/12\/fc20bdcf-6749-48d9-af45-8d802258c5b0-500x280.jpg",500,280,true],"medium":["https:\/\/arantv.az\/wp-content\/uploads\/2021\/12\/fc20bdcf-6749-48d9-af45-8d802258c5b0-555x365.jpg",555,365,true],"large":["https:\/\/arantv.az\/wp-content\/uploads\/2021\/12\/fc20bdcf-6749-48d9-af45-8d802258c5b0.jpg",620,408,false],"1536x1536":["https:\/\/arantv.az\/wp-content\/uploads\/2021\/12\/fc20bdcf-6749-48d9-af45-8d802258c5b0.jpg",620,408,false],"2048x2048":["https:\/\/arantv.az\/wp-content\/uploads\/2021\/12\/fc20bdcf-6749-48d9-af45-8d802258c5b0.jpg",620,408,false],"post-thumbnail":["https:\/\/arantv.az\/wp-content\/uploads\/2021\/12\/fc20bdcf-6749-48d9-af45-8d802258c5b0-240x172.jpg",240,172,true],"advps-thumb-one":["https:\/\/arantv.az\/wp-content\/uploads\/2021\/12\/fc20bdcf-6749-48d9-af45-8d802258c5b0.jpg",620,408,false]},"rttpg_author":{"display_name":"V\u00fcsal Rafiqo\u011flu","author_link":"https:\/\/arantv.az\/?author=2"},"rttpg_comment":0,"rttpg_category":"<a href=\"https:\/\/arantv.az\/?cat=7\" rel=\"category\">D\u00fcnya<\/a>","rttpg_excerpt":"Teokratik rejimin s\u0259rt t\u0259zyiql\u0259rin\u0259 v\u0259 basq\u0131lar\u0131na baxmayaraq, \u0130randa \u0259halinin getdikc\u0259 daha da d\u0259rinl\u0259\u015f\u0259n sosial-iqtisadi probleml\u0259rl\u0259 ba\u011fl\u0131 k\u00fctl\u0259vi etirazlar\u0131 s\u0259ngimir. Az qala h\u0259r g\u00fcn \u00f6lk\u0259d\u0259 hans\u0131sa \u015f\u0259h\u0259rd\u0259 v\u0259 ya hans\u0131sa istehsal m\u00fc\u0259ssis\u0259sind\u0259 i\u015f\u00e7il\u0259rin t\u0259til v\u0259 n\u00fcmayi\u015fl\u0259ri bar\u0259d\u0259 x\u0259b\u0259rl\u0259r yay\u0131l\u0131r. B\u0259zi aksiyalar is\u0259 \u00f6z\u00fcn\u00fcn miqyas\u0131na v\u0259 ictimai-siyasi mahiyy\u0259tin\u0259 g\u00f6r\u0259 beyn\u0259lxalq al\u0259md\u0259 rezonans v\u0259 diqq\u0259t do\u011furaraq, \u0130randa sad\u0259&hellip;","_links":{"self":[{"href":"https:\/\/arantv.az\/index.php?rest_route=\/wp\/v2\/posts\/411734"}],"collection":[{"href":"https:\/\/arantv.az\/index.php?rest_route=\/wp\/v2\/posts"}],"about":[{"href":"https:\/\/arantv.az\/index.php?rest_route=\/wp\/v2\/types\/post"}],"author":[{"embeddable":true,"href":"https:\/\/arantv.az\/index.php?rest_route=\/wp\/v2\/users\/2"}],"replies":[{"embeddable":true,"href":"https:\/\/arantv.az\/index.php?rest_route=%2Fwp%2Fv2%2Fcomments&post=411734"}],"version-history":[{"count":0,"href":"https:\/\/arantv.az\/index.php?rest_route=\/wp\/v2\/posts\/411734\/revisions"}],"wp:featuredmedia":[{"embeddable":true,"href":"https:\/\/arantv.az\/index.php?rest_route=\/wp\/v2\/media\/411735"}],"wp:attachment":[{"href":"https:\/\/arantv.az\/index.php?rest_route=%2Fwp%2Fv2%2Fmedia&parent=411734"}],"wp:term":[{"taxonomy":"category","embeddable":true,"href":"https:\/\/arantv.az\/index.php?rest_route=%2Fwp%2Fv2%2Fcategories&post=411734"},{"taxonomy":"post_tag","embeddable":true,"href":"https:\/\/arantv.az\/index.php?rest_route=%2Fwp%2Fv2%2Ftags&post=411734"}],"curies":[{"name":"wp","href":"https:\/\/api.w.org\/{rel}","templated":true}]}}