{"id":411753,"date":"2021-12-03T12:14:29","date_gmt":"2021-12-03T09:14:29","guid":{"rendered":"http:\/\/arantv.az\/?p=411753"},"modified":"2021-12-03T12:14:29","modified_gmt":"2021-12-03T09:14:29","slug":"%c9%99rdoganin-bas-m%c9%99sl%c9%99h%c9%99tcisi-koronavirusdan-oldu","status":"publish","type":"post","link":"https:\/\/arantv.az\/?p=411753","title":{"rendered":"\u018frdo\u011fan\u0131n ba\u015f m\u0259sl\u0259h\u0259t\u00e7isi koronavirusdan \u00f6ld\u00fc"},"content":{"rendered":"<p>T\u00fcrkiy\u0259nin ke\u00e7mi\u015f Turizm v\u0259 D\u00f6vl\u0259t naziri, hakim \u018fdal\u0259t v\u0259 \u0130nki\u015faf partiyas\u0131\u00a0(AKP) s\u0259drinin m\u00fc\u015faviri G\u00fcldal Ak\u015fit koronavirusdan \u00f6l\u00fcb.<\/p>\n<div id=\"AdviadNativeVideo0\" class=\"AdviadNativeVideo\"><\/div>\n<p>\u201cHaber Global\u201d m\u0259lumat verir ki, Ak\u015fit Ankarada m\u00fcalic\u0259 ald\u0131\u011f\u0131 x\u0259st\u0259xanada, 61 ya\u015f\u0131nda h\u0259yat\u0131n\u0131 itirib.<\/p>\n<p>Qeyd ed\u0259k ki,\u00a0\u018fdal\u0259t v\u0259 \u0130nki\u015faf partiyas\u0131n\u0131n s\u0259dri T\u00fcrkiy\u0259 Prezidenti R\u0259c\u0259b Tayyib \u018frdo\u011fand\u0131r.<\/p>\n","protected":false},"excerpt":{"rendered":"<p>T\u00fcrkiy\u0259nin ke\u00e7mi\u015f Turizm v\u0259 D\u00f6vl\u0259t naziri, hakim \u018fdal\u0259t v\u0259 \u0130nki\u015faf partiyas\u0131\u00a0(AKP) s\u0259drinin m\u00fc\u015faviri G\u00fcldal Ak\u015fit koronavirusdan \u00f6l\u00fcb. \u201cHaber Global\u201d m\u0259lumat verir ki, Ak\u015fit Ankarada m\u00fcalic\u0259 ald\u0131\u011f\u0131 x\u0259st\u0259xanada, 61 ya\u015f\u0131nda h\u0259yat\u0131n\u0131 itirib. Qeyd ed\u0259k ki,\u00a0\u018fdal\u0259t v\u0259 \u0130nki\u015faf partiyas\u0131n\u0131n s\u0259dri T\u00fcrkiy\u0259 Prezidenti R\u0259c\u0259b Tayyib \u018frdo\u011fand\u0131r.<\/p>\n","protected":false},"author":2,"featured_media":411754,"comment_status":"closed","ping_status":"closed","sticky":false,"template":"","format":"standard","meta":{"om_disable_all_campaigns":false,"_monsterinsights_skip_tracking":false,"_monsterinsights_sitenote_active":false,"_monsterinsights_sitenote_note":"","_monsterinsights_sitenote_category":0},"categories":[7],"tags":[],"aioseo_notices":[],"gutentor_comment":0,"rttpg_featured_image_url":{"full":["https:\/\/arantv.az\/wp-content\/uploads\/2021\/12\/FotoJet-88.jpg",620,415,false],"landscape":["https:\/\/arantv.az\/wp-content\/uploads\/2021\/12\/FotoJet-88.jpg",620,415,false],"portraits":["https:\/\/arantv.az\/wp-content\/uploads\/2021\/12\/FotoJet-88.jpg",620,415,false],"thumbnail":["https:\/\/arantv.az\/wp-content\/uploads\/2021\/12\/FotoJet-88-500x280.jpg",500,280,true],"medium":["https:\/\/arantv.az\/wp-content\/uploads\/2021\/12\/FotoJet-88-545x365.jpg",545,365,true],"large":["https:\/\/arantv.az\/wp-content\/uploads\/2021\/12\/FotoJet-88.jpg",620,415,false],"1536x1536":["https:\/\/arantv.az\/wp-content\/uploads\/2021\/12\/FotoJet-88.jpg",620,415,false],"2048x2048":["https:\/\/arantv.az\/wp-content\/uploads\/2021\/12\/FotoJet-88.jpg",620,415,false],"post-thumbnail":["https:\/\/arantv.az\/wp-content\/uploads\/2021\/12\/FotoJet-88-240x172.jpg",240,172,true],"advps-thumb-one":["https:\/\/arantv.az\/wp-content\/uploads\/2021\/12\/FotoJet-88.jpg",620,415,false]},"rttpg_author":{"display_name":"V\u00fcsal Rafiqo\u011flu","author_link":"https:\/\/arantv.az\/?author=2"},"rttpg_comment":0,"rttpg_category":"<a href=\"https:\/\/arantv.az\/?cat=7\" rel=\"category\">D\u00fcnya<\/a>","rttpg_excerpt":"T\u00fcrkiy\u0259nin ke\u00e7mi\u015f Turizm v\u0259 D\u00f6vl\u0259t naziri, hakim \u018fdal\u0259t v\u0259 \u0130nki\u015faf partiyas\u0131\u00a0(AKP) s\u0259drinin m\u00fc\u015faviri G\u00fcldal Ak\u015fit koronavirusdan \u00f6l\u00fcb. \u201cHaber Global\u201d m\u0259lumat verir ki, Ak\u015fit Ankarada m\u00fcalic\u0259 ald\u0131\u011f\u0131 x\u0259st\u0259xanada, 61 ya\u015f\u0131nda h\u0259yat\u0131n\u0131 itirib. Qeyd ed\u0259k ki,\u00a0\u018fdal\u0259t v\u0259 \u0130nki\u015faf partiyas\u0131n\u0131n s\u0259dri T\u00fcrkiy\u0259 Prezidenti R\u0259c\u0259b Tayyib \u018frdo\u011fand\u0131r.","_links":{"self":[{"href":"https:\/\/arantv.az\/index.php?rest_route=\/wp\/v2\/posts\/411753"}],"collection":[{"href":"https:\/\/arantv.az\/index.php?rest_route=\/wp\/v2\/posts"}],"about":[{"href":"https:\/\/arantv.az\/index.php?rest_route=\/wp\/v2\/types\/post"}],"author":[{"embeddable":true,"href":"https:\/\/arantv.az\/index.php?rest_route=\/wp\/v2\/users\/2"}],"replies":[{"embeddable":true,"href":"https:\/\/arantv.az\/index.php?rest_route=%2Fwp%2Fv2%2Fcomments&post=411753"}],"version-history":[{"count":0,"href":"https:\/\/arantv.az\/index.php?rest_route=\/wp\/v2\/posts\/411753\/revisions"}],"wp:featuredmedia":[{"embeddable":true,"href":"https:\/\/arantv.az\/index.php?rest_route=\/wp\/v2\/media\/411754"}],"wp:attachment":[{"href":"https:\/\/arantv.az\/index.php?rest_route=%2Fwp%2Fv2%2Fmedia&parent=411753"}],"wp:term":[{"taxonomy":"category","embeddable":true,"href":"https:\/\/arantv.az\/index.php?rest_route=%2Fwp%2Fv2%2Fcategories&post=411753"},{"taxonomy":"post_tag","embeddable":true,"href":"https:\/\/arantv.az\/index.php?rest_route=%2Fwp%2Fv2%2Ftags&post=411753"}],"curies":[{"name":"wp","href":"https:\/\/api.w.org\/{rel}","templated":true}]}}