{"id":411765,"date":"2021-12-03T13:21:53","date_gmt":"2021-12-03T10:21:53","guid":{"rendered":"http:\/\/arantv.az\/?p=411765"},"modified":"2021-12-03T13:21:53","modified_gmt":"2021-12-03T10:21:53","slug":"bu-gun-h%c9%99lak-olan-h%c9%99rbcimizin-fotolari","status":"publish","type":"post","link":"https:\/\/arantv.az\/?p=411765","title":{"rendered":"Bu g\u00fcn h\u0259lak olan h\u0259rb\u00e7imizin FOTOLARI"},"content":{"rendered":"<p>Bu g\u00fcn\u00a0qayadan y\u0131x\u0131laraq h\u0259lak olan h\u0259rbi qulluq\u00e7umuz\u00a0gizir H\u00fcseynov \u015eahin \u015e\u0259ms\u0259ddin o\u011flunun fotolar\u0131 yay\u0131l\u0131b.<\/p>\n<p>Sosial \u015f\u0259b\u0259k\u0259l\u0259rd\u0259 yay\u0131lan m\u0259lumata g\u00f6r\u0259, \u0259sl\u0259n G\u0259d\u0259b\u0259y rayonunun, Q\u0131z\u0131lqaya (Ke\u00e7mi\u015f Yenik\u0259nd) k\u0259ndind\u0259n\u00a0olan \u015eahin H\u00fcseynov V\u0259t\u0259n m\u00fcharib\u0259si i\u015ftirak\u00e7\u0131s\u0131 olub.<\/p>\n<div id=\"AdviadNativeVideo0\" class=\"AdviadNativeVideo\"><\/div>\n<p>O, Az\u0259rbaycan Prezidenti \u0130lham \u018fliyevin s\u0259r\u0259ncam\u0131 il\u0259 \u201cK\u0259lb\u0259c\u0259rin azad olunmas\u0131 g\u00f6r\u0259\u201d\u00a0medal\u0131 il\u0259 t\u0259ltif edilib.<\/p>\n<p>&nbsp;<\/p>\n<div class=\"gallery\">\n<div class=\"gallery-i\"><img src=\"https:\/\/cdn.oxu.az\/uploads\/W1siZiIsIjIwMjEvMTIvMDMvMTQvMDUvMzEvNjY5MzFiZTYtYmM1NC00MzUxLWE4MTEtZjFhOTg4YjMzYjExLzI2MzU4MTE3OV80NjcxODIwNDAyOTA1NDQwXzUwNjg2OTkzNjY2NTMyODMxNTdfbi5qcGciXSxbInAiLCJlbmNvZGUiLCJqcGciLCItcXVhbGl0eSA4MCJdLFsicCIsInRodW1iIiwiNTkweDU5MFx1MDAzZSJdXQ?sha=0bdaae0016d36a55\" alt=\"\" \/><\/p>\n<div class=\"gallery-i-caption\"><\/div>\n<\/div>\n<div class=\"gallery-i\"><img src=\"https:\/\/cdn.oxu.az\/uploads\/W1siZiIsIjIwMjEvMTIvMDMvMTQvMDUvMzIvZjk2OWI5NjQtNmQ3OS00YjFiLWI1YjMtYWIyOWNlYTUyZDcwLzI2MzMwMzAyMV80NjcxODIwOTE5NTcyMDU1XzQwNTc2OTA2MjcyMDkyNTA4NTlfbi5qcGciXSxbInAiLCJlbmNvZGUiLCJqcGciLCItcXVhbGl0eSA4MCJdLFsicCIsInRodW1iIiwiNTkweDU5MFx1MDAzZSJdXQ?sha=2d7f3029093e8c1b\" alt=\"\" \/><\/p>\n<div class=\"gallery-i-caption\"><\/div>\n<\/div>\n<div class=\"gallery-i\"><img src=\"https:\/\/cdn.oxu.az\/uploads\/W1siZiIsIjIwMjEvMTIvMDMvMTQvMDUvMzIvZTNkY2ViYzYtMTk4Zi00ZGMwLWE4NDAtZmU4ZDQ4YTE5OGE0LzI2MjY4MTU5MF80NjcxODIwNzA5NTcyMDc2XzgyNjAyOTQ1NDQ2NDE3MDcwMzRfbi5qcGciXSxbInAiLCJlbmNvZGUiLCJqcGciLCItcXVhbGl0eSA4MCJdLFsicCIsInRodW1iIiwiNTkweDU5MFx1MDAzZSJdXQ?sha=e48ef2bcfa2182e8\" alt=\"\" \/><\/p>\n<div class=\"gallery-i-caption\"><\/div>\n<\/div>\n<div class=\"gallery-i\"><img src=\"https:\/\/cdn.oxu.az\/uploads\/W1siZiIsIjIwMjEvMTIvMDMvMTQvMDUvMzIvNWEzZGZhZjQtOWMzYy00Y2JiLTliYTAtNDJjYjMzYjE3Zjc1LzI2MzcyNzE5MV80NjcxODIwNTU5NTcyMDkxXzUzMTQ2ODAzNTg5MTcyNDY4MDFfbi5qcGciXSxbInAiLCJlbmNvZGUiLCJqcGciLCItcXVhbGl0eSA4MCJdLFsicCIsInRodW1iIiwiNTkweDU5MFx1MDAzZSJdXQ?sha=14a44d4074bebe81\" alt=\"\" \/><\/div>\n<\/div>\n","protected":false},"excerpt":{"rendered":"<p>Bu g\u00fcn\u00a0qayadan y\u0131x\u0131laraq h\u0259lak olan h\u0259rbi qulluq\u00e7umuz\u00a0gizir H\u00fcseynov \u015eahin \u015e\u0259ms\u0259ddin o\u011flunun fotolar\u0131 yay\u0131l\u0131b. Sosial \u015f\u0259b\u0259k\u0259l\u0259rd\u0259 yay\u0131lan m\u0259lumata g\u00f6r\u0259, \u0259sl\u0259n G\u0259d\u0259b\u0259y rayonunun, Q\u0131z\u0131lqaya (Ke\u00e7mi\u015f Yenik\u0259nd) k\u0259ndind\u0259n\u00a0olan \u015eahin H\u00fcseynov V\u0259t\u0259n m\u00fcharib\u0259si i\u015ftirak\u00e7\u0131s\u0131 olub. O, Az\u0259rbaycan Prezidenti \u0130lham \u018fliyevin s\u0259r\u0259ncam\u0131 il\u0259 \u201cK\u0259lb\u0259c\u0259rin azad olunmas\u0131 g\u00f6r\u0259\u201d\u00a0medal\u0131 il\u0259 t\u0259ltif edilib. &nbsp;<\/p>\n","protected":false},"author":2,"featured_media":411766,"comment_status":"closed","ping_status":"closed","sticky":false,"template":"","format":"standard","meta":{"om_disable_all_campaigns":false,"_monsterinsights_skip_tracking":false,"_monsterinsights_sitenote_active":false,"_monsterinsights_sitenote_note":"","_monsterinsights_sitenote_category":0},"categories":[26],"tags":[],"aioseo_notices":[],"gutentor_comment":0,"rttpg_featured_image_url":{"full":["https:\/\/arantv.az\/wp-content\/uploads\/2021\/12\/FotoJet-2021-12-03T140513.331.jpg",620,413,false],"landscape":["https:\/\/arantv.az\/wp-content\/uploads\/2021\/12\/FotoJet-2021-12-03T140513.331.jpg",620,413,false],"portraits":["https:\/\/arantv.az\/wp-content\/uploads\/2021\/12\/FotoJet-2021-12-03T140513.331.jpg",620,413,false],"thumbnail":["https:\/\/arantv.az\/wp-content\/uploads\/2021\/12\/FotoJet-2021-12-03T140513.331-500x280.jpg",500,280,true],"medium":["https:\/\/arantv.az\/wp-content\/uploads\/2021\/12\/FotoJet-2021-12-03T140513.331-548x365.jpg",548,365,true],"large":["https:\/\/arantv.az\/wp-content\/uploads\/2021\/12\/FotoJet-2021-12-03T140513.331.jpg",620,413,false],"1536x1536":["https:\/\/arantv.az\/wp-content\/uploads\/2021\/12\/FotoJet-2021-12-03T140513.331.jpg",620,413,false],"2048x2048":["https:\/\/arantv.az\/wp-content\/uploads\/2021\/12\/FotoJet-2021-12-03T140513.331.jpg",620,413,false],"post-thumbnail":["https:\/\/arantv.az\/wp-content\/uploads\/2021\/12\/FotoJet-2021-12-03T140513.331-240x172.jpg",240,172,true],"advps-thumb-one":["https:\/\/arantv.az\/wp-content\/uploads\/2021\/12\/FotoJet-2021-12-03T140513.331.jpg",620,413,false]},"rttpg_author":{"display_name":"V\u00fcsal Rafiqo\u011flu","author_link":"https:\/\/arantv.az\/?author=2"},"rttpg_comment":0,"rttpg_category":"<a href=\"https:\/\/arantv.az\/?cat=26\" rel=\"category\">Sosial<\/a>","rttpg_excerpt":"Bu g\u00fcn\u00a0qayadan y\u0131x\u0131laraq h\u0259lak olan h\u0259rbi qulluq\u00e7umuz\u00a0gizir H\u00fcseynov \u015eahin \u015e\u0259ms\u0259ddin o\u011flunun fotolar\u0131 yay\u0131l\u0131b. Sosial \u015f\u0259b\u0259k\u0259l\u0259rd\u0259 yay\u0131lan m\u0259lumata g\u00f6r\u0259, \u0259sl\u0259n G\u0259d\u0259b\u0259y rayonunun, Q\u0131z\u0131lqaya (Ke\u00e7mi\u015f Yenik\u0259nd) k\u0259ndind\u0259n\u00a0olan \u015eahin H\u00fcseynov V\u0259t\u0259n m\u00fcharib\u0259si i\u015ftirak\u00e7\u0131s\u0131 olub. O, Az\u0259rbaycan Prezidenti \u0130lham \u018fliyevin s\u0259r\u0259ncam\u0131 il\u0259 \u201cK\u0259lb\u0259c\u0259rin azad olunmas\u0131 g\u00f6r\u0259\u201d\u00a0medal\u0131 il\u0259 t\u0259ltif edilib. &nbsp;","_links":{"self":[{"href":"https:\/\/arantv.az\/index.php?rest_route=\/wp\/v2\/posts\/411765"}],"collection":[{"href":"https:\/\/arantv.az\/index.php?rest_route=\/wp\/v2\/posts"}],"about":[{"href":"https:\/\/arantv.az\/index.php?rest_route=\/wp\/v2\/types\/post"}],"author":[{"embeddable":true,"href":"https:\/\/arantv.az\/index.php?rest_route=\/wp\/v2\/users\/2"}],"replies":[{"embeddable":true,"href":"https:\/\/arantv.az\/index.php?rest_route=%2Fwp%2Fv2%2Fcomments&post=411765"}],"version-history":[{"count":0,"href":"https:\/\/arantv.az\/index.php?rest_route=\/wp\/v2\/posts\/411765\/revisions"}],"wp:featuredmedia":[{"embeddable":true,"href":"https:\/\/arantv.az\/index.php?rest_route=\/wp\/v2\/media\/411766"}],"wp:attachment":[{"href":"https:\/\/arantv.az\/index.php?rest_route=%2Fwp%2Fv2%2Fmedia&parent=411765"}],"wp:term":[{"taxonomy":"category","embeddable":true,"href":"https:\/\/arantv.az\/index.php?rest_route=%2Fwp%2Fv2%2Fcategories&post=411765"},{"taxonomy":"post_tag","embeddable":true,"href":"https:\/\/arantv.az\/index.php?rest_route=%2Fwp%2Fv2%2Ftags&post=411765"}],"curies":[{"name":"wp","href":"https:\/\/api.w.org\/{rel}","templated":true}]}}