{"id":411768,"date":"2021-12-03T13:26:20","date_gmt":"2021-12-03T10:26:20","guid":{"rendered":"http:\/\/arantv.az\/?p=411768"},"modified":"2021-12-03T13:26:20","modified_gmt":"2021-12-03T10:26:20","slug":"amnistiya-akti-65-qadina-samil-edilib","status":"publish","type":"post","link":"https:\/\/arantv.az\/?p=411768","title":{"rendered":"Amnistiya akt\u0131 65 qad\u0131na \u015famil edilib"},"content":{"rendered":"<p>Z\u0259f\u0259r g\u00fcn\u00fc il\u0259 ba\u011fl\u0131 elan olunmu\u015f Amnistiya akt\u0131 Penitensiar Xidm\u0259tin c\u0259za\u00e7\u0259km\u0259 m\u00fc\u0259ssis\u0259l\u0259rind\u0259 c\u0259za \u00e7\u0259k\u0259n 65 qad\u0131na \u015famil edilib.<\/p>\n<p><strong>ARANTV.AZ x\u0259b\u0259r verir ki,<\/strong>\u00a0bu bar\u0259d\u0259 \u018fdliyy\u0259 Nazirliyinin \u0130nsan h\u00fcquqlar\u0131 v\u0259 ictimaiyy\u0259tl\u0259 \u0259laq\u0259l\u0259r \u015f\u00f6b\u0259sinin r\u0259isi Aynur Sabitova deyib.<\/p>\n<p>O bildirib ki, h\u0259min qad\u0131nlardan 40 n\u0259f\u0259rin c\u0259zas\u0131 6 ay azald\u0131l\u0131b, 24 qad\u0131n is\u0259 azadl\u0131\u011fa burax\u0131l\u0131b: &#8220;Amnistiya akt\u0131 t\u0259tbiq edil\u0259n 1 qad\u0131n is\u0259 narkomaniyadan m\u00fcalic\u0259y\u0259 c\u0259lb edilib&#8221;,- A.Sabitova deyib.<\/p>\n<p>Qeyd ed\u0259k ki, noyabr\u0131n 5-d\u0259 Milli M\u0259clis Z\u0259f\u0259r G\u00fcn\u00fc il\u0259 ba\u011fl\u0131 amnistiya elan edilm\u0259si haqq\u0131nda qanun layih\u0259sini t\u0259sdiql\u0259yib. Q\u0259rar q\u0259bul edil\u0259n g\u00fcnd\u0259n q\u00fcvv\u0259y\u0259 minib.<\/p>\n<p>\u0130ndiy\u0259 q\u0259d\u0259r akt 1787 \u015f\u0259xs\u0259 \u015famil edilib. Amnistiya akt\u0131n\u0131n \u00fcmumilikd\u0259 15 min n\u0259f\u0259r\u0259 \u015famil olunmas\u0131 g\u00f6zl\u0259nilir.<\/p>\n","protected":false},"excerpt":{"rendered":"<p>Z\u0259f\u0259r g\u00fcn\u00fc il\u0259 ba\u011fl\u0131 elan olunmu\u015f Amnistiya akt\u0131 Penitensiar Xidm\u0259tin c\u0259za\u00e7\u0259km\u0259 m\u00fc\u0259ssis\u0259l\u0259rind\u0259 c\u0259za \u00e7\u0259k\u0259n 65 qad\u0131na \u015famil edilib. ARANTV.AZ x\u0259b\u0259r verir ki,\u00a0bu bar\u0259d\u0259 \u018fdliyy\u0259 Nazirliyinin \u0130nsan h\u00fcquqlar\u0131 v\u0259 ictimaiyy\u0259tl\u0259 \u0259laq\u0259l\u0259r \u015f\u00f6b\u0259sinin r\u0259isi Aynur Sabitova deyib. O bildirib ki, h\u0259min qad\u0131nlardan 40 n\u0259f\u0259rin c\u0259zas\u0131 6 ay azald\u0131l\u0131b, 24 qad\u0131n is\u0259 azadl\u0131\u011fa burax\u0131l\u0131b: &#8220;Amnistiya akt\u0131 t\u0259tbiq edil\u0259n 1 qad\u0131n is\u0259 narkomaniyadan m\u00fcalic\u0259y\u0259 c\u0259lb edilib&#8221;,- A.Sabitova deyib. Qeyd ed\u0259k ki, noyabr\u0131n 5-d\u0259 Milli M\u0259clis Z\u0259f\u0259r G\u00fcn\u00fc il\u0259 ba\u011fl\u0131 amnistiya elan edilm\u0259si haqq\u0131nda qanun layih\u0259sini t\u0259sdiql\u0259yib. Q\u0259rar q\u0259bul edil\u0259n g\u00fcnd\u0259n q\u00fcvv\u0259y\u0259 minib. \u0130ndiy\u0259 q\u0259d\u0259r&hellip;<\/p>\n","protected":false},"author":2,"featured_media":411769,"comment_status":"closed","ping_status":"closed","sticky":false,"template":"","format":"standard","meta":{"om_disable_all_campaigns":false,"_monsterinsights_skip_tracking":false,"_monsterinsights_sitenote_active":false,"_monsterinsights_sitenote_note":"","_monsterinsights_sitenote_category":0},"categories":[26],"tags":[],"aioseo_notices":[],"gutentor_comment":0,"rttpg_featured_image_url":{"full":["https:\/\/arantv.az\/wp-content\/uploads\/2021\/12\/14cfdb59163852300238303062310142617.jpg",975,540,false],"landscape":["https:\/\/arantv.az\/wp-content\/uploads\/2021\/12\/14cfdb59163852300238303062310142617.jpg",975,540,false],"portraits":["https:\/\/arantv.az\/wp-content\/uploads\/2021\/12\/14cfdb59163852300238303062310142617.jpg",975,540,false],"thumbnail":["https:\/\/arantv.az\/wp-content\/uploads\/2021\/12\/14cfdb59163852300238303062310142617-500x280.jpg",500,280,true],"medium":["https:\/\/arantv.az\/wp-content\/uploads\/2021\/12\/14cfdb59163852300238303062310142617-660x365.jpg",660,365,true],"large":["https:\/\/arantv.az\/wp-content\/uploads\/2021\/12\/14cfdb59163852300238303062310142617-840x465.jpg",640,354,true],"1536x1536":["https:\/\/arantv.az\/wp-content\/uploads\/2021\/12\/14cfdb59163852300238303062310142617.jpg",975,540,false],"2048x2048":["https:\/\/arantv.az\/wp-content\/uploads\/2021\/12\/14cfdb59163852300238303062310142617.jpg",975,540,false],"post-thumbnail":["https:\/\/arantv.az\/wp-content\/uploads\/2021\/12\/14cfdb59163852300238303062310142617-240x172.jpg",240,172,true],"advps-thumb-one":["https:\/\/arantv.az\/wp-content\/uploads\/2021\/12\/14cfdb59163852300238303062310142617.jpg",975,540,false]},"rttpg_author":{"display_name":"V\u00fcsal Rafiqo\u011flu","author_link":"https:\/\/arantv.az\/?author=2"},"rttpg_comment":0,"rttpg_category":"<a href=\"https:\/\/arantv.az\/?cat=26\" rel=\"category\">Sosial<\/a>","rttpg_excerpt":"Z\u0259f\u0259r g\u00fcn\u00fc il\u0259 ba\u011fl\u0131 elan olunmu\u015f Amnistiya akt\u0131 Penitensiar Xidm\u0259tin c\u0259za\u00e7\u0259km\u0259 m\u00fc\u0259ssis\u0259l\u0259rind\u0259 c\u0259za \u00e7\u0259k\u0259n 65 qad\u0131na \u015famil edilib. ARANTV.AZ x\u0259b\u0259r verir ki,\u00a0bu bar\u0259d\u0259 \u018fdliyy\u0259 Nazirliyinin \u0130nsan h\u00fcquqlar\u0131 v\u0259 ictimaiyy\u0259tl\u0259 \u0259laq\u0259l\u0259r \u015f\u00f6b\u0259sinin r\u0259isi Aynur Sabitova deyib. O bildirib ki, h\u0259min qad\u0131nlardan 40 n\u0259f\u0259rin c\u0259zas\u0131 6 ay azald\u0131l\u0131b, 24 qad\u0131n is\u0259 azadl\u0131\u011fa burax\u0131l\u0131b: &#8220;Amnistiya akt\u0131 t\u0259tbiq edil\u0259n&hellip;","_links":{"self":[{"href":"https:\/\/arantv.az\/index.php?rest_route=\/wp\/v2\/posts\/411768"}],"collection":[{"href":"https:\/\/arantv.az\/index.php?rest_route=\/wp\/v2\/posts"}],"about":[{"href":"https:\/\/arantv.az\/index.php?rest_route=\/wp\/v2\/types\/post"}],"author":[{"embeddable":true,"href":"https:\/\/arantv.az\/index.php?rest_route=\/wp\/v2\/users\/2"}],"replies":[{"embeddable":true,"href":"https:\/\/arantv.az\/index.php?rest_route=%2Fwp%2Fv2%2Fcomments&post=411768"}],"version-history":[{"count":0,"href":"https:\/\/arantv.az\/index.php?rest_route=\/wp\/v2\/posts\/411768\/revisions"}],"wp:featuredmedia":[{"embeddable":true,"href":"https:\/\/arantv.az\/index.php?rest_route=\/wp\/v2\/media\/411769"}],"wp:attachment":[{"href":"https:\/\/arantv.az\/index.php?rest_route=%2Fwp%2Fv2%2Fmedia&parent=411768"}],"wp:term":[{"taxonomy":"category","embeddable":true,"href":"https:\/\/arantv.az\/index.php?rest_route=%2Fwp%2Fv2%2Fcategories&post=411768"},{"taxonomy":"post_tag","embeddable":true,"href":"https:\/\/arantv.az\/index.php?rest_route=%2Fwp%2Fv2%2Ftags&post=411768"}],"curies":[{"name":"wp","href":"https:\/\/api.w.org\/{rel}","templated":true}]}}