{"id":412313,"date":"2021-12-04T19:17:31","date_gmt":"2021-12-04T16:17:31","guid":{"rendered":"http:\/\/arantv.az\/?p=412313"},"modified":"2021-12-04T19:17:31","modified_gmt":"2021-12-04T16:17:31","slug":"londonda-az%c9%99rbaycan-icmasinin-uzvl%c9%99ri-il%c9%99-gorus-kecirilib","status":"publish","type":"post","link":"https:\/\/arantv.az\/?p=412313","title":{"rendered":"Londonda Az\u0259rbaycan icmas\u0131n\u0131n \u00fczvl\u0259ri il\u0259 g\u00f6r\u00fc\u015f ke\u00e7irilib"},"content":{"rendered":"<p>London \u015f\u0259h\u0259rind\u0259 Az\u0259rbaycan icmas\u0131n\u0131n \u00fczvl\u0259ri il\u0259 g\u00f6r\u00fc\u015f ke\u00e7irilib.<\/p>\n<p>G\u00f6r\u00fc\u015fd\u0259 soyda\u015flar\u0131m\u0131zla yana\u015f\u0131, \u201cT\u00fcrk Okullar D\u0259rn\u0259yi\u201dnin r\u0259hb\u0259ri v\u0259 t\u00fcrk icmas\u0131n\u0131n n\u00fcmay\u0259nd\u0259l\u0259ri d\u0259 i\u015ftirak edibl\u0259r.<\/p>\n<p>Az\u0259rbaycan\u0131n D\u00f6vl\u0259t Himninin s\u0259sl\u0259ndirilm\u0259si il\u0259 ba\u015flayan t\u0259dbird\u0259 \u00f6lk\u0259mizin \u0259razi b\u00fct\u00f6vl\u00fcy\u00fc u\u011frunda canlar\u0131ndan ke\u00e7mi\u015f \u015f\u0259hidl\u0259rimizin xatir\u0259si bir d\u0259qiq\u0259lik s\u00fckutla yad edilib.<\/p>\n<div id=\"AdviadNativeVideo0\" class=\"AdviadNativeVideo\"><\/div>\n<p>T\u0259dbiri giri\u015f s\u00f6z\u00fc il\u0259 a\u00e7an Diasporla \u0130\u015f \u00fczr\u0259 D\u00f6vl\u0259t Komit\u0259sinin s\u0259dri Fuad Muradov Az\u0259rbaycan Prezidenti, M\u00fcz\u0259ff\u0259r Ali Ba\u015f Komandan \u0130lham \u018fliyevin r\u0259hb\u0259rliyi il\u0259 V\u0259t\u0259n m\u00fcharib\u0259sind\u0259 qazan\u0131lm\u0131\u015f \u015fanl\u0131 q\u0259l\u0259b\u0259nin birinci ild\u00f6n\u00fcm\u00fc m\u00fcnasib\u0259til\u0259 soyda\u015flar\u0131m\u0131z\u0131 t\u0259brik edib, m\u00fcharib\u0259 d\u00f6n\u0259mind\u0259 v\u0259 \u00f6t\u0259n bir il \u0259rzind\u0259 \u00f6lk\u0259mizin haqq s\u0259sini d\u00fcnya ictimaiyy\u0259tin\u0259 \u00e7atd\u0131rmaq namin\u0259 n\u00fcmayi\u015f etdirdikl\u0259ri birlik, h\u0259mr\u0259ylik v\u0259 f\u0259dakar f\u0259aliyy\u0259t\u0259 g\u00f6r\u0259 Londondak\u0131 Az\u0259rbaycan icmas\u0131n\u0131n \u00fczvl\u0259rin\u0259 minn\u0259tdarl\u0131\u011f\u0131n\u0131 bildirib.<\/p>\n<p>Son ill\u0259r m\u00fcxt\u0259lif \u00f6lk\u0259l\u0259rd\u0259, o c\u00fcml\u0259d\u0259n Birl\u0259\u015fmi\u015f Krall\u0131qda Az\u0259rbaycan diaspor n\u00fcmay\u0259nd\u0259l\u0259rinin t\u0259\u015fkilatlanmas\u0131nda, yerli c\u0259miyy\u0259t\u0259 inteqrasiyas\u0131nda, m\u0259d\u0259niyy\u0259t, t\u0259hsil v\u0259 sosial v\u0259ziyy\u0259tl\u0259rind\u0259 ir\u0259lil\u0259yi\u015f m\u00fc\u015fahid\u0259 olundu\u011fu, lobbi\u00e7ilik istiqam\u0259tind\u0259 \u00f6lk\u0259miz\u0259 faydal\u0131 olacaq add\u0131mlar at\u0131ld\u0131\u011f\u0131 vur\u011fulan\u0131b. Az\u0259rbaycan d\u00f6vl\u0259tinin diaspor siyas\u0259ti, Prezident \u0130lham \u018fliyevin tap\u015f\u0131r\u0131\u011f\u0131 il\u0259 D\u00f6vl\u0259t Komit\u0259sinin h\u0259yata ke\u00e7irdiyi v\u0259 n\u0259z\u0259rd\u0259 saxlad\u0131\u011f\u0131 layih\u0259l\u0259r, Koordinasiya \u015euralar\u0131n\u0131n, Az\u0259rbaycan Evl\u0259rinin yarad\u0131lmas\u0131, qar\u015f\u0131da duran h\u0259d\u0259fl\u0259r v\u0259 v\u0259zif\u0259l\u0259r bar\u0259d\u0259 m\u00fcf\u0259ss\u0259l m\u0259lumat verilib.<\/p>\n<p>T\u0259dbird\u0259 Diasporla \u0130\u015f \u00fczr\u0259 D\u00f6vl\u0259t Komit\u0259sinin f\u0259aliyy\u0259tin\u0259, diaspor n\u00fcmay\u0259nd\u0259l\u0259rinin \u015eu\u015faya s\u0259f\u0259rl\u0259rin\u0259, V\u0259t\u0259n m\u00fcharib\u0259si q\u0259hr\u0259manlar\u0131n\u0131n xatir\u0259sin\u0259 h\u0259sr edilmi\u015f video\u00e7arxlar n\u00fcmayi\u015f olunub.<\/p>\n<p>D\u00f6rd saata yax\u0131n davam ed\u0259n g\u00f6r\u00fc\u015fd\u0259 30 n\u0259f\u0259r icma \u00fczv\u00fc \u00e7\u0131x\u0131\u015f ed\u0259r\u0259k, diaspor f\u0259aliyy\u0259tinin g\u00fccl\u0259ndirilm\u0259si, Az\u0259rbaycan h\u0259qiq\u0259tl\u0259rinin yerli ictimaiyy\u0259t\u0259 daha geni\u015f \u015f\u0259kild\u0259 \u00e7atd\u0131r\u0131lmas\u0131 \u00fc\u00e7\u00fcn g\u0259l\u0259n ilki f\u0259aliyy\u0259t plan\u0131 il\u0259 ba\u011fl\u0131 t\u0259klifl\u0259rini s\u0259sl\u0259ndirib, diaspor n\u00fcmay\u0259nd\u0259l\u0259rinin \u015eu\u015faya s\u0259f\u0259rl\u0259rinin t\u0259\u015fkilin\u0259 g\u00f6r\u0259 Az\u0259rbaycan d\u00f6vl\u0259tin\u0259 t\u0259\u015f\u0259kk\u00fcrl\u0259rini bildiribl\u0259r.<\/p>\n<p>G\u00f6r\u00fc\u015fd\u0259n sonra Birl\u0259\u015fmi\u015f Krall\u0131qda ya\u015fayan Az\u0259rbaycanl\u0131lar\u0131n Koordinasiya \u015euras\u0131n\u0131n \u00fczvl\u0259ri il\u0259 toplant\u0131 ke\u00e7irilib.<\/p>\n","protected":false},"excerpt":{"rendered":"<p>London \u015f\u0259h\u0259rind\u0259 Az\u0259rbaycan icmas\u0131n\u0131n \u00fczvl\u0259ri il\u0259 g\u00f6r\u00fc\u015f ke\u00e7irilib. G\u00f6r\u00fc\u015fd\u0259 soyda\u015flar\u0131m\u0131zla yana\u015f\u0131, \u201cT\u00fcrk Okullar D\u0259rn\u0259yi\u201dnin r\u0259hb\u0259ri v\u0259 t\u00fcrk icmas\u0131n\u0131n n\u00fcmay\u0259nd\u0259l\u0259ri d\u0259 i\u015ftirak edibl\u0259r. Az\u0259rbaycan\u0131n D\u00f6vl\u0259t Himninin s\u0259sl\u0259ndirilm\u0259si il\u0259 ba\u015flayan t\u0259dbird\u0259 \u00f6lk\u0259mizin \u0259razi b\u00fct\u00f6vl\u00fcy\u00fc u\u011frunda canlar\u0131ndan ke\u00e7mi\u015f \u015f\u0259hidl\u0259rimizin xatir\u0259si bir d\u0259qiq\u0259lik s\u00fckutla yad edilib. T\u0259dbiri giri\u015f s\u00f6z\u00fc il\u0259 a\u00e7an Diasporla \u0130\u015f \u00fczr\u0259 D\u00f6vl\u0259t Komit\u0259sinin s\u0259dri Fuad Muradov Az\u0259rbaycan Prezidenti, M\u00fcz\u0259ff\u0259r Ali Ba\u015f Komandan \u0130lham \u018fliyevin r\u0259hb\u0259rliyi il\u0259 V\u0259t\u0259n m\u00fcharib\u0259sind\u0259 qazan\u0131lm\u0131\u015f \u015fanl\u0131 q\u0259l\u0259b\u0259nin birinci ild\u00f6n\u00fcm\u00fc m\u00fcnasib\u0259til\u0259 soyda\u015flar\u0131m\u0131z\u0131 t\u0259brik edib, m\u00fcharib\u0259 d\u00f6n\u0259mind\u0259 v\u0259 \u00f6t\u0259n bir il \u0259rzind\u0259 \u00f6lk\u0259mizin haqq s\u0259sini d\u00fcnya ictimaiyy\u0259tin\u0259 \u00e7atd\u0131rmaq namin\u0259&hellip;<\/p>\n","protected":false},"author":2,"featured_media":412314,"comment_status":"closed","ping_status":"closed","sticky":false,"template":"","format":"standard","meta":{"om_disable_all_campaigns":false,"_monsterinsights_skip_tracking":false,"_monsterinsights_sitenote_active":false,"_monsterinsights_sitenote_note":"","_monsterinsights_sitenote_category":0},"categories":[4],"tags":[],"aioseo_notices":[],"gutentor_comment":0,"rttpg_featured_image_url":{"full":["https:\/\/arantv.az\/wp-content\/uploads\/2021\/12\/FotoJet-2021-12-04T183328.404.jpg",620,413,false],"landscape":["https:\/\/arantv.az\/wp-content\/uploads\/2021\/12\/FotoJet-2021-12-04T183328.404.jpg",620,413,false],"portraits":["https:\/\/arantv.az\/wp-content\/uploads\/2021\/12\/FotoJet-2021-12-04T183328.404.jpg",620,413,false],"thumbnail":["https:\/\/arantv.az\/wp-content\/uploads\/2021\/12\/FotoJet-2021-12-04T183328.404-500x280.jpg",500,280,true],"medium":["https:\/\/arantv.az\/wp-content\/uploads\/2021\/12\/FotoJet-2021-12-04T183328.404-548x365.jpg",548,365,true],"large":["https:\/\/arantv.az\/wp-content\/uploads\/2021\/12\/FotoJet-2021-12-04T183328.404.jpg",620,413,false],"1536x1536":["https:\/\/arantv.az\/wp-content\/uploads\/2021\/12\/FotoJet-2021-12-04T183328.404.jpg",620,413,false],"2048x2048":["https:\/\/arantv.az\/wp-content\/uploads\/2021\/12\/FotoJet-2021-12-04T183328.404.jpg",620,413,false],"post-thumbnail":["https:\/\/arantv.az\/wp-content\/uploads\/2021\/12\/FotoJet-2021-12-04T183328.404-240x172.jpg",240,172,true],"advps-thumb-one":["https:\/\/arantv.az\/wp-content\/uploads\/2021\/12\/FotoJet-2021-12-04T183328.404.jpg",620,413,false]},"rttpg_author":{"display_name":"V\u00fcsal Rafiqo\u011flu","author_link":"https:\/\/arantv.az\/?author=2"},"rttpg_comment":0,"rttpg_category":"<a href=\"https:\/\/arantv.az\/?cat=4\" rel=\"category\">Siyas\u0259t<\/a>","rttpg_excerpt":"London \u015f\u0259h\u0259rind\u0259 Az\u0259rbaycan icmas\u0131n\u0131n \u00fczvl\u0259ri il\u0259 g\u00f6r\u00fc\u015f ke\u00e7irilib. G\u00f6r\u00fc\u015fd\u0259 soyda\u015flar\u0131m\u0131zla yana\u015f\u0131, \u201cT\u00fcrk Okullar D\u0259rn\u0259yi\u201dnin r\u0259hb\u0259ri v\u0259 t\u00fcrk icmas\u0131n\u0131n n\u00fcmay\u0259nd\u0259l\u0259ri d\u0259 i\u015ftirak edibl\u0259r. Az\u0259rbaycan\u0131n D\u00f6vl\u0259t Himninin s\u0259sl\u0259ndirilm\u0259si il\u0259 ba\u015flayan t\u0259dbird\u0259 \u00f6lk\u0259mizin \u0259razi b\u00fct\u00f6vl\u00fcy\u00fc u\u011frunda canlar\u0131ndan ke\u00e7mi\u015f \u015f\u0259hidl\u0259rimizin xatir\u0259si bir d\u0259qiq\u0259lik s\u00fckutla yad edilib. T\u0259dbiri giri\u015f s\u00f6z\u00fc il\u0259 a\u00e7an Diasporla \u0130\u015f \u00fczr\u0259 D\u00f6vl\u0259t Komit\u0259sinin s\u0259dri Fuad Muradov&hellip;","_links":{"self":[{"href":"https:\/\/arantv.az\/index.php?rest_route=\/wp\/v2\/posts\/412313"}],"collection":[{"href":"https:\/\/arantv.az\/index.php?rest_route=\/wp\/v2\/posts"}],"about":[{"href":"https:\/\/arantv.az\/index.php?rest_route=\/wp\/v2\/types\/post"}],"author":[{"embeddable":true,"href":"https:\/\/arantv.az\/index.php?rest_route=\/wp\/v2\/users\/2"}],"replies":[{"embeddable":true,"href":"https:\/\/arantv.az\/index.php?rest_route=%2Fwp%2Fv2%2Fcomments&post=412313"}],"version-history":[{"count":0,"href":"https:\/\/arantv.az\/index.php?rest_route=\/wp\/v2\/posts\/412313\/revisions"}],"wp:featuredmedia":[{"embeddable":true,"href":"https:\/\/arantv.az\/index.php?rest_route=\/wp\/v2\/media\/412314"}],"wp:attachment":[{"href":"https:\/\/arantv.az\/index.php?rest_route=%2Fwp%2Fv2%2Fmedia&parent=412313"}],"wp:term":[{"taxonomy":"category","embeddable":true,"href":"https:\/\/arantv.az\/index.php?rest_route=%2Fwp%2Fv2%2Fcategories&post=412313"},{"taxonomy":"post_tag","embeddable":true,"href":"https:\/\/arantv.az\/index.php?rest_route=%2Fwp%2Fv2%2Ftags&post=412313"}],"curies":[{"name":"wp","href":"https:\/\/api.w.org\/{rel}","templated":true}]}}