{"id":412320,"date":"2021-12-04T19:19:21","date_gmt":"2021-12-04T16:19:21","guid":{"rendered":"http:\/\/arantv.az\/?p=412320"},"modified":"2021-12-04T19:19:21","modified_gmt":"2021-12-04T16:19:21","slug":"qafqaz-albaniyasi-turizm-marsrutu-layih%c9%99-artiq-tamamlanmaq-uzr%c9%99dir-foto","status":"publish","type":"post","link":"https:\/\/arantv.az\/?p=412320","title":{"rendered":"\u201cQafqaz Albaniyas\u0131 turizm mar\u015frutu\u201d: Layih\u0259 art\u0131q tamamlanmaq \u00fczr\u0259dir &#8211; FOTO"},"content":{"rendered":"<p>Az\u0259rbaycan Turizm B\u00fcrosunun \u00fcz\u0259rind\u0259 tamamlama i\u015fl\u0259ri apard\u0131\u011f\u0131 yeni \u201cQafqaz Albaniyas\u0131 turizm mar\u015frutu\u201d yax\u0131n vaxtlarda ictimaiyy\u0259t\u0259 t\u0259qdim edil\u0259c\u0259k. Mar\u015frut Qafqaz Albaniyas\u0131n\u0131 ara\u015fd\u0131ran aliml\u0259rin m\u0259sl\u0259h\u0259t v\u0259 t\u00f6vsiy\u0259l\u0259ri \u0259sas\u0131nda haz\u0131rlan\u0131r.<\/p>\n<p>Q\u0259dim Albaniya tarixi il\u0259 ba\u011fl\u0131 ara\u015fd\u0131rmalar, arxeoloji n\u00fcmun\u0259l\u0259r bu d\u00f6vl\u0259tin Az\u0259rbaycan\u0131n tarixi ke\u00e7mi\u015finin uzun bir d\u00f6vr\u00fc il\u0259 ba\u011fl\u0131 oldu\u011funu ortaya \u00e7\u0131xarsa da, bu m\u00f6vzuda h\u0259llini tapmayan, m\u00fcbahis\u0259li m\u0259s\u0259l\u0259l\u0259r h\u0259l\u0259 d\u0259 qalmaqdad\u0131r. Ancaq Az\u0259rbaycan Turizm B\u00fcrosunun \u00fcz\u0259rind\u0259 tamamlama i\u015fl\u0259ri apard\u0131\u011f\u0131 \u201cQafqaz Albaniyas\u0131 turizm mar\u015frutu\u201d bu m\u00fcbahis\u0259l\u0259r\u0259 son qoya bil\u0259r. Qaraba\u011fla ba\u011fl\u0131 haz\u0131rlanan tematik mar\u015frutlardan biri olan \u201cAlban m\u0259d\u0259niyy\u0259tinin izi\u201d mar\u015frutunun yax\u0131n vaxtlarda ictimaiyy\u0259t\u0259 t\u0259qdim edil\u0259c\u0259yi g\u00f6zl\u0259nilir. Mar\u015frut Qafqaz Albaniyas\u0131n\u0131 ara\u015fd\u0131ran aliml\u0259rin m\u0259sl\u0259h\u0259t v\u0259 t\u00f6vsiy\u0259l\u0259ri \u0259sas\u0131nda haz\u0131rlan\u0131r.<\/p>\n<p><img src=\"https:\/\/cdn.oxu.az\/uploads\/W1siZiIsIjIwMjEvMTIvMDQvMTQvMzEvMTUvNDYxZDA1MGUtZTdkNS00MjRmLWFiNTMtMTYzYTNhYTBmYzJhLzE2Mzg1NDQxOThfMi5qcGciXSxbInAiLCJlbmNvZGUiLCJqcGciLCItcXVhbGl0eSA4MCJdLFsicCIsInRodW1iIiwiNTkweDU5MFx1MDAzZSJdXQ?sha=fb8a548c7491970f\" alt=\"\" \/><\/p>\n<div id=\"AdviadNativeVideo0\" class=\"AdviadNativeVideo\"><\/div>\n<p><strong>\u00dc\u00e7 \u0259sas d\u0259hliz<\/strong><\/p>\n<p>Az\u0259rbaycan Turizm B\u00fcrosunun Turizm m\u0259hsulunun inki\u015faf\u0131 \u015f\u00f6b\u0259sinin direktoru \u015e\u0259rif\u0259 H\u0259s\u0259nova layih\u0259 haqq\u0131nda\u00a0<a href=\"https:\/\/kaspi.az\/az\/alban-medeniyyeti-turizm-marsrutu-kimi?fbclid=IwAR2w9j9wBOzTX1Q1TTlZk8PyOM_mcqhG_TZnoZ3sVYVVQV77CtGchVbfWEQ\" target=\"_blank\" rel=\"noopener\"><strong>Kaspi.az q\u0259zeti<\/strong><\/a>n\u0259\u00a0m\u0259lumat ver\u0259r\u0259k Alban m\u0259d\u0259niyy\u0259ti mar\u015frutunun Az\u0259rbaycan\u0131n 3 \u0259sas d\u0259hlizini &#8211; Bak\u0131-\u015e\u0259ki-Zaqatala, G\u0259nc\u0259-Qazax v\u0259 Qaraba\u011f\u0131 \u0259hat\u0259 etdiyini bildirdi: \u201cQaraba\u011fda Qafqaz Albaniyas\u0131 il\u0259 ba\u011fl\u0131 z\u0259ngin irs var. Bura m\u0259b\u0259dl\u0259r, kils\u0259l\u0259r, h\u0259m\u00e7inin ad\u0259t-\u0259n\u0259n\u0259l\u0259r v\u0259 s. daxildir. Alban m\u0259d\u0259niyy\u0259ti islamaq\u0259d\u0259rki d\u00f6vr\u00fc \u0259hat\u0259 edir. Bu mar\u015frutla ba\u011fl\u0131 layih\u0259 art\u0131q tamamlanmaq \u00fczr\u0259dir\u201d.<\/p>\n<p><img src=\"https:\/\/cdn.oxu.az\/uploads\/W1siZiIsIjIwMjEvMTIvMDQvMTQvMzEvMTUvMzg5MzRlN2ItYmEyZi00YjYyLWE2NDQtYTc4MjAwMmQxNzM0LzE2Mzg1NDQxNzhfMSAoMSkuanBnIl0sWyJwIiwiZW5jb2RlIiwianBnIiwiLXF1YWxpdHkgODAiXSxbInAiLCJ0aHVtYiIsIjU5MHg1OTBcdTAwM2UiXV0?sha=3e62ec5af065404f\" alt=\"\" \/><\/p>\n<p><strong>\u018fsirlikd\u0259n \u00e7\u0131xan abid\u0259l\u0259r<\/strong><\/p>\n<p>Qafqaz Albaniyas\u0131n\u0131n \u0259razisinin ilk xristian icmalar\u0131n\u0131n meydana g\u0259ldiyi m\u0259kanlardan hesab edildiyini dey\u0259n Alban-Udi Xristian Dini \u0130cmas\u0131n\u0131n s\u0259dri, Bak\u0131 D\u00f6vl\u0259t Universitetinin ba\u015f elmi i\u015f\u00e7isi Robert Mobili Az\u0259rbaycanda xristianl\u0131\u011f\u0131n tarixinin, dem\u0259k olar ki, Alban kils\u0259l\u0259rind\u0259n ba\u015flad\u0131\u011f\u0131n\u0131 bildirir: \u201cB\u00fct\u00f6vl\u00fckd\u0259 bu dinin tarixind\u0259 h\u0259min m\u0259b\u0259dl\u0259rin x\u00fcsusi yeri var. \u00d6lk\u0259 \u0259razisind\u0259, o c\u00fcml\u0259d\u0259n i\u015f\u011faldan azad olunan torpaqlar\u0131m\u0131zda \u00e7ox sayda alban m\u0259b\u0259dl\u0259ri yerl\u0259\u015fir. T\u0259kc\u0259 K\u0259lb\u0259c\u0259rd\u0259 onlar\u0131n say\u0131 35-d\u0259n \u00e7oxdur. Sevinirik ki, Qaraba\u011f i\u015f\u011faldan azad oldu v\u0259 o \u0259razil\u0259rd\u0259 olan q\u0259dim alban m\u0259b\u0259dl\u0259ri d\u0259 \u0259sirlikd\u0259n \u00e7\u0131xd\u0131. Bu m\u0259b\u0259dl\u0259r d\u0259 \u0259sirlikd\u0259 idi.<\/p>\n<p>Bir t\u0259r\u0259fd\u0259n h\u0259min alban m\u0259b\u0259dl\u0259ri erm\u0259nil\u0259\u015fdirilmi\u015f v\u0259 saxtala\u015fd\u0131r\u0131lm\u0131\u015f, dig\u0259r t\u0259r\u0259fd\u0259n, b\u00fct\u00fcn\u00a0simvollar\u0131 v\u0259 elementl\u0259ri d\u0259yi\u015fdirilmi\u015fdi. Erm\u0259nil\u0259r bu abid\u0259l\u0259ri d\u00fcnyaya erm\u0259ni m\u0259b\u0259dl\u0259ri kimi t\u0259qdim edibl\u0259r. \u0130slamla ba\u011fl\u0131 b\u00fct\u00fcn abid\u0259l\u0259ri is\u0259 da\u011f\u0131d\u0131blar. B\u00fct\u00fcn bunlar erm\u0259ni vandalizmin\u0259 s\u00fcbutdur. Qafqaz Albaniyas\u0131 v\u0259 Alban Apostol Kils\u0259sini xat\u0131rladacaq h\u0259r \u015feyi saxtala\u015fd\u0131rma\u011fa v\u0259 m\u0259hv etm\u0259y\u0259 \u00e7al\u0131\u015fan erm\u0259nil\u0259r m\u0259krli niyy\u0259tl\u0259rini tam h\u0259yata ke\u00e7ir\u0259 bilm\u0259dil\u0259r. \u018fsas m\u0259qam odur ki, \u0259razi i\u015f\u011faldan azad edildi v\u0259 tarixi h\u0259qiq\u0259t b\u0259rpa olundu. G\u0259l\u0259c\u0259kd\u0259 kils\u0259l\u0259ri b\u0259rpa etm\u0259kl\u0259 kanonik \u0259razini d\u0259 alaca\u011f\u0131q v\u0259 Alban kils\u0259l\u0259ri Az\u0259rbaycan\u0131n tam n\u0259zar\u0259tind\u0259 olacaq. Prezident \u0130lham \u018fliyev d\u0259 qeyd edir ki, g\u0259l\u0259c\u0259kd\u0259 \u0259razid\u0259ki b\u00fct\u00fcn\u00a0abid\u0259l\u0259r b\u0259rpa olunacaq. \u00c7\u00fcnki tarixi-dini abid\u0259l\u0259rimizin, o c\u00fcml\u0259d\u0259n m\u0259scid, kils\u0259, sinaqoqlar\u0131n b\u0259rpas\u0131 v\u0259 yenid\u0259n qurulmas\u0131, yeni ibad\u0259t evl\u0259rinin in\u015fas\u0131 Az\u0259rbaycan d\u00f6vl\u0259tinin bu sah\u0259d\u0259 h\u0259yata ke\u00e7irdiyi siyas\u0259tin t\u0259rkib hiss\u0259sidir\u201d.<\/p>\n<p><img src=\"https:\/\/cdn.oxu.az\/uploads\/W1siZiIsIjIwMjEvMTIvMDQvMTQvMzEvMTYvMGVkODVkYjAtMmJiYi00NjRiLWE3ZjAtODcxNmM3Y2Q3NGUyLzE2Mzg1NDQyNTlfNS5qcGciXSxbInAiLCJlbmNvZGUiLCJqcGciLCItcXVhbGl0eSA4MCJdLFsicCIsInRodW1iIiwiNTkweDU5MFx1MDAzZSJdXQ?sha=f510b92f3d57cb7a\" alt=\"\" \/><\/p>\n<p><strong>B\u0259rpaya ehtiyac<\/strong><\/p>\n<p>Haz\u0131rda Az\u0259rbaycan h\u00f6kum\u0259tinin d\u0259st\u0259yi il\u0259 \u015e\u0259ki rayonunun Ki\u015f k\u0259ndind\u0259 yerl\u0259\u015f\u0259n v\u0259 Qafqazda \u201ckils\u0259l\u0259rin anas\u0131\u201d hesab olunan apostol Yelisey m\u0259b\u0259di b\u0259rpa edilib. 2006-c\u0131 ild\u0259 is\u0259 udil\u0259rin kompakt halda ya\u015fad\u0131\u011f\u0131 Q\u0259b\u0259l\u0259 rayonunun Nic q\u0259s\u0259b\u0259sind\u0259ki \u201c\u00c7otari\u201d Alban-udi kils\u0259sinin r\u0259smi a\u00e7\u0131l\u0131\u015f\u0131 ba\u015f tutub. 2020-ci ild\u0259 Nic q\u0259s\u0259b\u0259sind\u0259 Heyd\u0259r \u018fliyev Fondu t\u0259r\u0259find\u0259n daha bir tarixi kils\u0259 \u2013 M\u00fcq\u0259dd\u0259s M\u0259ry\u0259m Ana kils\u0259si \u0259sasl\u0131 \u015f\u0259kild\u0259 b\u0259rpa edilib. \u0130cma r\u0259hb\u0259ri bildirir ki, x\u00fcsus\u0259n i\u015f\u011faldan azad edil\u0259n \u0259razil\u0259rimizd\u0259 olan, erm\u0259nil\u0259rin saxtala\u015fd\u0131rma\u011fa \u00e7al\u0131\u015fd\u0131\u011f\u0131 abid\u0259l\u0259rin d\u0259 ciddi b\u0259rpaya ehtiyac\u0131 var: \u201cBu abid\u0259l\u0259ri b\u0259rpa etm\u0259y\u0259 maliyy\u0259\u00a0v\u0259 vaxt t\u0259l\u0259b olunur. H\u0259min abid\u0259l\u0259rl\u0259 h\u0259m yerli, h\u0259m xarici turistl\u0259rin tan\u0131\u015f olmas\u0131, tarixini \u00f6yr\u0259nm\u0259si \u00e7ox vacibdir. Bunlar\u0131n h\u0259r biri q\u0259dim alban m\u0259d\u0259niyy\u0259tinin ayr\u0131lmaz hiss\u0259sidir\u201d.<\/p>\n<p><img src=\"https:\/\/cdn.oxu.az\/uploads\/W1siZiIsIjIwMjEvMTIvMDQvMTQvMzEvMTYvYzJjMWVlMjYtNjhmMC00OTliLTgzZjktZTAzZjQyODdkZmRmLzE2Mzg1NDQxNzRfNC5qcGciXSxbInAiLCJlbmNvZGUiLCJqcGciLCItcXVhbGl0eSA4MCJdLFsicCIsInRodW1iIiwiNTkweDU5MFx1MDAzZSJdXQ?sha=579e962a6dffe9b2\" alt=\"\" \/><\/p>\n<p><strong>\u0130nfrastruktur olmal\u0131d\u0131r<\/strong><\/p>\n<p>R.Mobili Qafqaz Albaniyas\u0131 \u00fczr\u0259 turizm mar\u015frutunun yarad\u0131lmas\u0131n\u0131 x\u00fcsus\u0259n indiki vaxtda vacib hesab edir. Bununla bel\u0259, turistl\u0259ri c\u0259lb etm\u0259k \u00fc\u00e7\u00fcn infrastrukturun yarad\u0131lmas\u0131na ehtiyac oldu\u011funu deyir: \u201cH\u0259l\u0259 ki, turist c\u0259lb el\u0259m\u0259k \u00fc\u00e7\u00fcn infrastruktur laz\u0131m\u0131 s\u0259viyy\u0259d\u0259 deyil. \u0130lk n\u00f6vb\u0259d\u0259 yol \u00e7\u0259kilm\u0259li, abid\u0259l\u0259r b\u0259rpa olunmal\u0131d\u0131r ki, turistl\u0259r b\u0259rpa olunmu\u015f abid\u0259l\u0259ri g\u00f6rs\u00fcnl\u0259r, o \u0259razil\u0259ri ziyar\u0259t etsinl\u0259r. D\u00fczd\u00fcr, haz\u0131rda d\u00f6vl\u0259t t\u0259r\u0259find\u0259n quruculuq i\u015fl\u0259ri h\u0259yata ke\u00e7irilir, infrastruktur yarad\u0131l\u0131r. Hesab edir\u0259m ki, bu prosesl\u0259r ba\u015fa \u00e7atandan sonra \u0259n b\u00f6y\u00fck turist ax\u0131n\u0131 Qaraba\u011fa olacaq. Turistl\u0259r h\u0259m Qaraba\u011f\u0131 g\u00f6r\u0259c\u0259k, h\u0259m m\u0259b\u0259dl\u0259r\u0259 ba\u015f \u00e7\u0259k\u0259c\u0259kl\u0259r. El\u0259 \u00f6z v\u0259t\u0259nda\u015flar\u0131m\u0131z \u00fc\u00e7\u00fcn d\u0259 bu, b\u00f6y\u00fck \u0259h\u0259miyy\u0259t\u0259 malikdir. \u00c7\u00fcnki insanlar\u0131m\u0131z\u0131n b\u00f6y\u00fck \u0259ks\u0259riyy\u0259ti n\u0259 Xudaf\u0259rini, n\u0259 Hadrutu, n\u0259 Tu\u011fu g\u00f6r\u00fcbl\u0259r\u201d.<\/p>\n<p>R.Mobili Qafqaz Albaniyas\u0131na m\u0259xsus tarixi irsimizin z\u0259ngin oldu\u011funu bildirir: \u201cBiz irsimizi yaln\u0131z \u015e\u0259rql\u0259 m\u00fcqayis\u0259 etm\u0259liyik. Bizim irsimiz \u00e7ox z\u0259ngindir:\u00a0islam, iudaizm, xristianl\u0131q, katolisizm, protestantl\u0131qla ba\u011fl\u0131 q\u0259dim tarixi abid\u0259l\u0259rimiz, IV-V \u0259srd\u0259n \u0259vv\u0259l\u0259 aid tarixi m\u0259kanlar\u0131m\u0131z var.<\/p>\n<p><img src=\"https:\/\/cdn.oxu.az\/uploads\/W1siZiIsIjIwMjEvMTIvMDQvMTQvMzEvMTYvY2Y3NmQ0ODYtYmI5MC00YTU2LWFmYzAtZWY2NjU0NWNhYzdkLzE2Mzg1NDQxOTZfMy5qcGciXSxbInAiLCJlbmNvZGUiLCJqcGciLCItcXVhbGl0eSA4MCJdLFsicCIsInRodW1iIiwiNTkweDU5MFx1MDAzZSJdXQ?sha=c2f1c87db64c1c05\" alt=\"\" \/>B\u00fct\u00fcn bu m\u0259kanlara turist c\u0259lb etm\u0259k, onlar\u0131 turizm b\u00f6lg\u0259l\u0259rin\u0259 \u00e7evirm\u0259k \u00fc\u00e7\u00fcn infrasrtruktur olmal\u0131d\u0131r. M\u0259s\u0259l\u0259n, biz udil\u0259rin ya\u015fad\u0131\u011f\u0131 Nic q\u0259s\u0259b\u0259sind\u0259 m\u0259b\u0259dl\u0259rin b\u0259rpas\u0131ndan sonra turistl\u0259rin s\u0259f\u0259r etm\u0259si, gec\u0259l\u0259m\u0259si, yerli m\u0259tb\u0259xl\u0259 maraqlanmas\u0131 \u00fc\u00e7\u00fcn \u015f\u0259rait yaratm\u0131\u015f\u0131q. Qafqaz Albaniyas\u0131na m\u0259xsus abid\u0259l\u0259rin yerl\u0259\u015fdiyi b\u00fct\u00fcn b\u00f6lg\u0259l\u0259rd\u0259 turizm \u00fc\u00e7\u00fcn bel\u0259 \u015f\u0259rait yarad\u0131lmal\u0131d\u0131r\u201d.<\/p>\n<p><strong>Turizm \u015firk\u0259tl\u0259ri yuban\u0131blar<\/strong><\/p>\n<p>M\u00fct\u0259x\u0259ssisl\u0259r q\u0259dim Alban m\u0259d\u0259niyy\u0259tinin izi il\u0259 yaranacaq turizm mar\u015frutunun \u00f6lk\u0259mizin tan\u0131d\u0131lmas\u0131 istiqam\u0259tind\u0259 m\u00fch\u00fcm rol oynayaca\u011f\u0131n\u0131 istisna etmirl\u0259r.<\/p>\n<p>Az\u0259rbaycan Turizm Assosiasiyas\u0131 s\u0259drinin m\u00fc\u015faviri M\u00fcz\u0259ff\u0259r A\u011fak\u0259rimov qeyd edir ki, Alban d\u00f6vl\u0259tinin varisl\u0259ri olan udil\u0259r, da\u011f k\u0259ndl\u0259rind\u0259 ya\u015fayan ba\u015fqa alban xalqlar\u0131 indi d\u0259 Az\u0259rbaycan \u0259razisind\u0259 ya\u015fay\u0131rlar: \u201cAlban m\u0259d\u0259niyy\u0259ti 26 tayfan\u0131 birl\u0259\u015fdirirdi. Bu m\u0259d\u0259niyy\u0259tin 52 h\u0259rfd\u0259n ibar\u0259t \u0259lifbas\u0131 olub. Alban m\u0259d\u0259niyy\u0259tin\u0259 m\u0259xsus abid\u0259l\u0259r d\u0259 \u00f6lk\u0259mizd\u0259 \u00e7oxdur\u201d. M.A\u011fak\u0259rimov alban abid\u0259l\u0259ri olan \u0259razil\u0259r\u0259 turizm mar\u015frutlar\u0131n\u0131n t\u0259\u015fkil edilm\u0259sini vacib hesab edir: \u201cTurizm \u015firk\u0259tl\u0259ri, \u0259slind\u0259, bu add\u0131m\u0131 atmaq \u00fc\u00e7\u00fcn yuban\u0131blar. Bunu \u00e7oxdan etm\u0259k laz\u0131m idi. Turistl\u0259r \u00fc\u00e7\u00fcn Alban abid\u0259l\u0259ri, m\u0259d\u0259niyy\u0259ti haqq\u0131nda geni\u015f m\u0259lumat haz\u0131rlanmal\u0131d\u0131r. Bunu kor-koran\u0259 v\u0259 ya h\u0259v\u0259skar \u015f\u0259kild\u0259 deyil, tarix\u00e7il\u0259rin m\u0259sl\u0259h\u0259ti il\u0259 etm\u0259k laz\u0131md\u0131r\u201d. M.A\u011fak\u0259rimov Alban m\u0259d\u0259niyy\u0259tinin izl\u0259rinin Da\u011fl\u0131q Qaraba\u011fda daha geni\u015f oldu\u011funu qeyd edir: \u201cTuristl\u0259r\u0259 Az\u0259rbaycan\u0131n q\u0259dim insan m\u0259sk\u0259nl\u0259rinin yeri oldu\u011fu haqda \u0259trafl\u0131 m\u0259lumat verm\u0259k laz\u0131md\u0131r. Bu turizm mar\u015frutunun ideoloji \u0259h\u0259miyy\u0259ti olacaq. Vaxtil\u0259\u00a0erm\u0259ni kils\u0259l\u0259ri alban kils\u0259l\u0259rini \u00f6zl\u0259rin\u0259 birl\u0259\u015fdirib v\u0259 onlar\u0131n m\u0259d\u0259niyy\u0259tini \u00f6z\u00fcn\u00fcnk\u00fcl\u0259\u015fdirib. Erm\u0259nil\u0259r alban abid\u0259l\u0259rin\u0259 xa\u00e7 ni\u015fanlar\u0131n\u0131 vurub v\u0259 onu \u00f6z abid\u0259l\u0259ri kimi t\u0259qdim edibl\u0259r. Ancaq tarixi m\u0259nb\u0259l\u0259r s\u00fcbut edir ki, Alban etno-m\u0259d\u0259ni irsi Az\u0259rbaycan d\u00f6vl\u0259tinin s\u0259l\u0259fidir\u201d. Turizm\u00e7i hesab edir ki, bu tarixi faktlarla ba\u011fl\u0131 h\u0259qiq\u0259tl\u0259ri bildirm\u0259k \u00fc\u00e7\u00fcn turizm \u015firk\u0259tl\u0259rinin t\u0259msil\u00e7il\u0259rinin i\u015ftirak\u0131 il\u0259 elmi konfrans da ke\u00e7irilm\u0259lidir: \u201cTurizm m\u00fct\u0259x\u0259ssisl\u0259rini c\u0259lb edib bu istiqam\u0259td\u0259 t\u0259\u015fviqat v\u0259 t\u0259bli\u011fat i\u015fl\u0259rini el\u0259 qurmaq laz\u0131md\u0131r ki, erm\u0259nil\u0259rin yalan dan\u0131\u015fd\u0131\u011f\u0131 s\u00fcbut olunsun. Bu istiqam\u0259td\u0259 turizm mar\u015frutu da b\u00f6y\u00fck rol oynayacaq\u201d.<\/p>\n<p><strong>Tarixin d\u00fczg\u00fcn t\u0259bli\u011fi \u00fc\u00e7\u00fcn<\/strong><\/p>\n<p>Turizm\u00e7i Ceyhun A\u015furov s\u00f6z\u00fcged\u0259n turizm mar\u015frutlar\u0131n\u0131n haz\u0131rlanmas\u0131n\u0131 d\u0259st\u0259kl\u0259yir: \u201c\u018fvv\u0259ll\u0259r d\u0259 bizd\u0259 Qafqaz Albaniyas\u0131 d\u00f6vr\u00fcn\u00fcn memarl\u0131q abid\u0259l\u0259ri b\u0259zi turizm mar\u015frutlar\u0131 \u00fcz\u0259rin\u0259 sal\u0131n\u0131rd\u0131. Tarix kitablar\u0131m\u0131zda da bu bar\u0259d\u0259 qeyd olunur. Erm\u0259nil\u0259r daim Qafqazdak\u0131 abid\u0259l\u0259ri \u00f6z adlar\u0131na \u00e7\u0131xma\u011fa c\u0259hd edibl\u0259r. Bu bax\u0131mdan, bel\u0259 bir turizm mar\u015frutunun olmas\u0131 h\u0259m yerli, h\u0259m d\u0259 xarici turistl\u0259r\u0259 h\u0259qiqi tariximizin \u00e7atd\u0131r\u0131lmas\u0131 bax\u0131m\u0131ndan t\u0259bli\u011fat vasit\u0259si olacaq. Bu tip mar\u015frutlar olmal\u0131d\u0131r ki, tarix d\u00fczg\u00fcn t\u0259bli\u011f olunsun\u201d. Turizm\u00e7inin fikrinc\u0259, bu istiqam\u0259td\u0259 turizm mar\u015frutlar\u0131n\u0131n t\u0259\u015fkili t\u0259kc\u0259 turistik n\u00f6qteyi-n\u0259z\u0259rd\u0259n \u0259h\u0259miyy\u0259t k\u0259sb el\u0259mir, eyni zamanda tariximizi, m\u0259d\u0259niyy\u0259timizi, h\u0259min \u0259razil\u0259rd\u0259 ya\u015fayan xalqlar\u0131n q\u0259dimliyini, ad\u0259t-\u0259n\u0259n\u0259sini tan\u0131tmaq bax\u0131m\u0131ndan da vacibdir: \u201cHesab edir\u0259m ki, bu destinasiyan\u0131 turizm mar\u015frutu kimi d\u00fczg\u00fcn t\u0259qdim ed\u0259 bil\u0259c\u0259yik. \u0130\u015f\u011fal olunmu\u015f \u0259razil\u0259rd\u0259 saxtala\u015fd\u0131r\u0131lm\u0131\u015f onlarla alban abid\u0259sinin Az\u0259rbaycana m\u0259xsuslu\u011funu da yaln\u0131z do\u011fru t\u0259bli\u011fat v\u0259 t\u0259qdimatla s\u00fcbut ed\u0259 bil\u0259rik\u201d.<br \/>\nY\u00fcz e\u015fitm\u0259kd\u0259ns\u0259&#8230;<\/p>\n<p>Qafqaz Alban m\u0259d\u0259niyy\u0259ti turizm mar\u015frutunun yarad\u0131lmas\u0131 iqtisadiyyat\u0131m\u0131za da faydal\u0131 olacaq. Sad\u0259c\u0259, turistl\u0259ri c\u0259lb etm\u0259k, tariximizl\u0259 ba\u011fl\u0131 m\u0259lumatland\u0131rmaq, h\u0259qiq\u0259tl\u0259rimiz\u0259 inand\u0131rmaq, Az\u0259rbaycan\u0131 tan\u0131tmaq \u00fc\u00e7\u00fcn ortaya m\u00fck\u0259mm\u0259l v\u0259 davaml\u0131 i\u015f qoyulmal\u0131d\u0131r. O zaman bu mar\u015frut turistl\u0259r \u00fc\u00e7\u00fcn \u201cy\u00fcz e\u015fitm\u0259kd\u0259ns\u0259, bir d\u0259f\u0259 g\u00f6rm\u0259k\u201d m\u0259s\u0259linin layiqli isbat\u0131, erm\u0259nil\u0259r\u0259 is\u0259 tutarl\u0131 cavab ola bil\u0259r&#8230;<\/p>\n","protected":false},"excerpt":{"rendered":"<p>Az\u0259rbaycan Turizm B\u00fcrosunun \u00fcz\u0259rind\u0259 tamamlama i\u015fl\u0259ri apard\u0131\u011f\u0131 yeni \u201cQafqaz Albaniyas\u0131 turizm mar\u015frutu\u201d yax\u0131n vaxtlarda ictimaiyy\u0259t\u0259 t\u0259qdim edil\u0259c\u0259k. Mar\u015frut Qafqaz Albaniyas\u0131n\u0131 ara\u015fd\u0131ran aliml\u0259rin m\u0259sl\u0259h\u0259t v\u0259 t\u00f6vsiy\u0259l\u0259ri \u0259sas\u0131nda haz\u0131rlan\u0131r. Q\u0259dim Albaniya tarixi il\u0259 ba\u011fl\u0131 ara\u015fd\u0131rmalar, arxeoloji n\u00fcmun\u0259l\u0259r bu d\u00f6vl\u0259tin Az\u0259rbaycan\u0131n tarixi ke\u00e7mi\u015finin uzun bir d\u00f6vr\u00fc il\u0259 ba\u011fl\u0131 oldu\u011funu ortaya \u00e7\u0131xarsa da, bu m\u00f6vzuda h\u0259llini tapmayan, m\u00fcbahis\u0259li m\u0259s\u0259l\u0259l\u0259r h\u0259l\u0259 d\u0259 qalmaqdad\u0131r. Ancaq Az\u0259rbaycan Turizm B\u00fcrosunun \u00fcz\u0259rind\u0259 tamamlama i\u015fl\u0259ri apard\u0131\u011f\u0131 \u201cQafqaz Albaniyas\u0131 turizm mar\u015frutu\u201d bu m\u00fcbahis\u0259l\u0259r\u0259 son qoya bil\u0259r. Qaraba\u011fla ba\u011fl\u0131 haz\u0131rlanan tematik mar\u015frutlardan biri olan \u201cAlban m\u0259d\u0259niyy\u0259tinin izi\u201d mar\u015frutunun yax\u0131n vaxtlarda ictimaiyy\u0259t\u0259 t\u0259qdim&hellip;<\/p>\n","protected":false},"author":2,"featured_media":412321,"comment_status":"closed","ping_status":"closed","sticky":false,"template":"","format":"standard","meta":{"om_disable_all_campaigns":false,"_monsterinsights_skip_tracking":false,"_monsterinsights_sitenote_active":false,"_monsterinsights_sitenote_note":"","_monsterinsights_sitenote_category":0},"categories":[26],"tags":[],"aioseo_notices":[],"gutentor_comment":0,"rttpg_featured_image_url":{"full":["https:\/\/arantv.az\/wp-content\/uploads\/2021\/12\/4edb3d11-68f8-4f1b-8885-88a4df3246b6.jpg",620,413,false],"landscape":["https:\/\/arantv.az\/wp-content\/uploads\/2021\/12\/4edb3d11-68f8-4f1b-8885-88a4df3246b6.jpg",620,413,false],"portraits":["https:\/\/arantv.az\/wp-content\/uploads\/2021\/12\/4edb3d11-68f8-4f1b-8885-88a4df3246b6.jpg",620,413,false],"thumbnail":["https:\/\/arantv.az\/wp-content\/uploads\/2021\/12\/4edb3d11-68f8-4f1b-8885-88a4df3246b6-500x280.jpg",500,280,true],"medium":["https:\/\/arantv.az\/wp-content\/uploads\/2021\/12\/4edb3d11-68f8-4f1b-8885-88a4df3246b6-548x365.jpg",548,365,true],"large":["https:\/\/arantv.az\/wp-content\/uploads\/2021\/12\/4edb3d11-68f8-4f1b-8885-88a4df3246b6.jpg",620,413,false],"1536x1536":["https:\/\/arantv.az\/wp-content\/uploads\/2021\/12\/4edb3d11-68f8-4f1b-8885-88a4df3246b6.jpg",620,413,false],"2048x2048":["https:\/\/arantv.az\/wp-content\/uploads\/2021\/12\/4edb3d11-68f8-4f1b-8885-88a4df3246b6.jpg",620,413,false],"post-thumbnail":["https:\/\/arantv.az\/wp-content\/uploads\/2021\/12\/4edb3d11-68f8-4f1b-8885-88a4df3246b6-240x172.jpg",240,172,true],"advps-thumb-one":["https:\/\/arantv.az\/wp-content\/uploads\/2021\/12\/4edb3d11-68f8-4f1b-8885-88a4df3246b6.jpg",620,413,false]},"rttpg_author":{"display_name":"V\u00fcsal Rafiqo\u011flu","author_link":"https:\/\/arantv.az\/?author=2"},"rttpg_comment":0,"rttpg_category":"<a href=\"https:\/\/arantv.az\/?cat=26\" rel=\"category\">Sosial<\/a>","rttpg_excerpt":"Az\u0259rbaycan Turizm B\u00fcrosunun \u00fcz\u0259rind\u0259 tamamlama i\u015fl\u0259ri apard\u0131\u011f\u0131 yeni \u201cQafqaz Albaniyas\u0131 turizm mar\u015frutu\u201d yax\u0131n vaxtlarda ictimaiyy\u0259t\u0259 t\u0259qdim edil\u0259c\u0259k. Mar\u015frut Qafqaz Albaniyas\u0131n\u0131 ara\u015fd\u0131ran aliml\u0259rin m\u0259sl\u0259h\u0259t v\u0259 t\u00f6vsiy\u0259l\u0259ri \u0259sas\u0131nda haz\u0131rlan\u0131r. Q\u0259dim Albaniya tarixi il\u0259 ba\u011fl\u0131 ara\u015fd\u0131rmalar, arxeoloji n\u00fcmun\u0259l\u0259r bu d\u00f6vl\u0259tin Az\u0259rbaycan\u0131n tarixi ke\u00e7mi\u015finin uzun bir d\u00f6vr\u00fc il\u0259 ba\u011fl\u0131 oldu\u011funu ortaya \u00e7\u0131xarsa da, bu m\u00f6vzuda h\u0259llini tapmayan, m\u00fcbahis\u0259li m\u0259s\u0259l\u0259l\u0259r&hellip;","_links":{"self":[{"href":"https:\/\/arantv.az\/index.php?rest_route=\/wp\/v2\/posts\/412320"}],"collection":[{"href":"https:\/\/arantv.az\/index.php?rest_route=\/wp\/v2\/posts"}],"about":[{"href":"https:\/\/arantv.az\/index.php?rest_route=\/wp\/v2\/types\/post"}],"author":[{"embeddable":true,"href":"https:\/\/arantv.az\/index.php?rest_route=\/wp\/v2\/users\/2"}],"replies":[{"embeddable":true,"href":"https:\/\/arantv.az\/index.php?rest_route=%2Fwp%2Fv2%2Fcomments&post=412320"}],"version-history":[{"count":0,"href":"https:\/\/arantv.az\/index.php?rest_route=\/wp\/v2\/posts\/412320\/revisions"}],"wp:featuredmedia":[{"embeddable":true,"href":"https:\/\/arantv.az\/index.php?rest_route=\/wp\/v2\/media\/412321"}],"wp:attachment":[{"href":"https:\/\/arantv.az\/index.php?rest_route=%2Fwp%2Fv2%2Fmedia&parent=412320"}],"wp:term":[{"taxonomy":"category","embeddable":true,"href":"https:\/\/arantv.az\/index.php?rest_route=%2Fwp%2Fv2%2Fcategories&post=412320"},{"taxonomy":"post_tag","embeddable":true,"href":"https:\/\/arantv.az\/index.php?rest_route=%2Fwp%2Fv2%2Ftags&post=412320"}],"curies":[{"name":"wp","href":"https:\/\/api.w.org\/{rel}","templated":true}]}}