{"id":412323,"date":"2021-12-04T19:20:17","date_gmt":"2021-12-04T16:20:17","guid":{"rendered":"http:\/\/arantv.az\/?p=412323"},"modified":"2021-12-04T19:20:17","modified_gmt":"2021-12-04T16:20:17","slug":"%c9%99r%c9%99b-olk%c9%99l%c9%99rinin-kiv-l%c9%99rind%c9%99-mehriban-%c9%99liyeva-haqqinda-m%c9%99qal%c9%99-gund%c9%99m-olub-foto","status":"publish","type":"post","link":"https:\/\/arantv.az\/?p=412323","title":{"rendered":"\u018fr\u0259b \u00f6lk\u0259l\u0259rinin K\u0130V-l\u0259rind\u0259 Mehriban \u018fliyeva haqq\u0131nda m\u0259qal\u0259 g\u00fcnd\u0259m olub &#8211; FOTO"},"content":{"rendered":"<p>\u015e\u0259rq\u015f\u00fcnas H\u0259\u015fim M\u0259mm\u0259dovun Az\u0259rbaycan Respublikas\u0131n\u0131n Birinci vitse-prezidenti Mehriban \u018fliyeva haqq\u0131nda m\u0259qal\u0259si \u0259r\u0259b \u00f6lk\u0259l\u0259rinin K\u0130V-l\u0259rind\u0259 g\u00fcnd\u0259m olub.<\/p>\n<p>Bel\u0259 ki,\u00a0H\u0259\u015fim M\u0259mm\u0259dovun \u201cMehriban \u018fliyeva: Avrasiyan\u0131n nadir \u015f\u0259xsiyy\u0259ti\u201d adl\u0131 m\u0259qal\u0259si Misir (elalmelarby.com, alqraralaraby.com, aldiplomasy.com, almsaey.akhbarelyom.com), \u0130ordaniya (alanbatnews.net, nayrouz.com, shaabnews.co), M\u0259rake\u015f (alqalamlhor.com) v\u0259 \u018flc\u0259zair (dzayerinfo.com) saytlar\u0131nda d\u0259rc olunub.<\/p>\n<p>M\u00fc\u0259llif yaz\u0131da qeyd edib ki, Mehriban \u018fliyeva az\u0259rbaycanl\u0131lar \u00fc\u00e7\u00fcn fenomenal \u015f\u0259xsiyy\u0259tdir:<\/p>\n<div id=\"AdviadNativeVideo0\" class=\"AdviadNativeVideo\"><\/div>\n<p>\u201c\u0130st\u0259r Birinci vitse-prezident kimi f\u0259aliyy\u0259tind\u0259, ist\u0259r h\u0259yata ke\u00e7irdiyi sosial layih\u0259l\u0259rd\u0259, ist\u0259r t\u0259\u015fkilat\u00e7\u0131l\u0131qda Mehriban \u018fliyeva h\u0259mi\u015f\u0259 u\u011furlu olur. Onun bu u\u011furunun sirri is\u0259 b\u00fct\u00fcn f\u0259aliyy\u0259tind\u0259 insan faktorunun \u00f6n planda olmas\u0131d\u0131r.<\/p>\n<p>Mehriban \u018fliyeva u\u011furlu diplomatd\u0131r, v\u0259t\u0259nda\u015flar\u0131n daim yan\u0131nda olan \u015f\u0259xsdir, m\u0259d\u0259niyy\u0259tin qoruyucusu, t\u0259bli\u011fat\u00e7\u0131s\u0131d\u0131r, v\u0259t\u0259ninin d\u00fcnyada tan\u0131d\u0131lmas\u0131 \u00fc\u00e7\u00fcn n\u0259h\u0259ng layih\u0259l\u0259rin t\u0259\u015f\u0259bb\u00fcskar\u0131 v\u0259 m\u00fc\u0259llifidir. Mehriban \u018fliyevan\u0131 fenomenal ed\u0259n x\u00fcsusiyy\u0259tl\u0259ri says\u0131z-hesabs\u0131zd\u0131r.<\/p>\n<p>Lakin onun f\u0259aliyy\u0259ti t\u0259kc\u0259 Az\u0259rbaycan\u0131n s\u0259rh\u0259dl\u0259ri il\u0259 m\u0259hdudla\u015fm\u0131r, \u0259ksin\u0259, bir \u00e7ox hallarda Az\u0259rbaycan\u0131 m\u0259hz Mehriban \u018fliyevan\u0131n g\u00f6rd\u00fcy\u00fc i\u015fl\u0259rl\u0259 d\u00fcnyada tan\u0131y\u0131rlar\u201d.<\/p>\n<p>M\u0259qal\u0259d\u0259 bildirilir ki, Mehriban \u018fliyeva f\u0259aliyy\u0259ti boyunca h\u0259mi\u015f\u0259 \u00f6z sad\u0259liyi, el\u0259c\u0259 d\u0259 d\u0259qiq v\u0259 s\u0259lisliyi il\u0259 se\u00e7ilib:<\/p>\n<p>\u201c\u0130nam h\u0259yat\u0131n b\u00fct\u00fcn sah\u0259l\u0259rind\u0259 \u0259sas amildir, siyas\u0259td\u0259 is\u0259 onsuz n\u0259y\u0259s\u0259 nail olmaq \u00e7\u0259tindir. Lakin h\u0259r bir siyas\u0259t\u00e7i bunu qazanmal\u0131, \u00f6z \u0259m\u0259li il\u0259 \u0259ld\u0259 etm\u0259lidir. Mehriban \u018fliyeva bu inam\u0131 Az\u0259rbaycan namin\u0259, Az\u0259rbaycan insan\u0131n\u0131n yax\u015f\u0131 ya\u015famas\u0131 v\u0259 xo\u015fb\u0259xt g\u0259l\u0259c\u0259y\u0259 sahib olmas\u0131 namin\u0259 Prezident \u0130lham \u018fliyevl\u0259 \u00e7iyin-\u00e7iyin\u0259 add\u0131mlayark\u0259n qazan\u0131b.<\/p>\n<p>Mehriban \u018fliyevan\u0131n f\u0259aliyy\u0259tin\u0259, g\u00f6rd\u00fcy\u00fc i\u015fl\u0259rin ki\u00e7ik bir qismin\u0259 n\u0259z\u0259r\u00a0sald\u0131qda h\u0259r \u015fey \u0259yani \u015f\u0259kild\u0259 ortaya \u00e7\u0131x\u0131r\u201d.<\/p>\n<p>Yaz\u0131da Heyd\u0259r \u018fliyev Fondunun Mehriban \u018fliyevan\u0131n r\u0259hb\u0259rliyi il\u0259 Az\u0259rbaycan tarixinin, m\u0259d\u0259niyy\u0259tinin qorunmas\u0131n\u0131, xaricd\u0259 t\u0259bli\u011f edilm\u0259si, h\u0259m\u00e7inin\u00a0\u00f6lk\u0259nin m\u00fcxt\u0259lif sferalar\u0131nda h\u0259yata ke\u00e7irdiyi layih\u0259l\u0259r haqq\u0131nda m\u0259lumat verilib.<\/p>\n<p>&nbsp;<\/p>\n<div class=\"gallery\">\n<div class=\"gallery-i\"><img src=\"https:\/\/cdn.oxu.az\/uploads\/W1siZiIsIjIwMjEvMTIvMDQvMTcvMTgvNTEvMWZmYzAyODUtNGEwYy00N2IyLTk5MjQtNzE5ZDk5NWU0NmEyLzI2MzM5OTI4OF82MDE5ODAzNTQxOTE2MDBfMzI2NjMxOTYxNTQyNjMxMzg2MF9uLmpwZyJdLFsicCIsImVuY29kZSIsImpwZyIsIi1xdWFsaXR5IDgwIl0sWyJwIiwidGh1bWIiLCI1OTB4NTkwXHUwMDNlIl1d?sha=8c346b6bedbd0c21\" alt=\"\" \/><\/div>\n<\/div>\n","protected":false},"excerpt":{"rendered":"<p>\u015e\u0259rq\u015f\u00fcnas H\u0259\u015fim M\u0259mm\u0259dovun Az\u0259rbaycan Respublikas\u0131n\u0131n Birinci vitse-prezidenti Mehriban \u018fliyeva haqq\u0131nda m\u0259qal\u0259si \u0259r\u0259b \u00f6lk\u0259l\u0259rinin K\u0130V-l\u0259rind\u0259 g\u00fcnd\u0259m olub. Bel\u0259 ki,\u00a0H\u0259\u015fim M\u0259mm\u0259dovun \u201cMehriban \u018fliyeva: Avrasiyan\u0131n nadir \u015f\u0259xsiyy\u0259ti\u201d adl\u0131 m\u0259qal\u0259si Misir (elalmelarby.com, alqraralaraby.com, aldiplomasy.com, almsaey.akhbarelyom.com), \u0130ordaniya (alanbatnews.net, nayrouz.com, shaabnews.co), M\u0259rake\u015f (alqalamlhor.com) v\u0259 \u018flc\u0259zair (dzayerinfo.com) saytlar\u0131nda d\u0259rc olunub. M\u00fc\u0259llif yaz\u0131da qeyd edib ki, Mehriban \u018fliyeva az\u0259rbaycanl\u0131lar \u00fc\u00e7\u00fcn fenomenal \u015f\u0259xsiyy\u0259tdir: \u201c\u0130st\u0259r Birinci vitse-prezident kimi f\u0259aliyy\u0259tind\u0259, ist\u0259r h\u0259yata ke\u00e7irdiyi sosial layih\u0259l\u0259rd\u0259, ist\u0259r t\u0259\u015fkilat\u00e7\u0131l\u0131qda Mehriban \u018fliyeva h\u0259mi\u015f\u0259 u\u011furlu olur. Onun bu u\u011furunun sirri is\u0259 b\u00fct\u00fcn f\u0259aliyy\u0259tind\u0259 insan faktorunun \u00f6n planda olmas\u0131d\u0131r. Mehriban \u018fliyeva u\u011furlu diplomatd\u0131r, v\u0259t\u0259nda\u015flar\u0131n daim yan\u0131nda&hellip;<\/p>\n","protected":false},"author":2,"featured_media":412324,"comment_status":"closed","ping_status":"closed","sticky":false,"template":"","format":"standard","meta":{"om_disable_all_campaigns":false,"_monsterinsights_skip_tracking":false,"_monsterinsights_sitenote_active":false,"_monsterinsights_sitenote_note":"","_monsterinsights_sitenote_category":0},"categories":[4],"tags":[],"aioseo_notices":[],"gutentor_comment":0,"rttpg_featured_image_url":{"full":["https:\/\/arantv.az\/wp-content\/uploads\/2021\/12\/878428c1-c934-47a6-9897-9449a1fbcf32.jpg",620,413,false],"landscape":["https:\/\/arantv.az\/wp-content\/uploads\/2021\/12\/878428c1-c934-47a6-9897-9449a1fbcf32.jpg",620,413,false],"portraits":["https:\/\/arantv.az\/wp-content\/uploads\/2021\/12\/878428c1-c934-47a6-9897-9449a1fbcf32.jpg",620,413,false],"thumbnail":["https:\/\/arantv.az\/wp-content\/uploads\/2021\/12\/878428c1-c934-47a6-9897-9449a1fbcf32-500x280.jpg",500,280,true],"medium":["https:\/\/arantv.az\/wp-content\/uploads\/2021\/12\/878428c1-c934-47a6-9897-9449a1fbcf32-548x365.jpg",548,365,true],"large":["https:\/\/arantv.az\/wp-content\/uploads\/2021\/12\/878428c1-c934-47a6-9897-9449a1fbcf32.jpg",620,413,false],"1536x1536":["https:\/\/arantv.az\/wp-content\/uploads\/2021\/12\/878428c1-c934-47a6-9897-9449a1fbcf32.jpg",620,413,false],"2048x2048":["https:\/\/arantv.az\/wp-content\/uploads\/2021\/12\/878428c1-c934-47a6-9897-9449a1fbcf32.jpg",620,413,false],"post-thumbnail":["https:\/\/arantv.az\/wp-content\/uploads\/2021\/12\/878428c1-c934-47a6-9897-9449a1fbcf32-240x172.jpg",240,172,true],"advps-thumb-one":["https:\/\/arantv.az\/wp-content\/uploads\/2021\/12\/878428c1-c934-47a6-9897-9449a1fbcf32.jpg",620,413,false]},"rttpg_author":{"display_name":"V\u00fcsal Rafiqo\u011flu","author_link":"https:\/\/arantv.az\/?author=2"},"rttpg_comment":0,"rttpg_category":"<a href=\"https:\/\/arantv.az\/?cat=4\" rel=\"category\">Siyas\u0259t<\/a>","rttpg_excerpt":"\u015e\u0259rq\u015f\u00fcnas H\u0259\u015fim M\u0259mm\u0259dovun Az\u0259rbaycan Respublikas\u0131n\u0131n Birinci vitse-prezidenti Mehriban \u018fliyeva haqq\u0131nda m\u0259qal\u0259si \u0259r\u0259b \u00f6lk\u0259l\u0259rinin K\u0130V-l\u0259rind\u0259 g\u00fcnd\u0259m olub. Bel\u0259 ki,\u00a0H\u0259\u015fim M\u0259mm\u0259dovun \u201cMehriban \u018fliyeva: Avrasiyan\u0131n nadir \u015f\u0259xsiyy\u0259ti\u201d adl\u0131 m\u0259qal\u0259si Misir (elalmelarby.com, alqraralaraby.com, aldiplomasy.com, almsaey.akhbarelyom.com), \u0130ordaniya (alanbatnews.net, nayrouz.com, shaabnews.co), M\u0259rake\u015f (alqalamlhor.com) v\u0259 \u018flc\u0259zair (dzayerinfo.com) saytlar\u0131nda d\u0259rc olunub. M\u00fc\u0259llif yaz\u0131da qeyd edib ki, Mehriban \u018fliyeva az\u0259rbaycanl\u0131lar \u00fc\u00e7\u00fcn fenomenal \u015f\u0259xsiyy\u0259tdir: \u201c\u0130st\u0259r&hellip;","_links":{"self":[{"href":"https:\/\/arantv.az\/index.php?rest_route=\/wp\/v2\/posts\/412323"}],"collection":[{"href":"https:\/\/arantv.az\/index.php?rest_route=\/wp\/v2\/posts"}],"about":[{"href":"https:\/\/arantv.az\/index.php?rest_route=\/wp\/v2\/types\/post"}],"author":[{"embeddable":true,"href":"https:\/\/arantv.az\/index.php?rest_route=\/wp\/v2\/users\/2"}],"replies":[{"embeddable":true,"href":"https:\/\/arantv.az\/index.php?rest_route=%2Fwp%2Fv2%2Fcomments&post=412323"}],"version-history":[{"count":0,"href":"https:\/\/arantv.az\/index.php?rest_route=\/wp\/v2\/posts\/412323\/revisions"}],"wp:featuredmedia":[{"embeddable":true,"href":"https:\/\/arantv.az\/index.php?rest_route=\/wp\/v2\/media\/412324"}],"wp:attachment":[{"href":"https:\/\/arantv.az\/index.php?rest_route=%2Fwp%2Fv2%2Fmedia&parent=412323"}],"wp:term":[{"taxonomy":"category","embeddable":true,"href":"https:\/\/arantv.az\/index.php?rest_route=%2Fwp%2Fv2%2Fcategories&post=412323"},{"taxonomy":"post_tag","embeddable":true,"href":"https:\/\/arantv.az\/index.php?rest_route=%2Fwp%2Fv2%2Ftags&post=412323"}],"curies":[{"name":"wp","href":"https:\/\/api.w.org\/{rel}","templated":true}]}}