{"id":412351,"date":"2021-12-05T06:09:57","date_gmt":"2021-12-05T03:09:57","guid":{"rendered":"http:\/\/arantv.az\/?p=412351"},"modified":"2021-12-05T06:09:57","modified_gmt":"2021-12-05T03:09:57","slug":"az%c9%99rbaycan-h%c9%99rbi-qulluqcumuza-hucum-zamani-z%c9%99r%c9%99rsizl%c9%99sdiril%c9%99n-diversantin-c%c9%99s%c9%99dini-erm%c9%99nistana-t%c9%99hvil-verdi","status":"publish","type":"post","link":"https:\/\/arantv.az\/?p=412351","title":{"rendered":"Az\u0259rbaycan h\u0259rbi qulluq\u00e7umuza h\u00fccum zaman\u0131 z\u0259r\u0259rsizl\u0259\u015fdiril\u0259n diversant\u0131n c\u0259s\u0259dini Erm\u0259nistana t\u0259hvil verdi"},"content":{"rendered":"<p>Xocav\u0259nd rayonu \u0259razisind\u0259 Az\u0259rbaycan Ordusunun m\u00f6vqel\u0259rind\u0259n birind\u0259 d\u00f6y\u00fc\u015f n\u00f6vb\u0259t\u00e7iliyi aparan h\u0259rbi qulluq\u00e7umuza h\u00fccum ed\u0259rk\u0259n z\u0259r\u0259rsizl\u0259\u015fdiril\u0259n erm\u0259ni t\u0259xribat\u00e7\u0131n\u0131n c\u0259s\u0259di Erm\u0259nistana t\u0259hvil verilib.<\/p>\n<p>Bunu Trend-\u0259 a\u00e7\u0131qlamas\u0131nda Az\u0259rbaycanl\u0131 \u018fsir v\u0259 Girovlarla ba\u011fl\u0131 M\u0259lumat M\u0259rk\u0259zinin koordinatoru \u018fhm\u0259d \u015eahidov deyib.<\/p>\n<p>O bildirib ki, erm\u0259ni h\u0259rbi t\u0259xribat\u00e7\u0131s\u0131 Seyran Sarkisyan\u0131n meyiti Az\u0259rbaycan \u0259razisind\u0259 m\u00fcv\u0259qq\u0259ti yerl\u0259\u015fdiril\u0259n Rusiya s\u00fclm\u0259raml\u0131lar\u0131n\u0131n i\u015ftirak\u0131 il\u0259 Q\u0131rm\u0131z\u0131 bazar \u0259razisind\u0259n qar\u015f\u0131 t\u0259r\u0259f\u0259 verilib.<\/p>\n","protected":false},"excerpt":{"rendered":"<p>Xocav\u0259nd rayonu \u0259razisind\u0259 Az\u0259rbaycan Ordusunun m\u00f6vqel\u0259rind\u0259n birind\u0259 d\u00f6y\u00fc\u015f n\u00f6vb\u0259t\u00e7iliyi aparan h\u0259rbi qulluq\u00e7umuza h\u00fccum ed\u0259rk\u0259n z\u0259r\u0259rsizl\u0259\u015fdiril\u0259n erm\u0259ni t\u0259xribat\u00e7\u0131n\u0131n c\u0259s\u0259di Erm\u0259nistana t\u0259hvil verilib. Bunu Trend-\u0259 a\u00e7\u0131qlamas\u0131nda Az\u0259rbaycanl\u0131 \u018fsir v\u0259 Girovlarla ba\u011fl\u0131 M\u0259lumat M\u0259rk\u0259zinin koordinatoru \u018fhm\u0259d \u015eahidov deyib. O bildirib ki, erm\u0259ni h\u0259rbi t\u0259xribat\u00e7\u0131s\u0131 Seyran Sarkisyan\u0131n meyiti Az\u0259rbaycan \u0259razisind\u0259 m\u00fcv\u0259qq\u0259ti yerl\u0259\u015fdiril\u0259n Rusiya s\u00fclm\u0259raml\u0131lar\u0131n\u0131n i\u015ftirak\u0131 il\u0259 Q\u0131rm\u0131z\u0131 bazar \u0259razisind\u0259n qar\u015f\u0131 t\u0259r\u0259f\u0259 verilib.<\/p>\n","protected":false},"author":2,"featured_media":412352,"comment_status":"closed","ping_status":"closed","sticky":false,"template":"","format":"standard","meta":{"om_disable_all_campaigns":false,"_monsterinsights_skip_tracking":false,"_monsterinsights_sitenote_active":false,"_monsterinsights_sitenote_note":"","_monsterinsights_sitenote_category":0},"categories":[10],"tags":[],"aioseo_notices":[],"gutentor_comment":0,"rttpg_featured_image_url":{"full":["https:\/\/arantv.az\/wp-content\/uploads\/2021\/12\/FotoJet-2021-12-04T234400.836.jpg",620,413,false],"landscape":["https:\/\/arantv.az\/wp-content\/uploads\/2021\/12\/FotoJet-2021-12-04T234400.836.jpg",620,413,false],"portraits":["https:\/\/arantv.az\/wp-content\/uploads\/2021\/12\/FotoJet-2021-12-04T234400.836.jpg",620,413,false],"thumbnail":["https:\/\/arantv.az\/wp-content\/uploads\/2021\/12\/FotoJet-2021-12-04T234400.836-500x280.jpg",500,280,true],"medium":["https:\/\/arantv.az\/wp-content\/uploads\/2021\/12\/FotoJet-2021-12-04T234400.836-548x365.jpg",548,365,true],"large":["https:\/\/arantv.az\/wp-content\/uploads\/2021\/12\/FotoJet-2021-12-04T234400.836.jpg",620,413,false],"1536x1536":["https:\/\/arantv.az\/wp-content\/uploads\/2021\/12\/FotoJet-2021-12-04T234400.836.jpg",620,413,false],"2048x2048":["https:\/\/arantv.az\/wp-content\/uploads\/2021\/12\/FotoJet-2021-12-04T234400.836.jpg",620,413,false],"post-thumbnail":["https:\/\/arantv.az\/wp-content\/uploads\/2021\/12\/FotoJet-2021-12-04T234400.836-240x172.jpg",240,172,true],"advps-thumb-one":["https:\/\/arantv.az\/wp-content\/uploads\/2021\/12\/FotoJet-2021-12-04T234400.836.jpg",620,413,false]},"rttpg_author":{"display_name":"V\u00fcsal Rafiqo\u011flu","author_link":"https:\/\/arantv.az\/?author=2"},"rttpg_comment":0,"rttpg_category":"<a href=\"https:\/\/arantv.az\/?cat=10\" rel=\"category\">C\u0259bh\u0259d\u0259n X\u0259b\u0259r<\/a>","rttpg_excerpt":"Xocav\u0259nd rayonu \u0259razisind\u0259 Az\u0259rbaycan Ordusunun m\u00f6vqel\u0259rind\u0259n birind\u0259 d\u00f6y\u00fc\u015f n\u00f6vb\u0259t\u00e7iliyi aparan h\u0259rbi qulluq\u00e7umuza h\u00fccum ed\u0259rk\u0259n z\u0259r\u0259rsizl\u0259\u015fdiril\u0259n erm\u0259ni t\u0259xribat\u00e7\u0131n\u0131n c\u0259s\u0259di Erm\u0259nistana t\u0259hvil verilib. Bunu Trend-\u0259 a\u00e7\u0131qlamas\u0131nda Az\u0259rbaycanl\u0131 \u018fsir v\u0259 Girovlarla ba\u011fl\u0131 M\u0259lumat M\u0259rk\u0259zinin koordinatoru \u018fhm\u0259d \u015eahidov deyib. O bildirib ki, erm\u0259ni h\u0259rbi t\u0259xribat\u00e7\u0131s\u0131 Seyran Sarkisyan\u0131n meyiti Az\u0259rbaycan \u0259razisind\u0259 m\u00fcv\u0259qq\u0259ti yerl\u0259\u015fdiril\u0259n Rusiya s\u00fclm\u0259raml\u0131lar\u0131n\u0131n i\u015ftirak\u0131 il\u0259 Q\u0131rm\u0131z\u0131 bazar \u0259razisind\u0259n&hellip;","_links":{"self":[{"href":"https:\/\/arantv.az\/index.php?rest_route=\/wp\/v2\/posts\/412351"}],"collection":[{"href":"https:\/\/arantv.az\/index.php?rest_route=\/wp\/v2\/posts"}],"about":[{"href":"https:\/\/arantv.az\/index.php?rest_route=\/wp\/v2\/types\/post"}],"author":[{"embeddable":true,"href":"https:\/\/arantv.az\/index.php?rest_route=\/wp\/v2\/users\/2"}],"replies":[{"embeddable":true,"href":"https:\/\/arantv.az\/index.php?rest_route=%2Fwp%2Fv2%2Fcomments&post=412351"}],"version-history":[{"count":0,"href":"https:\/\/arantv.az\/index.php?rest_route=\/wp\/v2\/posts\/412351\/revisions"}],"wp:featuredmedia":[{"embeddable":true,"href":"https:\/\/arantv.az\/index.php?rest_route=\/wp\/v2\/media\/412352"}],"wp:attachment":[{"href":"https:\/\/arantv.az\/index.php?rest_route=%2Fwp%2Fv2%2Fmedia&parent=412351"}],"wp:term":[{"taxonomy":"category","embeddable":true,"href":"https:\/\/arantv.az\/index.php?rest_route=%2Fwp%2Fv2%2Fcategories&post=412351"},{"taxonomy":"post_tag","embeddable":true,"href":"https:\/\/arantv.az\/index.php?rest_route=%2Fwp%2Fv2%2Ftags&post=412351"}],"curies":[{"name":"wp","href":"https:\/\/api.w.org\/{rel}","templated":true}]}}