{"id":412354,"date":"2021-12-05T06:10:47","date_gmt":"2021-12-05T03:10:47","guid":{"rendered":"http:\/\/arantv.az\/?p=412354"},"modified":"2021-12-05T06:10:47","modified_gmt":"2021-12-05T03:10:47","slug":"leyla-%c9%99liyeva-bir-milyon-agac-%c9%99kil%c9%99n-yasil-marafona-yekun-vurdu-foto","status":"publish","type":"post","link":"https:\/\/arantv.az\/?p=412354","title":{"rendered":"Leyla \u018fliyeva bir milyon a\u011fac \u0259kil\u0259n \u201cYa\u015f\u0131l Marafon\u201da yekun vurdu &#8211; FOTO"},"content":{"rendered":"<p>Dekabr\u0131n 4-d\u0259 Heyd\u0259r \u018fliyev Fondunun vitse-prezidenti, IDEA \u0130ctimai Birliyinin t\u0259sis\u00e7isi v\u0259 r\u0259hb\u0259ri Leyla \u018fliyevan\u0131n i\u015ftirak\u0131 il\u0259 Ab\u015feron Milli Park\u0131nda 2021-ci il \u201c\u00dcmumrespublika Ya\u015f\u0131lla\u015fd\u0131rma Marafonu\u201dnun \u00a0(\u201cYa\u015f\u0131l Marafon\u201d) yekun a\u011fac\u0259km\u0259 aksiyas\u0131 v\u0259 BMT \u0130nki\u015faf Proqram\u0131n\u0131n EU4Climate layih\u0259si \u00e7\u0259r\u00e7iv\u0259sind\u0259 veloy\u00fcr\u00fc\u015f kecirilib.<\/p>\n<p>T\u0259dbird\u0259 Az\u0259rbaycan Respublikas\u0131n\u0131n ekologiya v\u0259 t\u0259bii s\u0259rv\u0259tl\u0259r naziri Muxtar Babayev, Az\u0259rbaycan Respublikas\u0131n\u0131n m\u00fcdafi\u0259 s\u0259nayesi naziri, Az\u0259rbaycan Velosiped \u0130dman\u0131 Federasiyas\u0131n\u0131n prezidenti M\u0259d\u0259t Quliyev, el\u0259c\u0259 d\u0259 Birl\u0259\u015fmi\u015f Mill\u0259tl\u0259r T\u0259\u015fkilat\u0131, Avropa \u0130ttifaq\u0131 v\u0259 Beyn\u0259lxalq Miqrasiya T\u0259\u015fkilat\u0131n\u0131n n\u00fcmay\u0259nd\u0259l\u0259ri, B\u00f6y\u00fck Britaniya, Bel\u00e7ika, Tacikistan, Bolqar\u0131stan, Yunan\u0131stan v\u0259 \u0130srailin Az\u0259rbaycandak\u0131 f\u00f6vqalad\u0259 v\u0259 s\u0259lahiyy\u0259tli s\u0259firl\u0259ri v\u0259 diplomatik korpusun dig\u0259r n\u00fcmay\u0259nd\u0259l\u0259ri i\u015ftirak edib.<\/p>\n<p>T\u0259dbir zaman\u0131 2021-ci il \u201cYa\u015f\u0131l Marafon\u201dnunun 1 milyonuncu a\u011fac\u0131 \u0259kil\u0259r\u0259k a\u011fac\u0259km\u0259 kampaniyas\u0131 ba\u015fa \u00e7atd\u0131r\u0131l\u0131b.<\/p>\n<p>Qeyd edilm\u0259lidir ki, \u201cYa\u015f\u0131l Marafon\u201d kampaniyas\u0131 \u00e7\u0259r\u00e7iv\u0259sind\u0259 cari ilin yaz v\u0259 pay\u0131z m\u00f6vs\u00fcml\u0259ri zaman\u0131 \u00f6lk\u0259 boyu k\u00fctl\u0259vi a\u011fac\u0259km\u0259 aksiyalar\u0131 ke\u00e7irilib. IDEA \u0130ctimai Birliyi v\u0259 Ekologiya v\u0259 T\u0259bii S\u0259rv\u0259tl\u0259r Nazirliyi t\u0259r\u0259find\u0259n birg\u0259 h\u0259yata ke\u00e7iril\u0259n aksiyalar zaman\u0131 iyd\u0259, \u015fam, f\u0131st\u0131q, s\u0259rv, akasiya, a\u011fcaqay\u0131n, g\u00f6yr\u00fc\u015f, qoz, pal\u0131d, \u015fabal\u0131d, zeytun v\u0259 s. yerli cinsl\u0259rd\u0259n olmaqla m\u00fcxt\u0259lif \u0259razil\u0259rin torpaq-iqlim \u015f\u0259raitin\u0259 m\u00fcvafiq qaydada a\u011faclar \u0259kilib.<\/p>\n<p>IDEA \u0130ctimai Birliyi v\u0259 Ekologiya v\u0259 T\u0259bii S\u0259rv\u0259tl\u0259r Nazirliyinin birg\u0259 t\u0259\u015fkilat\u00e7\u0131l\u0131\u011f\u0131 il\u0259 ke\u00e7iril\u0259n kampaniyan\u0131n \u0259sas m\u0259qs\u0259di \u00f6lk\u0259mizin ya\u015f\u0131ll\u0131q sah\u0259l\u0259rini art\u0131rmaq, a\u011fac \u0259kilm\u0259sini t\u0259\u015fviq ed\u0259r\u0259k \u0259traf m\u00fchitin m\u00fchafiz\u0259sin\u0259 v\u0259 ya\u015f\u0131ll\u0131qlar\u0131n qorunmas\u0131 il\u0259 ba\u011fl\u0131 maarifl\u0259ndirm\u0259y\u0259 t\u00f6hf\u0259 verm\u0259kdir.<\/p>\n<p>Avropa \u0130ttifaq\u0131 t\u0259r\u0259find\u0259n maliyy\u0259l\u0259\u015fdiril\u0259n EU4Climate regional layih\u0259sinin m\u0259qs\u0259di Paris Sazi\u015fin\u0259 uy\u011fun olaraq t\u0259r\u0259fda\u015f \u00f6lk\u0259l\u0259rd\u0259 iqlim d\u0259yi\u015fm\u0259l\u0259ri t\u0259sirl\u0259rin\u0259 dayan\u0131ql\u0131 v\u0259 a\u015fa\u011f\u0131 emissiyal\u0131 h\u0259d\u0259fl\u0259rin qanunvericiliy\u0259 inteqrasiyas\u0131na v\u0259 h\u0259yata ke\u00e7irilm\u0259sin\u0259 d\u0259st\u0259k g\u00f6st\u0259rm\u0259kdir. Ab\u015feron Milli Park\u0131nda ke\u00e7iril\u0259n veloy\u00fcr\u00fc\u015f, dig\u0259r t\u0259dbirl\u0259rl\u0259 yana\u015f\u0131, s\u00f6z\u00fcged\u0259n layih\u0259 \u00e7\u0259r\u00e7iv\u0259sind\u0259 \u00f6lk\u0259mizd\u0259 t\u0259miz n\u0259qliyyat\u0131n t\u0259bli\u011f edilm\u0259si v\u0259 Avropa N\u0259qliyyat H\u0259ft\u0259sinin (European Mobility Week) qeyd olunmas\u0131 m\u0259qs\u0259dil\u0259 t\u0259\u015fkil edilib.<\/p>\n<p>Ab\u015feron Milli park\u0131nda ke\u00e7iril\u0259n ekoloji t\u0259dbir cari ilin noyabr ay\u0131nda Qlazqoda ke\u00e7irilmi\u015f BMT-nin \u0130qlim D\u0259yi\u015fm\u0259l\u0259ri \u00fczr\u0259 \u00c7\u0259r\u00e7iv\u0259 Konvensiyas\u0131 T\u0259r\u0259fl\u0259ri Konfrans\u0131n\u0131n 26-c\u0131 sessiyas\u0131nda atmosferd\u0259 istixana qaz\u0131 tullant\u0131lar\u0131n\u0131n azald\u0131lmas\u0131na dair qar\u015f\u0131ya qoyulan h\u0259d\u0259fl\u0259r \u00fczr\u0259 qlobal s\u0259yl\u0259r\u0259 d\u0259st\u0259k xarakteri da\u015f\u0131y\u0131r.<\/p>\n<p>IDEA \u0130ctimai Birliyi b\u00fct\u00fcn d\u00fcnyada Planetimizin m\u00fchafiz\u0259si il\u0259 ba\u011fl\u0131 bu c\u00fcr k\u0259skin m\u00fcbariz\u0259nin apar\u0131ld\u0131\u011f\u0131 bir vaxtda h\u0259r k\u0259si \u00f6z \u00fcz\u0259rin\u0259 d\u00fc\u015f\u0259n v\u0259zif\u0259ni yerin\u0259 yetirm\u0259y\u0259, \u0259traf m\u00fchiti qoruma\u011fa, ya\u015f\u0131ll\u0131qlar\u0131n art\u0131r\u0131lmas\u0131na t\u00f6hf\u0259 verm\u0259y\u0259 \u00e7a\u011f\u0131r\u0131r.<\/p>\n<p>&nbsp;<\/p>\n<div class=\"gallery\">\n<div class=\"gallery-i\"><img src=\"https:\/\/cdn.oxu.az\/uploads\/W1siZiIsIjIwMjEvMTIvMDQvMjIvMDgvMzIvZWEwZmNlZTYtMGVkMC00ZjU3LWEyNGUtMzJiNzdiMTJjOGExLzAwNy5qcGciXSxbInAiLCJlbmNvZGUiLCJqcGciLCItcXVhbGl0eSA4MCJdLFsicCIsInRodW1iIiwiNTkweDU5MFx1MDAzZSJdXQ?sha=b5b36346c8e600b7\" alt=\"\" \/><\/p>\n<div class=\"gallery-i-caption\"><\/div>\n<\/div>\n<div class=\"gallery-i\"><img src=\"https:\/\/cdn.oxu.az\/uploads\/W1siZiIsIjIwMjEvMTIvMDQvMjIvMDgvMzIvMTFjMGVmY2QtMmFhYy00YjVkLTgxMWEtNWFlNWM1MzU0NzE5LzAwNS5qcGciXSxbInAiLCJlbmNvZGUiLCJqcGciLCItcXVhbGl0eSA4MCJdLFsicCIsInRodW1iIiwiNTkweDU5MFx1MDAzZSJdXQ?sha=908bd34f33803c49\" alt=\"\" \/><\/p>\n<div class=\"gallery-i-caption\"><\/div>\n<\/div>\n<div class=\"gallery-i\"><img src=\"https:\/\/cdn.oxu.az\/uploads\/W1siZiIsIjIwMjEvMTIvMDQvMjIvMDgvMzIvYWRiM2VhNTMtNzhlMy00MTI3LWJkYWYtODNkNGI0MWI5ZDAzLzAwNC5qcGciXSxbInAiLCJlbmNvZGUiLCJqcGciLCItcXVhbGl0eSA4MCJdLFsicCIsInRodW1iIiwiNTkweDU5MFx1MDAzZSJdXQ?sha=4bd7decff23f767c\" alt=\"\" \/><\/p>\n<div class=\"gallery-i-caption\"><\/div>\n<\/div>\n<div class=\"gallery-i\"><img src=\"https:\/\/cdn.oxu.az\/uploads\/W1siZiIsIjIwMjEvMTIvMDQvMjIvMDgvMzMvZjg3YmEwOWYtY2QyMS00YTNhLWJjZGEtNjg1OGRmMGY2NmRhLzAwMi5qcGciXSxbInAiLCJlbmNvZGUiLCJqcGciLCItcXVhbGl0eSA4MCJdLFsicCIsInRodW1iIiwiNTkweDU5MFx1MDAzZSJdXQ?sha=24b317414354787b\" alt=\"\" \/><\/p>\n<div class=\"gallery-i-caption\"><\/div>\n<\/div>\n<div class=\"gallery-i\"><img src=\"https:\/\/cdn.oxu.az\/uploads\/W1siZiIsIjIwMjEvMTIvMDQvMjIvMDgvMzMvNTZlMzA4MWQtZDQ1My00N2JjLTk4ZjYtYzAzODUyNzUxNDE4LzAwMS5qcGciXSxbInAiLCJlbmNvZGUiLCJqcGciLCItcXVhbGl0eSA4MCJdLFsicCIsInRodW1iIiwiNTkweDU5MFx1MDAzZSJdXQ?sha=7fdc8349d0c2d25d\" alt=\"\" \/><\/p>\n<div class=\"gallery-i-caption\"><\/div>\n<\/div>\n<div class=\"gallery-i\"><img src=\"https:\/\/cdn.oxu.az\/uploads\/W1siZiIsIjIwMjEvMTIvMDQvMjIvMDkvMDkvOTA1ZWFlNzktMmMzZi00ODIxLWFkZGMtMTM5YjkzZDliOTQ1L0RKSV8wMDE0LmpwZyJdLFsicCIsImVuY29kZSIsImpwZyIsIi1xdWFsaXR5IDgwIl0sWyJwIiwidGh1bWIiLCI1OTB4NTkwXHUwMDNlIl1d?sha=06089ed50cdb551f\" alt=\"\" \/><\/p>\n<div class=\"gallery-i-caption\"><\/div>\n<\/div>\n<div class=\"gallery-i\"><img src=\"https:\/\/cdn.oxu.az\/uploads\/W1siZiIsIjIwMjEvMTIvMDQvMjIvMDkvMTAvMzAwYmUwYjgtNjI3OS00MzUxLWE1OWItNGU2YmQxMDc3ZWIzL0RKSV8wMDEzLmpwZyJdLFsicCIsImVuY29kZSIsImpwZyIsIi1xdWFsaXR5IDgwIl0sWyJwIiwidGh1bWIiLCI1OTB4NTkwXHUwMDNlIl1d?sha=0d7f58de4d1ca6b7\" alt=\"\" \/><\/p>\n<div class=\"gallery-i-caption\"><\/div>\n<\/div>\n<div class=\"gallery-i\"><img src=\"https:\/\/cdn.oxu.az\/uploads\/W1siZiIsIjIwMjEvMTIvMDQvMjIvMDkvMTAvM2I4YWE3ZDItZTU5YS00YmNhLThiOTctYzgzZmRhMDQ4NTM5LzAxMC5qcGciXSxbInAiLCJlbmNvZGUiLCJqcGciLCItcXVhbGl0eSA4MCJdLFsicCIsInRodW1iIiwiNTkweDU5MFx1MDAzZSJdXQ?sha=62c216492a88675f\" alt=\"\" \/><\/p>\n<div class=\"gallery-i-caption\"><\/div>\n<\/div>\n<div class=\"gallery-i\"><img src=\"https:\/\/cdn.oxu.az\/uploads\/W1siZiIsIjIwMjEvMTIvMDQvMjIvMDkvMTAvY2E5YmNlMDctOTYwNy00NTFlLWJlOGQtYmU0NWFlN2RjZDc4LzA4LmpwZyJdLFsicCIsImVuY29kZSIsImpwZyIsIi1xdWFsaXR5IDgwIl0sWyJwIiwidGh1bWIiLCI1OTB4NTkwXHUwMDNlIl1d?sha=3c7c434c989136a0\" alt=\"\" \/><\/div>\n<\/div>\n","protected":false},"excerpt":{"rendered":"<p>Dekabr\u0131n 4-d\u0259 Heyd\u0259r \u018fliyev Fondunun vitse-prezidenti, IDEA \u0130ctimai Birliyinin t\u0259sis\u00e7isi v\u0259 r\u0259hb\u0259ri Leyla \u018fliyevan\u0131n i\u015ftirak\u0131 il\u0259 Ab\u015feron Milli Park\u0131nda 2021-ci il \u201c\u00dcmumrespublika Ya\u015f\u0131lla\u015fd\u0131rma Marafonu\u201dnun \u00a0(\u201cYa\u015f\u0131l Marafon\u201d) yekun a\u011fac\u0259km\u0259 aksiyas\u0131 v\u0259 BMT \u0130nki\u015faf Proqram\u0131n\u0131n EU4Climate layih\u0259si \u00e7\u0259r\u00e7iv\u0259sind\u0259 veloy\u00fcr\u00fc\u015f kecirilib. T\u0259dbird\u0259 Az\u0259rbaycan Respublikas\u0131n\u0131n ekologiya v\u0259 t\u0259bii s\u0259rv\u0259tl\u0259r naziri Muxtar Babayev, Az\u0259rbaycan Respublikas\u0131n\u0131n m\u00fcdafi\u0259 s\u0259nayesi naziri, Az\u0259rbaycan Velosiped \u0130dman\u0131 Federasiyas\u0131n\u0131n prezidenti M\u0259d\u0259t Quliyev, el\u0259c\u0259 d\u0259 Birl\u0259\u015fmi\u015f Mill\u0259tl\u0259r T\u0259\u015fkilat\u0131, Avropa \u0130ttifaq\u0131 v\u0259 Beyn\u0259lxalq Miqrasiya T\u0259\u015fkilat\u0131n\u0131n n\u00fcmay\u0259nd\u0259l\u0259ri, B\u00f6y\u00fck Britaniya, Bel\u00e7ika, Tacikistan, Bolqar\u0131stan, Yunan\u0131stan v\u0259 \u0130srailin Az\u0259rbaycandak\u0131 f\u00f6vqalad\u0259 v\u0259 s\u0259lahiyy\u0259tli s\u0259firl\u0259ri v\u0259 diplomatik korpusun dig\u0259r n\u00fcmay\u0259nd\u0259l\u0259ri&hellip;<\/p>\n","protected":false},"author":2,"featured_media":412355,"comment_status":"closed","ping_status":"closed","sticky":false,"template":"","format":"standard","meta":{"om_disable_all_campaigns":false,"_monsterinsights_skip_tracking":false,"_monsterinsights_sitenote_active":false,"_monsterinsights_sitenote_note":"","_monsterinsights_sitenote_category":0},"categories":[1],"tags":[],"aioseo_notices":[],"gutentor_comment":0,"rttpg_featured_image_url":{"full":["https:\/\/arantv.az\/wp-content\/uploads\/2021\/12\/006.jpg",620,444,false],"landscape":["https:\/\/arantv.az\/wp-content\/uploads\/2021\/12\/006.jpg",620,444,false],"portraits":["https:\/\/arantv.az\/wp-content\/uploads\/2021\/12\/006.jpg",620,444,false],"thumbnail":["https:\/\/arantv.az\/wp-content\/uploads\/2021\/12\/006-500x280.jpg",500,280,true],"medium":["https:\/\/arantv.az\/wp-content\/uploads\/2021\/12\/006-510x365.jpg",510,365,true],"large":["https:\/\/arantv.az\/wp-content\/uploads\/2021\/12\/006.jpg",620,444,false],"1536x1536":["https:\/\/arantv.az\/wp-content\/uploads\/2021\/12\/006.jpg",620,444,false],"2048x2048":["https:\/\/arantv.az\/wp-content\/uploads\/2021\/12\/006.jpg",620,444,false],"post-thumbnail":["https:\/\/arantv.az\/wp-content\/uploads\/2021\/12\/006-240x172.jpg",240,172,true],"advps-thumb-one":["https:\/\/arantv.az\/wp-content\/uploads\/2021\/12\/006.jpg",620,444,false]},"rttpg_author":{"display_name":"V\u00fcsal Rafiqo\u011flu","author_link":"https:\/\/arantv.az\/?author=2"},"rttpg_comment":0,"rttpg_category":"<a href=\"https:\/\/arantv.az\/?cat=1\" rel=\"category\">C\u0259miyy\u0259t<\/a>","rttpg_excerpt":"Dekabr\u0131n 4-d\u0259 Heyd\u0259r \u018fliyev Fondunun vitse-prezidenti, IDEA \u0130ctimai Birliyinin t\u0259sis\u00e7isi v\u0259 r\u0259hb\u0259ri Leyla \u018fliyevan\u0131n i\u015ftirak\u0131 il\u0259 Ab\u015feron Milli Park\u0131nda 2021-ci il \u201c\u00dcmumrespublika Ya\u015f\u0131lla\u015fd\u0131rma Marafonu\u201dnun \u00a0(\u201cYa\u015f\u0131l Marafon\u201d) yekun a\u011fac\u0259km\u0259 aksiyas\u0131 v\u0259 BMT \u0130nki\u015faf Proqram\u0131n\u0131n EU4Climate layih\u0259si \u00e7\u0259r\u00e7iv\u0259sind\u0259 veloy\u00fcr\u00fc\u015f kecirilib. T\u0259dbird\u0259 Az\u0259rbaycan Respublikas\u0131n\u0131n ekologiya v\u0259 t\u0259bii s\u0259rv\u0259tl\u0259r naziri Muxtar Babayev, Az\u0259rbaycan Respublikas\u0131n\u0131n m\u00fcdafi\u0259 s\u0259nayesi naziri, Az\u0259rbaycan Velosiped&hellip;","_links":{"self":[{"href":"https:\/\/arantv.az\/index.php?rest_route=\/wp\/v2\/posts\/412354"}],"collection":[{"href":"https:\/\/arantv.az\/index.php?rest_route=\/wp\/v2\/posts"}],"about":[{"href":"https:\/\/arantv.az\/index.php?rest_route=\/wp\/v2\/types\/post"}],"author":[{"embeddable":true,"href":"https:\/\/arantv.az\/index.php?rest_route=\/wp\/v2\/users\/2"}],"replies":[{"embeddable":true,"href":"https:\/\/arantv.az\/index.php?rest_route=%2Fwp%2Fv2%2Fcomments&post=412354"}],"version-history":[{"count":0,"href":"https:\/\/arantv.az\/index.php?rest_route=\/wp\/v2\/posts\/412354\/revisions"}],"wp:featuredmedia":[{"embeddable":true,"href":"https:\/\/arantv.az\/index.php?rest_route=\/wp\/v2\/media\/412355"}],"wp:attachment":[{"href":"https:\/\/arantv.az\/index.php?rest_route=%2Fwp%2Fv2%2Fmedia&parent=412354"}],"wp:term":[{"taxonomy":"category","embeddable":true,"href":"https:\/\/arantv.az\/index.php?rest_route=%2Fwp%2Fv2%2Fcategories&post=412354"},{"taxonomy":"post_tag","embeddable":true,"href":"https:\/\/arantv.az\/index.php?rest_route=%2Fwp%2Fv2%2Ftags&post=412354"}],"curies":[{"name":"wp","href":"https:\/\/api.w.org\/{rel}","templated":true}]}}