{"id":412357,"date":"2021-12-05T06:11:28","date_gmt":"2021-12-05T03:11:28","guid":{"rendered":"http:\/\/arantv.az\/?p=412357"},"modified":"2021-12-05T06:11:28","modified_gmt":"2021-12-05T03:11:28","slug":"az%c9%99rbaycan-iran-parlamentl%c9%99rarasi-%c9%99m%c9%99kdasliginin-inkisafi-m%c9%99s%c9%99l%c9%99l%c9%99ri-muzakir%c9%99-edilib-foto","status":"publish","type":"post","link":"https:\/\/arantv.az\/?p=412357","title":{"rendered":"Az\u0259rbaycan-\u0130ran parlamentl\u0259raras\u0131 \u0259m\u0259kda\u015fl\u0131\u011f\u0131n\u0131n inki\u015faf\u0131 m\u0259s\u0259l\u0259l\u0259ri m\u00fczakir\u0259 edilib &#8211; FOTO"},"content":{"rendered":"<p>Az\u0259rbaycan\u0131n Respublikas\u0131n\u0131n \u0130ran \u0130slam Respublikas\u0131ndak\u0131 s\u0259firi \u018fli \u018flizad\u0259 bu \u00f6lk\u0259nin \u0130slam \u015euras\u0131 M\u0259clisi (parlamentin) s\u0259drinin birinci m\u00fcavini, \u0130ran-Az\u0259rbaycan parlamentl\u0259raras\u0131 dostluq qrupunun r\u0259hb\u0259ri \u018fli Nikzadla g\u00f6r\u00fc\u015f\u00fcb.<\/p>\n<p>AZ\u018fRTAC\u00a0x\u0259b\u0259r verir ki, 44 g\u00fcnl\u00fck V\u0259t\u0259n m\u00fcharib\u0259sind\u0259 Q\u0259l\u0259b\u0259nin ild\u00f6n\u00fcm\u00fc m\u00fcnasib\u0259til\u0259 t\u0259brikl\u0259rini \u00e7atd\u0131ran \u018fli Nikzad Az\u0259rbaycan\u0131n sevincinin v\u0259 k\u0259d\u0259rinin \u0130ran \u00fc\u00e7\u00fcn d\u0259 bir oldu\u011funu qeyd edib.<\/p>\n<p>Parlamentl\u0259raras\u0131 \u0259laq\u0259l\u0259rin \u00f6n\u0259mini vur\u011fulayan \u018fli Nikzad Az\u0259rbaycan\u0131n Milli M\u0259clisi il\u0259 \u0259laq\u0259l\u0259rin daha da m\u00f6hk\u0259ml\u0259ndirilm\u0259sind\u0259 s\u0259yl\u0259rin art\u0131r\u0131lmas\u0131n\u0131n z\u0259ruriliyini vur\u011fulay\u0131b v\u0259 ikit\u0259r\u0259fli \u0259m\u0259kda\u015fl\u0131\u011f\u0131n g\u00fccl\u0259nm\u0259sin\u0259 parlament n\u00fcmay\u0259nd\u0259l\u0259rinin t\u00f6hf\u0259l\u0259rini ver\u0259c\u0259yini diqq\u0259t\u0259 \u00e7atd\u0131r\u0131b. \u018fli Nikzad cari il noyabr\u0131n 27-d\u0259 \u0130spaniyan\u0131n paytaxt\u0131 Madrid \u015f\u0259h\u0259rind\u0259 ke\u00e7irilmi\u015f Parlamentl\u0259raras\u0131 \u0130ttifaq\u0131n 143-c\u00fc Assambleyas\u0131 \u00e7\u0259r\u00e7iv\u0259sind\u0259 Az\u0259rbaycan\u0131n t\u0259\u015f\u0259bb\u00fcs\u00fc il\u0259 Qo\u015fulmama H\u0259r\u0259kat\u0131n\u0131n Parlamentl\u0259r \u015e\u0259b\u0259k\u0259sinin t\u0259sis olunmas\u0131n\u0131 y\u00fcks\u0259k qiym\u0259tl\u0259ndirib. O, s\u0259fir \u018fli \u018flizad\u0259y\u0259 f\u0259aliyy\u0259tind\u0259 u\u011furlar arzulay\u0131b.<\/p>\n<p>S\u0259fir \u018fli \u018flizad\u0259 \u00f6z n\u00f6vb\u0259sind\u0259 Az\u0259rbaycan\u0131n \u0130ranla \u0259laq\u0259l\u0259r\u0259 x\u00fcsusi \u00f6n\u0259m verdiyini, r\u0259smi Tehran\u0131n Az\u0259rbaycan \u00fc\u00e7\u00fcn dost v\u0259 yax\u0131n qon\u015fu \u00f6lk\u0259 oldu\u011funu bildirib. \u00d6lk\u0259l\u0259rimizin parlamentl\u0259raras\u0131 m\u00fcnasib\u0259tl\u0259rinin, dostluq qruplar\u0131n\u0131n s\u0259m\u0259r\u0259li \u0259m\u0259kda\u015fl\u0131\u011f\u0131n\u0131n \u0259laq\u0259l\u0259rin daha da inki\u015faf\u0131na z\u0259min yaratd\u0131\u011f\u0131n\u0131, bu istiqam\u0259td\u0259 Az\u0259rbaycan\u0131n \u0130randak\u0131 s\u0259firliyinin \u00fcz\u0259rin\u0259 d\u00fc\u015f\u0259n v\u0259zif\u0259l\u0259ri v\u0259 \u0259laq\u0259l\u0259ndirm\u0259l\u0259ri yerin\u0259 yetirm\u0259y\u0259 h\u0259r zaman haz\u0131r oldu\u011funu qeyd edib.<\/p>\n<p>G\u00f6r\u00fc\u015fd\u0259, h\u0259m\u00e7inin iki \u00f6lk\u0259 aras\u0131nda m\u00fc\u015ft\u0259r\u0259k layih\u0259l\u0259rin icras\u0131, s\u0259f\u0259rl\u0259rin v\u0259 g\u00f6r\u00fc\u015fl\u0259rin t\u0259\u015fkili, el\u0259c\u0259 d\u0259 qar\u015f\u0131l\u0131ql\u0131 maraq do\u011furan dig\u0259r m\u0259s\u0259l\u0259l\u0259r \u0259traf\u0131nda fikir m\u00fcbadil\u0259si apar\u0131l\u0131b.<\/p>\n<p>&nbsp;<\/p>\n<div class=\"gallery\">\n<div class=\"gallery-i\"><img src=\"https:\/\/cdn.oxu.az\/uploads\/W1siZiIsIjIwMjEvMTIvMDQvMjAvNTQvNDkvMzU5NGY4MjYtMjg0ZS00YjhkLWFlNjYtNjQyZGVhYjRiZGQ3L2lyYW4uanBnIl0sWyJwIiwiZW5jb2RlIiwianBnIiwiLXF1YWxpdHkgODAiXSxbInAiLCJ0aHVtYiIsIjU5MHg1OTBcdTAwM2UiXV0?sha=cf8d6980e3cf16be\" alt=\"\" \/><\/div>\n<\/div>\n","protected":false},"excerpt":{"rendered":"<p>Az\u0259rbaycan\u0131n Respublikas\u0131n\u0131n \u0130ran \u0130slam Respublikas\u0131ndak\u0131 s\u0259firi \u018fli \u018flizad\u0259 bu \u00f6lk\u0259nin \u0130slam \u015euras\u0131 M\u0259clisi (parlamentin) s\u0259drinin birinci m\u00fcavini, \u0130ran-Az\u0259rbaycan parlamentl\u0259raras\u0131 dostluq qrupunun r\u0259hb\u0259ri \u018fli Nikzadla g\u00f6r\u00fc\u015f\u00fcb. AZ\u018fRTAC\u00a0x\u0259b\u0259r verir ki, 44 g\u00fcnl\u00fck V\u0259t\u0259n m\u00fcharib\u0259sind\u0259 Q\u0259l\u0259b\u0259nin ild\u00f6n\u00fcm\u00fc m\u00fcnasib\u0259til\u0259 t\u0259brikl\u0259rini \u00e7atd\u0131ran \u018fli Nikzad Az\u0259rbaycan\u0131n sevincinin v\u0259 k\u0259d\u0259rinin \u0130ran \u00fc\u00e7\u00fcn d\u0259 bir oldu\u011funu qeyd edib. Parlamentl\u0259raras\u0131 \u0259laq\u0259l\u0259rin \u00f6n\u0259mini vur\u011fulayan \u018fli Nikzad Az\u0259rbaycan\u0131n Milli M\u0259clisi il\u0259 \u0259laq\u0259l\u0259rin daha da m\u00f6hk\u0259ml\u0259ndirilm\u0259sind\u0259 s\u0259yl\u0259rin art\u0131r\u0131lmas\u0131n\u0131n z\u0259ruriliyini vur\u011fulay\u0131b v\u0259 ikit\u0259r\u0259fli \u0259m\u0259kda\u015fl\u0131\u011f\u0131n g\u00fccl\u0259nm\u0259sin\u0259 parlament n\u00fcmay\u0259nd\u0259l\u0259rinin t\u00f6hf\u0259l\u0259rini ver\u0259c\u0259yini diqq\u0259t\u0259 \u00e7atd\u0131r\u0131b. \u018fli Nikzad cari il noyabr\u0131n 27-d\u0259 \u0130spaniyan\u0131n paytaxt\u0131 Madrid \u015f\u0259h\u0259rind\u0259 ke\u00e7irilmi\u015f Parlamentl\u0259raras\u0131&hellip;<\/p>\n","protected":false},"author":2,"featured_media":412358,"comment_status":"closed","ping_status":"closed","sticky":false,"template":"","format":"standard","meta":{"om_disable_all_campaigns":false,"_monsterinsights_skip_tracking":false,"_monsterinsights_sitenote_active":false,"_monsterinsights_sitenote_note":"","_monsterinsights_sitenote_category":0},"categories":[4],"tags":[],"aioseo_notices":[],"gutentor_comment":0,"rttpg_featured_image_url":{"full":["https:\/\/arantv.az\/wp-content\/uploads\/2021\/12\/iran2.jpg",512,352,false],"landscape":["https:\/\/arantv.az\/wp-content\/uploads\/2021\/12\/iran2.jpg",512,352,false],"portraits":["https:\/\/arantv.az\/wp-content\/uploads\/2021\/12\/iran2.jpg",512,352,false],"thumbnail":["https:\/\/arantv.az\/wp-content\/uploads\/2021\/12\/iran2-500x280.jpg",500,280,true],"medium":["https:\/\/arantv.az\/wp-content\/uploads\/2021\/12\/iran2.jpg",512,352,false],"large":["https:\/\/arantv.az\/wp-content\/uploads\/2021\/12\/iran2.jpg",512,352,false],"1536x1536":["https:\/\/arantv.az\/wp-content\/uploads\/2021\/12\/iran2.jpg",512,352,false],"2048x2048":["https:\/\/arantv.az\/wp-content\/uploads\/2021\/12\/iran2.jpg",512,352,false],"post-thumbnail":["https:\/\/arantv.az\/wp-content\/uploads\/2021\/12\/iran2-240x172.jpg",240,172,true],"advps-thumb-one":["https:\/\/arantv.az\/wp-content\/uploads\/2021\/12\/iran2.jpg",512,352,false]},"rttpg_author":{"display_name":"V\u00fcsal Rafiqo\u011flu","author_link":"https:\/\/arantv.az\/?author=2"},"rttpg_comment":0,"rttpg_category":"<a href=\"https:\/\/arantv.az\/?cat=4\" rel=\"category\">Siyas\u0259t<\/a>","rttpg_excerpt":"Az\u0259rbaycan\u0131n Respublikas\u0131n\u0131n \u0130ran \u0130slam Respublikas\u0131ndak\u0131 s\u0259firi \u018fli \u018flizad\u0259 bu \u00f6lk\u0259nin \u0130slam \u015euras\u0131 M\u0259clisi (parlamentin) s\u0259drinin birinci m\u00fcavini, \u0130ran-Az\u0259rbaycan parlamentl\u0259raras\u0131 dostluq qrupunun r\u0259hb\u0259ri \u018fli Nikzadla g\u00f6r\u00fc\u015f\u00fcb. AZ\u018fRTAC\u00a0x\u0259b\u0259r verir ki, 44 g\u00fcnl\u00fck V\u0259t\u0259n m\u00fcharib\u0259sind\u0259 Q\u0259l\u0259b\u0259nin ild\u00f6n\u00fcm\u00fc m\u00fcnasib\u0259til\u0259 t\u0259brikl\u0259rini \u00e7atd\u0131ran \u018fli Nikzad Az\u0259rbaycan\u0131n sevincinin v\u0259 k\u0259d\u0259rinin \u0130ran \u00fc\u00e7\u00fcn d\u0259 bir oldu\u011funu qeyd edib. Parlamentl\u0259raras\u0131 \u0259laq\u0259l\u0259rin \u00f6n\u0259mini vur\u011fulayan \u018fli&hellip;","_links":{"self":[{"href":"https:\/\/arantv.az\/index.php?rest_route=\/wp\/v2\/posts\/412357"}],"collection":[{"href":"https:\/\/arantv.az\/index.php?rest_route=\/wp\/v2\/posts"}],"about":[{"href":"https:\/\/arantv.az\/index.php?rest_route=\/wp\/v2\/types\/post"}],"author":[{"embeddable":true,"href":"https:\/\/arantv.az\/index.php?rest_route=\/wp\/v2\/users\/2"}],"replies":[{"embeddable":true,"href":"https:\/\/arantv.az\/index.php?rest_route=%2Fwp%2Fv2%2Fcomments&post=412357"}],"version-history":[{"count":0,"href":"https:\/\/arantv.az\/index.php?rest_route=\/wp\/v2\/posts\/412357\/revisions"}],"wp:featuredmedia":[{"embeddable":true,"href":"https:\/\/arantv.az\/index.php?rest_route=\/wp\/v2\/media\/412358"}],"wp:attachment":[{"href":"https:\/\/arantv.az\/index.php?rest_route=%2Fwp%2Fv2%2Fmedia&parent=412357"}],"wp:term":[{"taxonomy":"category","embeddable":true,"href":"https:\/\/arantv.az\/index.php?rest_route=%2Fwp%2Fv2%2Fcategories&post=412357"},{"taxonomy":"post_tag","embeddable":true,"href":"https:\/\/arantv.az\/index.php?rest_route=%2Fwp%2Fv2%2Ftags&post=412357"}],"curies":[{"name":"wp","href":"https:\/\/api.w.org\/{rel}","templated":true}]}}