{"id":412367,"date":"2021-12-05T18:41:09","date_gmt":"2021-12-05T15:41:09","guid":{"rendered":"http:\/\/arantv.az\/?p=412367"},"modified":"2021-12-05T18:41:09","modified_gmt":"2021-12-05T15:41:09","slug":"turkiy%c9%99-yerli-qiricilarin-istehsalinda-rusiya-il%c9%99-%c9%99m%c9%99kdasliq-ed%c9%99-bil%c9%99r","status":"publish","type":"post","link":"https:\/\/arantv.az\/?p=412367","title":{"rendered":"T\u00fcrkiy\u0259 yerli q\u0131r\u0131c\u0131lar\u0131n istehsal\u0131nda Rusiya il\u0259 \u0259m\u0259kda\u015fl\u0131q ed\u0259 bil\u0259r"},"content":{"rendered":"<p>T\u00fcrkiy\u0259nin m\u00fcdafi\u0259 s\u0259nayesi naziri \u0130smay\u0131l D\u0259mir b\u0259yan edib ki, T\u00fcrkiy\u0259 Rusiya il\u0259 \u00f6z milli q\u0131r\u0131c\u0131lar\u0131n\u0131n istehsal\u0131 proqram\u0131 \u00fczr\u0259 \u0259m\u0259kda\u015fl\u0131q etm\u0259k niyy\u0259tind\u0259dir.<\/p>\n<p>\u201cRusiya il\u0259 dan\u0131\u015f\u0131qlar\u0131m\u0131zda \u00e7oxlu \u0259m\u0259kda\u015fl\u0131q m\u0259qamlar\u0131 var. Bunlara 2023-c\u00fc ild\u0259 anqardan \u00e7\u0131xacaq milli h\u0259rbi t\u0259yyar\u0259mizin inki\u015faf\u0131 il\u0259 ba\u011fl\u0131 b\u0259zi m\u0259s\u0259l\u0259l\u0259r daxildir. Bizim se\u00e7diyimiz m\u00fch\u0259rrik n\u00f6v\u00fc v\u0259 m\u00fc\u0259yy\u0259n sisteml\u0259r var. Lakin zamanla m\u00fc\u0259yy\u0259n sisteml\u0259rin d\u0259yi\u015fm\u0259si, inki\u015faf\u0131, yenil\u0259nm\u0259si m\u00fcmk\u00fcnd\u00fcr. Bu prosesin h\u0259yata ke\u00e7irilm\u0259si \u00fc\u00e7\u00fcn Rusiya il\u0259 d\u0259 dan\u0131\u015f\u0131qlar apar\u0131la bil\u0259r\u201d, &#8211; dey\u0259 nazir bildirib.<\/p>\n<div id=\"AdviadNativeVideo0\" class=\"AdviadNativeVideo\"><\/div>\n<p>Qeyd ed\u0259k ki, bir m\u00fcdd\u0259t \u0259vv\u0259l T\u00fcrkiy\u0259nin s\u0259naye v\u0259 texnologiya naziri Mustafa Varank da Rusiyan\u0131n Su-35 v\u0259 Su-57 q\u0131r\u0131c\u0131lar\u0131n\u0131 almaq imkan\u0131n\u0131 istisna etm\u0259dikl\u0259rini, lakin prioritetin \u00f6z be\u015finci n\u0259sil q\u0131r\u0131c\u0131lar\u0131n\u0131n haz\u0131rlanmas\u0131 oldu\u011funu vur\u011fulay\u0131b.<\/p>\n<p>M\u0259nb\u0259: \u201cH\u00fcrriyy\u0259t\u201d<\/p>\n","protected":false},"excerpt":{"rendered":"<p>T\u00fcrkiy\u0259nin m\u00fcdafi\u0259 s\u0259nayesi naziri \u0130smay\u0131l D\u0259mir b\u0259yan edib ki, T\u00fcrkiy\u0259 Rusiya il\u0259 \u00f6z milli q\u0131r\u0131c\u0131lar\u0131n\u0131n istehsal\u0131 proqram\u0131 \u00fczr\u0259 \u0259m\u0259kda\u015fl\u0131q etm\u0259k niyy\u0259tind\u0259dir. \u201cRusiya il\u0259 dan\u0131\u015f\u0131qlar\u0131m\u0131zda \u00e7oxlu \u0259m\u0259kda\u015fl\u0131q m\u0259qamlar\u0131 var. Bunlara 2023-c\u00fc ild\u0259 anqardan \u00e7\u0131xacaq milli h\u0259rbi t\u0259yyar\u0259mizin inki\u015faf\u0131 il\u0259 ba\u011fl\u0131 b\u0259zi m\u0259s\u0259l\u0259l\u0259r daxildir. Bizim se\u00e7diyimiz m\u00fch\u0259rrik n\u00f6v\u00fc v\u0259 m\u00fc\u0259yy\u0259n sisteml\u0259r var. Lakin zamanla m\u00fc\u0259yy\u0259n sisteml\u0259rin d\u0259yi\u015fm\u0259si, inki\u015faf\u0131, yenil\u0259nm\u0259si m\u00fcmk\u00fcnd\u00fcr. Bu prosesin h\u0259yata ke\u00e7irilm\u0259si \u00fc\u00e7\u00fcn Rusiya il\u0259 d\u0259 dan\u0131\u015f\u0131qlar apar\u0131la bil\u0259r\u201d, &#8211; dey\u0259 nazir bildirib. Qeyd ed\u0259k ki, bir m\u00fcdd\u0259t \u0259vv\u0259l T\u00fcrkiy\u0259nin s\u0259naye v\u0259 texnologiya naziri Mustafa Varank da Rusiyan\u0131n Su-35 v\u0259&hellip;<\/p>\n","protected":false},"author":2,"featured_media":412368,"comment_status":"closed","ping_status":"closed","sticky":false,"template":"","format":"standard","meta":{"om_disable_all_campaigns":false,"_monsterinsights_skip_tracking":false,"_monsterinsights_sitenote_active":false,"_monsterinsights_sitenote_note":"","_monsterinsights_sitenote_category":0},"categories":[7],"tags":[],"aioseo_notices":[],"gutentor_comment":0,"rttpg_featured_image_url":{"full":["https:\/\/arantv.az\/wp-content\/uploads\/2021\/12\/turkish_f-16-1200x800-1.jpg",620,413,false],"landscape":["https:\/\/arantv.az\/wp-content\/uploads\/2021\/12\/turkish_f-16-1200x800-1.jpg",620,413,false],"portraits":["https:\/\/arantv.az\/wp-content\/uploads\/2021\/12\/turkish_f-16-1200x800-1.jpg",620,413,false],"thumbnail":["https:\/\/arantv.az\/wp-content\/uploads\/2021\/12\/turkish_f-16-1200x800-1-500x280.jpg",500,280,true],"medium":["https:\/\/arantv.az\/wp-content\/uploads\/2021\/12\/turkish_f-16-1200x800-1-548x365.jpg",548,365,true],"large":["https:\/\/arantv.az\/wp-content\/uploads\/2021\/12\/turkish_f-16-1200x800-1.jpg",620,413,false],"1536x1536":["https:\/\/arantv.az\/wp-content\/uploads\/2021\/12\/turkish_f-16-1200x800-1.jpg",620,413,false],"2048x2048":["https:\/\/arantv.az\/wp-content\/uploads\/2021\/12\/turkish_f-16-1200x800-1.jpg",620,413,false],"post-thumbnail":["https:\/\/arantv.az\/wp-content\/uploads\/2021\/12\/turkish_f-16-1200x800-1-240x172.jpg",240,172,true],"advps-thumb-one":["https:\/\/arantv.az\/wp-content\/uploads\/2021\/12\/turkish_f-16-1200x800-1.jpg",620,413,false]},"rttpg_author":{"display_name":"V\u00fcsal Rafiqo\u011flu","author_link":"https:\/\/arantv.az\/?author=2"},"rttpg_comment":0,"rttpg_category":"<a href=\"https:\/\/arantv.az\/?cat=7\" rel=\"category\">D\u00fcnya<\/a>","rttpg_excerpt":"T\u00fcrkiy\u0259nin m\u00fcdafi\u0259 s\u0259nayesi naziri \u0130smay\u0131l D\u0259mir b\u0259yan edib ki, T\u00fcrkiy\u0259 Rusiya il\u0259 \u00f6z milli q\u0131r\u0131c\u0131lar\u0131n\u0131n istehsal\u0131 proqram\u0131 \u00fczr\u0259 \u0259m\u0259kda\u015fl\u0131q etm\u0259k niyy\u0259tind\u0259dir. \u201cRusiya il\u0259 dan\u0131\u015f\u0131qlar\u0131m\u0131zda \u00e7oxlu \u0259m\u0259kda\u015fl\u0131q m\u0259qamlar\u0131 var. Bunlara 2023-c\u00fc ild\u0259 anqardan \u00e7\u0131xacaq milli h\u0259rbi t\u0259yyar\u0259mizin inki\u015faf\u0131 il\u0259 ba\u011fl\u0131 b\u0259zi m\u0259s\u0259l\u0259l\u0259r daxildir. Bizim se\u00e7diyimiz m\u00fch\u0259rrik n\u00f6v\u00fc v\u0259 m\u00fc\u0259yy\u0259n sisteml\u0259r var. Lakin zamanla m\u00fc\u0259yy\u0259n sisteml\u0259rin d\u0259yi\u015fm\u0259si,&hellip;","_links":{"self":[{"href":"https:\/\/arantv.az\/index.php?rest_route=\/wp\/v2\/posts\/412367"}],"collection":[{"href":"https:\/\/arantv.az\/index.php?rest_route=\/wp\/v2\/posts"}],"about":[{"href":"https:\/\/arantv.az\/index.php?rest_route=\/wp\/v2\/types\/post"}],"author":[{"embeddable":true,"href":"https:\/\/arantv.az\/index.php?rest_route=\/wp\/v2\/users\/2"}],"replies":[{"embeddable":true,"href":"https:\/\/arantv.az\/index.php?rest_route=%2Fwp%2Fv2%2Fcomments&post=412367"}],"version-history":[{"count":0,"href":"https:\/\/arantv.az\/index.php?rest_route=\/wp\/v2\/posts\/412367\/revisions"}],"wp:featuredmedia":[{"embeddable":true,"href":"https:\/\/arantv.az\/index.php?rest_route=\/wp\/v2\/media\/412368"}],"wp:attachment":[{"href":"https:\/\/arantv.az\/index.php?rest_route=%2Fwp%2Fv2%2Fmedia&parent=412367"}],"wp:term":[{"taxonomy":"category","embeddable":true,"href":"https:\/\/arantv.az\/index.php?rest_route=%2Fwp%2Fv2%2Fcategories&post=412367"},{"taxonomy":"post_tag","embeddable":true,"href":"https:\/\/arantv.az\/index.php?rest_route=%2Fwp%2Fv2%2Ftags&post=412367"}],"curies":[{"name":"wp","href":"https:\/\/api.w.org\/{rel}","templated":true}]}}