{"id":412374,"date":"2021-12-05T18:42:32","date_gmt":"2021-12-05T15:42:32","guid":{"rendered":"http:\/\/arantv.az\/?p=412374"},"modified":"2021-12-05T18:42:32","modified_gmt":"2021-12-05T15:42:32","slug":"dagistanli-surucu-yol-polisini-avtomobilinin-kapotunun-ustund%c9%99-g%c9%99zdirdi-video","status":"publish","type":"post","link":"https:\/\/arantv.az\/?p=412374","title":{"rendered":"Da\u011f\u0131stanl\u0131 s\u00fcr\u00fcc\u00fc yol polisini avtomobilinin kapotunun \u00fcst\u00fcnd\u0259 \u201cg\u0259zdirdi\u201d &#8211; V\u0130DEO"},"content":{"rendered":"<p>Da\u011f\u0131stan\u0131n D\u0259rb\u0259nd \u015f\u0259h\u0259rind\u0259 s\u00fcr\u00fcc\u00fc yol polisinin t\u0259kidli t\u0259l\u0259bl\u0259rin\u0259 baxmayaraq, onu idar\u0259 etdiyi avtomobilin kapotunda \u201cg\u0259zdirib\u201d.<\/p>\n<p>Yerli median\u0131n m\u0259lumat\u0131n g\u00f6r\u0259, s\u00fcr\u00fcc\u00fcn\u00fcn ad\u0131 Mehman Ba\u015faratovdur.<\/p>\n<div id=\"AdviadNativeVideo0\" class=\"AdviadNativeVideo\"><\/div>\n<p>O, avtomobilini s\u00fcr\u00fcc\u00fcl\u00fck v\u0259siq\u0259si olmadan idar\u0259 edib.<\/p>\n<p>Yop polisin\u0259 qar\u015f\u0131 etdiyi h\u0259r\u0259k\u0259t\u0259 g\u00f6r\u0259 is\u0259 onu 10 il\u0259 q\u0259d\u0259r h\u0259bs c\u0259zas\u0131 g\u00f6zl\u0259yir.<\/p>\n<div><iframe loading=\"lazy\" src=\"https:\/\/player.baku.tv\/embed\/47527\" width=\"560\" height=\"315\" frameborder=\"0\" allowfullscreen=\"allowfullscreen\" data-mce-fragment=\"1\"><\/iframe><\/div>\n<p>M\u0259nb\u0259: \u201cR\u0130A Novosti\u201d<\/p>\n","protected":false},"excerpt":{"rendered":"<p>Da\u011f\u0131stan\u0131n D\u0259rb\u0259nd \u015f\u0259h\u0259rind\u0259 s\u00fcr\u00fcc\u00fc yol polisinin t\u0259kidli t\u0259l\u0259bl\u0259rin\u0259 baxmayaraq, onu idar\u0259 etdiyi avtomobilin kapotunda \u201cg\u0259zdirib\u201d. Yerli median\u0131n m\u0259lumat\u0131n g\u00f6r\u0259, s\u00fcr\u00fcc\u00fcn\u00fcn ad\u0131 Mehman Ba\u015faratovdur. O, avtomobilini s\u00fcr\u00fcc\u00fcl\u00fck v\u0259siq\u0259si olmadan idar\u0259 edib. Yop polisin\u0259 qar\u015f\u0131 etdiyi h\u0259r\u0259k\u0259t\u0259 g\u00f6r\u0259 is\u0259 onu 10 il\u0259 q\u0259d\u0259r h\u0259bs c\u0259zas\u0131 g\u00f6zl\u0259yir. M\u0259nb\u0259: \u201cR\u0130A Novosti\u201d<\/p>\n","protected":false},"author":2,"featured_media":412375,"comment_status":"closed","ping_status":"closed","sticky":false,"template":"","format":"standard","meta":{"om_disable_all_campaigns":false,"_monsterinsights_skip_tracking":false,"_monsterinsights_sitenote_active":false,"_monsterinsights_sitenote_note":"","_monsterinsights_sitenote_category":0},"categories":[7],"tags":[],"aioseo_notices":[],"gutentor_comment":0,"rttpg_featured_image_url":{"full":["https:\/\/arantv.az\/wp-content\/uploads\/2021\/12\/FotoJet-19.jpg",620,413,false],"landscape":["https:\/\/arantv.az\/wp-content\/uploads\/2021\/12\/FotoJet-19.jpg",620,413,false],"portraits":["https:\/\/arantv.az\/wp-content\/uploads\/2021\/12\/FotoJet-19.jpg",620,413,false],"thumbnail":["https:\/\/arantv.az\/wp-content\/uploads\/2021\/12\/FotoJet-19-500x280.jpg",500,280,true],"medium":["https:\/\/arantv.az\/wp-content\/uploads\/2021\/12\/FotoJet-19-548x365.jpg",548,365,true],"large":["https:\/\/arantv.az\/wp-content\/uploads\/2021\/12\/FotoJet-19.jpg",620,413,false],"1536x1536":["https:\/\/arantv.az\/wp-content\/uploads\/2021\/12\/FotoJet-19.jpg",620,413,false],"2048x2048":["https:\/\/arantv.az\/wp-content\/uploads\/2021\/12\/FotoJet-19.jpg",620,413,false],"post-thumbnail":["https:\/\/arantv.az\/wp-content\/uploads\/2021\/12\/FotoJet-19-240x172.jpg",240,172,true],"advps-thumb-one":["https:\/\/arantv.az\/wp-content\/uploads\/2021\/12\/FotoJet-19.jpg",620,413,false]},"rttpg_author":{"display_name":"V\u00fcsal Rafiqo\u011flu","author_link":"https:\/\/arantv.az\/?author=2"},"rttpg_comment":0,"rttpg_category":"<a href=\"https:\/\/arantv.az\/?cat=7\" rel=\"category\">D\u00fcnya<\/a>","rttpg_excerpt":"Da\u011f\u0131stan\u0131n D\u0259rb\u0259nd \u015f\u0259h\u0259rind\u0259 s\u00fcr\u00fcc\u00fc yol polisinin t\u0259kidli t\u0259l\u0259bl\u0259rin\u0259 baxmayaraq, onu idar\u0259 etdiyi avtomobilin kapotunda \u201cg\u0259zdirib\u201d. Yerli median\u0131n m\u0259lumat\u0131n g\u00f6r\u0259, s\u00fcr\u00fcc\u00fcn\u00fcn ad\u0131 Mehman Ba\u015faratovdur. O, avtomobilini s\u00fcr\u00fcc\u00fcl\u00fck v\u0259siq\u0259si olmadan idar\u0259 edib. Yop polisin\u0259 qar\u015f\u0131 etdiyi h\u0259r\u0259k\u0259t\u0259 g\u00f6r\u0259 is\u0259 onu 10 il\u0259 q\u0259d\u0259r h\u0259bs c\u0259zas\u0131 g\u00f6zl\u0259yir. M\u0259nb\u0259: \u201cR\u0130A Novosti\u201d","_links":{"self":[{"href":"https:\/\/arantv.az\/index.php?rest_route=\/wp\/v2\/posts\/412374"}],"collection":[{"href":"https:\/\/arantv.az\/index.php?rest_route=\/wp\/v2\/posts"}],"about":[{"href":"https:\/\/arantv.az\/index.php?rest_route=\/wp\/v2\/types\/post"}],"author":[{"embeddable":true,"href":"https:\/\/arantv.az\/index.php?rest_route=\/wp\/v2\/users\/2"}],"replies":[{"embeddable":true,"href":"https:\/\/arantv.az\/index.php?rest_route=%2Fwp%2Fv2%2Fcomments&post=412374"}],"version-history":[{"count":0,"href":"https:\/\/arantv.az\/index.php?rest_route=\/wp\/v2\/posts\/412374\/revisions"}],"wp:featuredmedia":[{"embeddable":true,"href":"https:\/\/arantv.az\/index.php?rest_route=\/wp\/v2\/media\/412375"}],"wp:attachment":[{"href":"https:\/\/arantv.az\/index.php?rest_route=%2Fwp%2Fv2%2Fmedia&parent=412374"}],"wp:term":[{"taxonomy":"category","embeddable":true,"href":"https:\/\/arantv.az\/index.php?rest_route=%2Fwp%2Fv2%2Fcategories&post=412374"},{"taxonomy":"post_tag","embeddable":true,"href":"https:\/\/arantv.az\/index.php?rest_route=%2Fwp%2Fv2%2Ftags&post=412374"}],"curies":[{"name":"wp","href":"https:\/\/api.w.org\/{rel}","templated":true}]}}