{"id":412383,"date":"2021-12-05T18:47:34","date_gmt":"2021-12-05T15:47:34","guid":{"rendered":"http:\/\/arantv.az\/?p=412383"},"modified":"2021-12-05T18:47:34","modified_gmt":"2021-12-05T15:47:34","slug":"erm%c9%99nistan-ucun-son-secim-sansi-s%c9%99rh","status":"publish","type":"post","link":"https:\/\/arantv.az\/?p=412383","title":{"rendered":"Erm\u0259nistan \u00fc\u00e7\u00fcn son se\u00e7im \u015fans\u0131 &#8211; \u015e\u018fRH"},"content":{"rendered":"<p>Q\u0259rbin n\u00fcfuzlu n\u0259\u015frind\u0259n x\u0259b\u0259rdarl\u0131q: \u201cErm\u0259nistan\u0131n sazi\u015f \u00fczr\u0259 \u00f6hd\u0259likl\u0259ri yerin\u0259 yetirm\u0259m\u0259si regionda n\u00f6vb\u0259ti d\u0259f\u0259 sabitliyin pozulmas\u0131na g\u0259tirib \u00e7\u0131xara bil\u0259r\u201d.<\/p>\n<p>\u00d6t\u0259n h\u0259ft\u0259 C\u0259nubi Qafqaz regionuna birba\u015fa t\u0259sir ed\u0259n m\u00fch\u00fcm siyasi hadis\u0259l\u0259rl\u0259 z\u0259ngin olub. \u018fvv\u0259lc\u0259 So\u00e7i, ard\u0131nca da A\u015fqabadda ba\u015f tutan g\u00f6r\u00fc\u015fl\u0259r regional siyas\u0259td\u0259 yeni d\u00f6n\u00fc\u015f yarad\u0131b. So\u00e7id\u0259 \u00fc\u00e7t\u0259r\u0259fli g\u00f6r\u00fc\u015fd\u0259 t\u0259r\u0259fl\u0259rin m\u0259tbuata verdiyi b\u0259yanatlar Z\u0259ng\u0259zur d\u0259hlizi il\u0259 ba\u011fl\u0131 m\u00fch\u00fcm raz\u0131la\u015fmalar\u0131n \u0259ld\u0259 olunmas\u0131ndan, h\u0259m\u00e7inin s\u0259rh\u0259din delimitasiyas\u0131 v\u0259 demarkasiyas\u0131 prosesinin ba\u015flanmas\u0131ndan x\u0259b\u0259r verir. \u00dcmidsiz m\u00fcqavim\u0259t\u0259 baxmayaraq, Nikol Pa\u015finyan yen\u0259 d\u0259 Bak\u0131 v\u0259 Moskvan\u0131n bu iki t\u0259l\u0259bi il\u0259 raz\u0131la\u015fmal\u0131 olub. Yay\u0131lan m\u0259lumatlara g\u00f6r\u0259, delimitasiya layih\u0259l\u0259ri Br\u00fcssel g\u00f6r\u00fc\u015f\u00fcnd\u0259n sonra t\u0259qdim olunacaq. \u0130st\u0259nil\u0259n halda, \u015f\u0259xsi m\u0259nf\u0259\u0259tini g\u00fcd\u0259n \u201cm\u00fcharib\u0259 partiyas\u0131\u201d m\u0259\u011flub v\u0259ziyy\u0259td\u0259 qalm\u0131\u015f olacaq.<\/p>\n<p>M\u00f6vzuyla ba\u011fl\u0131\u00a0<a href=\"https:\/\/kaspi.az\/az\/ixilmaz-dalan-serh\" target=\"_blank\" rel=\"noopener\"><strong>\u201cKaspi\u201d q\u0259zetinin<\/strong><\/a>\u00a0m\u0259qal\u0259sini t\u0259qdim edirik.<\/p>\n<p><strong>Az\u0259rbaycan yenid\u0259nqurma i\u015fl\u0259ri il\u0259, Erm\u0259nistan is\u0259&#8230;<\/strong><\/p>\n<p>So\u00e7id\u0259 ke\u00e7iril\u0259n Rusiya, Az\u0259rbaycan v\u0259 Erm\u0259nistan liderl\u0259rinin g\u00f6r\u00fc\u015f\u00fcnd\u0259n sonra ekspertl\u0259r Z\u0259ng\u0259zur d\u0259hlizi il\u0259 \u0259laq\u0259dar raz\u0131l\u0131\u011f\u0131n \u0259ld\u0259 olundu\u011fu il\u0259 ba\u011fl\u0131 a\u00e7\u0131qlamalar verirl\u0259r. Bununla bel\u0259, b\u0259zi ekspertl\u0259r pay\u0131z\u0131n eskalasiyas\u0131n\u0131 n\u0259z\u0259r\u0259 alaraq, prosesin onlar\u0131n ist\u0259dikl\u0259ri kimi rahat getm\u0259y\u0259c\u0259yind\u0259n ehtiyat edirl\u0259r.<\/p>\n<div id=\"AdviadNativeVideo0\" class=\"AdviadNativeVideo\"><\/div>\n<p>Bel\u0259 ki, Q\u0259rbin n\u00fcfuzlu \u201cEU Today\u201d n\u0259\u015fri yaz\u0131r ki, Az\u0259rbaycan i\u015f\u011faldan azad edilmi\u015f \u0259razil\u0259rin minalardan t\u0259mizl\u0259nm\u0259si v\u0259 b\u0259rpas\u0131, orada magistral yollar\u0131n, hava limanlar\u0131n\u0131n v\u0259 \u201ca\u011f\u0131ll\u0131 \u015f\u0259h\u0259rl\u0259rin\u201d tikintisi il\u0259 m\u0259\u015f\u011ful oldu\u011fu halda, Erm\u0259nistan\u0131n sazi\u015f \u00fczr\u0259 \u00f6hd\u0259likl\u0259ri yerin\u0259 yetirm\u0259m\u0259si n\u00f6vb\u0259ti d\u0259f\u0259 regionda sabitliyin pozulmas\u0131na g\u0259tirib \u00e7\u0131xara bil\u0259r: \u201cErm\u0259nistan vasit\u0259sil\u0259 Nax\u00e7\u0131vanla Az\u0259rbaycan\u0131n qalan hiss\u0259si aras\u0131nda d\u0259mir yolu v\u0259 avtomobil \u0259laq\u0259si regionda daha b\u00f6y\u00fck n\u0259qliyyat layih\u0259l\u0259rinin h\u0259yata ke\u00e7irilm\u0259sin\u0259 mane\u0259l\u0259ri aradan qald\u0131ra bil\u0259r. N\u0259qliyyat d\u0259hlizi t\u0259kc\u0259 Az\u0259rbaycan, Nax\u00e7\u0131van, T\u00fcrkiy\u0259 v\u0259 A\u0130-ni birl\u0259\u015fdirm\u0259y\u0259c\u0259k, h\u0259m d\u0259 Asiya il\u0259 Avropa aras\u0131nda quru kommunikasiyalar\u0131n\u0131n inki\u015faf\u0131 \u00fc\u00e7\u00fcn \u201cs\u00fcr\u00fcc\u00fc\u201d ola bil\u0259r\u201d.<\/p>\n<p>Rusiya medias\u0131 is\u0259 yaz\u0131r ki, So\u00e7id\u0259ki \u00fc\u00e7t\u0259r\u0259fli b\u0259yanat\u0131n m\u0259tnind\u0259 \u201cQaraba\u011f\u0131n statusu\u201d v\u0259 ya \u201cAT\u018fT-in Minsk Qrupunun rolu\u201d bar\u0259d\u0259 bir k\u0259lm\u0259 d\u0259 dan\u0131\u015f\u0131lmay\u0131b, \u201cErm\u0259nistan\u0131n \u0259razi b\u00fct\u00f6vl\u00fcy\u00fcn\u00fcn pozulmas\u0131\u201d v\u0259 ya z\u0259rur\u0259td\u0259n b\u0259hs edilm\u0259yib. Az\u0259rbaycan qo\u015funlar\u0131n\u0131 haradansa \u00e7\u0131xarmaq \u2013 b\u00fct\u00fcn bunlar\u0131 Pa\u015finyan inadla t\u0259kid edib. Amma s\u0259n\u0259dd\u0259 laz\u0131mi \u201ckonkret layih\u0259l\u0259rin s\u00fcr\u0259tl\u0259 h\u0259yata ke\u00e7irilm\u0259si\u201d v\u0259 delimitasiya v\u0259 demarkasiya prosesinin ba\u015flanmas\u0131 (bunlar Bak\u0131 v\u0259 Moskvan\u0131n t\u0259l\u0259bl\u0259ridir) haqq\u0131nda deyilir.<\/p>\n<p><strong>N\u00f6vb\u0259ti s\u00fcrpriz &#8211; A\u015fqabad sammiti<\/strong><\/p>\n<p>Erm\u0259ni t\u0259r\u0259fi \u00fc\u00e7\u00fcn xo\u015fag\u0259lm\u0259z x\u0259b\u0259rl\u0259r bununla bitm\u0259yib. Bel\u0259 ki, noyabr\u0131n 28-d\u0259 \u0130qtisadi \u018fm\u0259kda\u015fl\u0131q T\u0259\u015fkilat\u0131n\u0131n (\u0130\u018fT) A\u015fqabadda ke\u00e7iril\u0259n sammitind\u0259 bu beyn\u0259lxalq strukturun \u00fczv\u00fc olmayan Erm\u0259nistan\u0131 yeni s\u00fcrprizl\u0259r g\u00f6zl\u0259yirdi. \u0130\u018fT-in yekun b\u0259yannam\u0259sinin m\u0259tnind\u0259 t\u0259\u015fkilata \u00fczv d\u00f6vl\u0259tl\u0259rin r\u0259hb\u0259rl\u0259ri Az\u0259rbaycan\u0131 i\u015f\u011fal olunmu\u015f \u0259razil\u0259rin azad edilm\u0259si v\u0259 \u0259razi b\u00fct\u00f6vl\u00fcy\u00fcn\u00fcn b\u0259rpas\u0131 \u2013 ba\u015fqa s\u00f6zl\u0259, Qaraba\u011f m\u00fcharib\u0259sind\u0259 q\u0259l\u0259b\u0259 m\u00fcnasib\u0259til\u0259 t\u0259brik edibl\u0259r. \u0130r\u0259van \u00fc\u00e7\u00fcn \u0259n t\u0259hqiredicisi odur ki, s\u0259n\u0259di imzalayanlar aras\u0131nda Qazax\u0131stan, Q\u0131r\u011f\u0131z\u0131stan, Tacikistan (\u00fc\u00e7 KTMT \u00f6lk\u0259si), el\u0259c\u0259 d\u0259 \u0130ran prezidentl\u0259ri var. \u0130lham \u018fliyevl\u0259 iranl\u0131 h\u0259mkar\u0131 \u0130brahim R\u0259isi aras\u0131nda ke\u00e7iril\u0259n g\u00f6r\u00fc\u015fd\u0259 t\u00fcrkm\u0259n qaz\u0131n\u0131n \u0130ran vasit\u0259sil\u0259 Az\u0259rbaycana m\u00fcbadil\u0259 n\u0259qlin\u0259 dair \u00fc\u00e7t\u0259r\u0259fli raz\u0131la\u015fma \u0259ld\u0259 olunub. Bu, Erm\u0259nistan\u0131n diplomatik m\u00f6vqel\u0259rin\u0259 a\u011f\u0131r z\u0259rb\u0259dir. Faktiki olaraq, Bak\u0131 v\u0259 Tehran \u00e7\u0259tin m\u00fcnasib\u0259tl\u0259rini tamamil\u0259 yenid\u0259n qurdular v\u0259 qaz sah\u0259sind\u0259 birg\u0259 layih\u0259y\u0259 ba\u015flamaqla bu m\u00fcnasib\u0259tl\u0259rd\u0259 yeni s\u0259hif\u0259 a\u00e7d\u0131lar. T\u00fcrkm\u0259n qaz\u0131n\u0131n \u0130ran \u00fcz\u0259rind\u0259n ke\u00e7m\u0259si il\u0259 h\u0259m Bak\u0131n\u0131n, h\u0259m d\u0259 Tehran\u0131n Avropan\u0131n enerji t\u0259hl\u00fck\u0259sizliyinin t\u0259min edilm\u0259sind\u0259 potensial rolu b\u00fct\u00fcn siyasi n\u0259tic\u0259l\u0259rl\u0259 avtomatik olaraq art\u0131r. Br\u00fcsselin Erm\u0259nistan\u0131n Az\u0259rbaycanla ba\u011fl\u0131 \u015fikay\u0259tl\u0259rin\u0259 \u0259vv\u0259lki h\u0259ssasl\u0131\u011f\u0131 n\u00fcmayi\u015f etdirib-etdirm\u0259y\u0259c\u0259yi is\u0259 sual do\u011furur.<\/p>\n<p><strong>Erm\u0259nistan \u00fc\u00e7\u00fcn son se\u00e7imi etm\u0259k vaxt\u0131<\/strong><\/p>\n<p>Rusiya-Erm\u0259nistan Universitetinin professoru Vahe Davtyan bu m\u00fcqavil\u0259ni bel\u0259 \u015f\u0259rh edir: \u201cTehran v\u0259 Bak\u0131 T\u00fcrkm\u0259nistandan Az\u0259rbaycana \u0130ran vasit\u0259sil\u0259 qaz n\u0259qli haqq\u0131nda m\u00fcqavil\u0259 imzalay\u0131b. Erm\u0259nistan yenid\u0259n s\u00f6vd\u0259l\u0259\u015fm\u0259 predmeti kimi istifad\u0259 olunur. Bel\u0259 bir m\u00fcqavil\u0259nin imzalanmas\u0131 ki\u00e7ik v\u0259 ya texniki diversifikasiya deyil. Bu, t\u0259r\u0259fl\u0259r aras\u0131nda strateji m\u00fcnasib\u0259tl\u0259rin qurulmas\u0131 siyas\u0259tinin birba\u015fa n\u0259tic\u0259l\u0259rind\u0259n biridir. G\u00f6r\u00fcn\u0259n odur ki, regional oyun\u00e7ular \u015eimal-C\u0259nub n\u0259qliyyat v\u0259 enerji mar\u015frutunun logistikas\u0131 il\u0259 ba\u011fl\u0131 raz\u0131l\u0131\u011fa g\u0259libl\u0259r\u201d. Onun s\u00f6zl\u0259rin\u0259 g\u00f6r\u0259, bu hadis\u0259 Erm\u0259nistan\u0131n regiondak\u0131 m\u00f6vqel\u0259rin\u0259 m\u0259nfi t\u0259sir g\u00f6st\u0259r\u0259 bil\u0259r. Do\u011frudan da, bu g\u00fcn Erm\u0259nistan \u00f6z\u00fcn\u00fc kifay\u0259t q\u0259d\u0259r inc\u0259 m\u00f6vqey\u0259 s\u00fcr\u00fckl\u0259yib. Klassik m\u00fctt\u0259fiql\u0259rl\u0259 (Rusiya v\u0259 dig\u0259r KTMT \u00f6lk\u0259l\u0259ri) m\u00fcnasib\u0259tl\u0259r Erm\u0259nistan hakimiyy\u0259tinin \u00e7ox vaxt situasiya q\u0259rarlar\u0131na \u0259saslanan uzaqg\u00f6r\u0259n xarici siyas\u0259ti ucbat\u0131ndan korlanm\u0131\u015fd\u0131. Az\u0259rbaycan-\u0130ran m\u00fcnasib\u0259tl\u0259rind\u0259 g\u0259rginlik amilind\u0259n istifad\u0259 etm\u0259k c\u0259hdl\u0259ri d\u0259 m\u0259hz Bak\u0131 il\u0259 Tehran\u0131n m\u00fch\u00fcm siyasi v\u0259 iqtisadi m\u0259s\u0259l\u0259l\u0259rd\u0259 raz\u0131l\u0131\u011fa g\u0259ldiyi bir vaxtda u\u011fursuzlu\u011fa d\u00fc\u00e7ar oldu. Yaln\u0131z Q\u0259rb\u0259 \u00fcmid qal\u0131r, amma burada da h\u0259r \u015fey o q\u0259d\u0259r d\u0259 sad\u0259 deyil: A\u0130 v\u0259 AB\u015e \u00e7ox uzaqdad\u0131r v\u0259 onlar regionla ba\u011fl\u0131 q\u0259rar vermirl\u0259r. Onlar\u0131n maraqlar\u0131, \u0259sas\u0259n, enerji v\u0259 n\u0259qliyyat komponentl\u0259ri il\u0259 m\u0259hdudla\u015f\u0131r v\u0259 burada yen\u0259 d\u0259 b\u00fct\u00fcn koz\u0131rlar Bak\u0131n\u0131n \u0259lind\u0259dir.<\/p>\n<p>Y\u0259qin ki, Erm\u0259nistan\u0131n m\u00fch\u00fcm regional m\u0259s\u0259l\u0259l\u0259rin s\u0131rf regional oyun\u00e7ular t\u0259r\u0259find\u0259n h\u0259llini n\u0259z\u0259rd\u0259 tutan \u201c3+3\u201d platformas\u0131na qo\u015fulmaqdan ba\u015fqa yolu qalmayacaq. Bel\u0259 bir \u015f\u0259raitd\u0259 AT\u018fT-in Minsk Qrupu, \u015e\u0259rq T\u0259r\u0259fda\u015fl\u0131\u011f\u0131 v\u0259 dig\u0259r Q\u0259rb strukturlar\u0131n\u0131n C\u0259nubi Qafqaza t\u0259sir mexanizml\u0259ri getdikc\u0259 daha da az aktual olur. Bu o dem\u0259kdir ki, Erm\u0259nistan\u0131n regional \u0259m\u0259kda\u015fl\u0131q lehin\u0259 son se\u00e7imi etm\u0259k v\u0259 qon\u015fular\u0131na \u0259razi iddialar\u0131ndan \u0259l \u00e7\u0259km\u0259k vaxt\u0131d\u0131r.<\/p>\n","protected":false},"excerpt":{"rendered":"<p>Q\u0259rbin n\u00fcfuzlu n\u0259\u015frind\u0259n x\u0259b\u0259rdarl\u0131q: \u201cErm\u0259nistan\u0131n sazi\u015f \u00fczr\u0259 \u00f6hd\u0259likl\u0259ri yerin\u0259 yetirm\u0259m\u0259si regionda n\u00f6vb\u0259ti d\u0259f\u0259 sabitliyin pozulmas\u0131na g\u0259tirib \u00e7\u0131xara bil\u0259r\u201d. \u00d6t\u0259n h\u0259ft\u0259 C\u0259nubi Qafqaz regionuna birba\u015fa t\u0259sir ed\u0259n m\u00fch\u00fcm siyasi hadis\u0259l\u0259rl\u0259 z\u0259ngin olub. \u018fvv\u0259lc\u0259 So\u00e7i, ard\u0131nca da A\u015fqabadda ba\u015f tutan g\u00f6r\u00fc\u015fl\u0259r regional siyas\u0259td\u0259 yeni d\u00f6n\u00fc\u015f yarad\u0131b. So\u00e7id\u0259 \u00fc\u00e7t\u0259r\u0259fli g\u00f6r\u00fc\u015fd\u0259 t\u0259r\u0259fl\u0259rin m\u0259tbuata verdiyi b\u0259yanatlar Z\u0259ng\u0259zur d\u0259hlizi il\u0259 ba\u011fl\u0131 m\u00fch\u00fcm raz\u0131la\u015fmalar\u0131n \u0259ld\u0259 olunmas\u0131ndan, h\u0259m\u00e7inin s\u0259rh\u0259din delimitasiyas\u0131 v\u0259 demarkasiyas\u0131 prosesinin ba\u015flanmas\u0131ndan x\u0259b\u0259r verir. \u00dcmidsiz m\u00fcqavim\u0259t\u0259 baxmayaraq, Nikol Pa\u015finyan yen\u0259 d\u0259 Bak\u0131 v\u0259 Moskvan\u0131n bu iki t\u0259l\u0259bi il\u0259 raz\u0131la\u015fmal\u0131 olub. Yay\u0131lan m\u0259lumatlara g\u00f6r\u0259, delimitasiya layih\u0259l\u0259ri Br\u00fcssel&hellip;<\/p>\n","protected":false},"author":2,"featured_media":412384,"comment_status":"closed","ping_status":"closed","sticky":false,"template":"","format":"standard","meta":{"om_disable_all_campaigns":false,"_monsterinsights_skip_tracking":false,"_monsterinsights_sitenote_active":false,"_monsterinsights_sitenote_note":"","_monsterinsights_sitenote_category":0},"categories":[4],"tags":[],"aioseo_notices":[],"gutentor_comment":0,"rttpg_featured_image_url":{"full":["https:\/\/arantv.az\/wp-content\/uploads\/2021\/12\/FotoJet-2021-12-05T123652.813.jpg",620,413,false],"landscape":["https:\/\/arantv.az\/wp-content\/uploads\/2021\/12\/FotoJet-2021-12-05T123652.813.jpg",620,413,false],"portraits":["https:\/\/arantv.az\/wp-content\/uploads\/2021\/12\/FotoJet-2021-12-05T123652.813.jpg",620,413,false],"thumbnail":["https:\/\/arantv.az\/wp-content\/uploads\/2021\/12\/FotoJet-2021-12-05T123652.813-500x280.jpg",500,280,true],"medium":["https:\/\/arantv.az\/wp-content\/uploads\/2021\/12\/FotoJet-2021-12-05T123652.813-548x365.jpg",548,365,true],"large":["https:\/\/arantv.az\/wp-content\/uploads\/2021\/12\/FotoJet-2021-12-05T123652.813.jpg",620,413,false],"1536x1536":["https:\/\/arantv.az\/wp-content\/uploads\/2021\/12\/FotoJet-2021-12-05T123652.813.jpg",620,413,false],"2048x2048":["https:\/\/arantv.az\/wp-content\/uploads\/2021\/12\/FotoJet-2021-12-05T123652.813.jpg",620,413,false],"post-thumbnail":["https:\/\/arantv.az\/wp-content\/uploads\/2021\/12\/FotoJet-2021-12-05T123652.813-240x172.jpg",240,172,true],"advps-thumb-one":["https:\/\/arantv.az\/wp-content\/uploads\/2021\/12\/FotoJet-2021-12-05T123652.813.jpg",620,413,false]},"rttpg_author":{"display_name":"V\u00fcsal Rafiqo\u011flu","author_link":"https:\/\/arantv.az\/?author=2"},"rttpg_comment":0,"rttpg_category":"<a href=\"https:\/\/arantv.az\/?cat=4\" rel=\"category\">Siyas\u0259t<\/a>","rttpg_excerpt":"Q\u0259rbin n\u00fcfuzlu n\u0259\u015frind\u0259n x\u0259b\u0259rdarl\u0131q: \u201cErm\u0259nistan\u0131n sazi\u015f \u00fczr\u0259 \u00f6hd\u0259likl\u0259ri yerin\u0259 yetirm\u0259m\u0259si regionda n\u00f6vb\u0259ti d\u0259f\u0259 sabitliyin pozulmas\u0131na g\u0259tirib \u00e7\u0131xara bil\u0259r\u201d. \u00d6t\u0259n h\u0259ft\u0259 C\u0259nubi Qafqaz regionuna birba\u015fa t\u0259sir ed\u0259n m\u00fch\u00fcm siyasi hadis\u0259l\u0259rl\u0259 z\u0259ngin olub. \u018fvv\u0259lc\u0259 So\u00e7i, ard\u0131nca da A\u015fqabadda ba\u015f tutan g\u00f6r\u00fc\u015fl\u0259r regional siyas\u0259td\u0259 yeni d\u00f6n\u00fc\u015f yarad\u0131b. So\u00e7id\u0259 \u00fc\u00e7t\u0259r\u0259fli g\u00f6r\u00fc\u015fd\u0259 t\u0259r\u0259fl\u0259rin m\u0259tbuata verdiyi b\u0259yanatlar Z\u0259ng\u0259zur d\u0259hlizi il\u0259 ba\u011fl\u0131&hellip;","_links":{"self":[{"href":"https:\/\/arantv.az\/index.php?rest_route=\/wp\/v2\/posts\/412383"}],"collection":[{"href":"https:\/\/arantv.az\/index.php?rest_route=\/wp\/v2\/posts"}],"about":[{"href":"https:\/\/arantv.az\/index.php?rest_route=\/wp\/v2\/types\/post"}],"author":[{"embeddable":true,"href":"https:\/\/arantv.az\/index.php?rest_route=\/wp\/v2\/users\/2"}],"replies":[{"embeddable":true,"href":"https:\/\/arantv.az\/index.php?rest_route=%2Fwp%2Fv2%2Fcomments&post=412383"}],"version-history":[{"count":0,"href":"https:\/\/arantv.az\/index.php?rest_route=\/wp\/v2\/posts\/412383\/revisions"}],"wp:featuredmedia":[{"embeddable":true,"href":"https:\/\/arantv.az\/index.php?rest_route=\/wp\/v2\/media\/412384"}],"wp:attachment":[{"href":"https:\/\/arantv.az\/index.php?rest_route=%2Fwp%2Fv2%2Fmedia&parent=412383"}],"wp:term":[{"taxonomy":"category","embeddable":true,"href":"https:\/\/arantv.az\/index.php?rest_route=%2Fwp%2Fv2%2Fcategories&post=412383"},{"taxonomy":"post_tag","embeddable":true,"href":"https:\/\/arantv.az\/index.php?rest_route=%2Fwp%2Fv2%2Ftags&post=412383"}],"curies":[{"name":"wp","href":"https:\/\/api.w.org\/{rel}","templated":true}]}}