{"id":412398,"date":"2021-12-05T18:51:51","date_gmt":"2021-12-05T15:51:51","guid":{"rendered":"http:\/\/arantv.az\/?p=412398"},"modified":"2021-12-05T18:51:51","modified_gmt":"2021-12-05T15:51:51","slug":"bu-d%c9%99f%c9%99-erm%c9%99nistanin-seytanligi-iran-az%c9%99rbaycan-munasib%c9%99tl%c9%99rin%c9%99-t%c9%99sir-gost%c9%99r%c9%99-bilm%c9%99di-t%c9%99hlil","status":"publish","type":"post","link":"https:\/\/arantv.az\/?p=412398","title":{"rendered":"Bu d\u0259f\u0259 Erm\u0259nistan\u0131n \u201c\u015feytanl\u0131\u011f\u0131\u201d \u0130ran-Az\u0259rbaycan m\u00fcnasib\u0259tl\u0259rin\u0259 t\u0259sir g\u00f6st\u0259r\u0259 bilm\u0259di &#8211; T\u018fHL\u0130L"},"content":{"rendered":"<p>Ekspertl\u0259r A\u015fqabadda T\u00fcrkm\u0259nistan qaz\u0131n\u0131n \u0130ran vasit\u0259sil\u0259 Az\u0259rbaycana n\u0259ql edilm\u0259sini n\u0259z\u0259rd\u0259 tutan m\u00fcqavil\u0259nin imzalanmas\u0131ndan sonra bir s\u0131ra \u00f6lk\u0259l\u0259rin d\u0259 C\u0259nub-\u015eimal n\u0259qliyyat d\u0259hlizind\u0259 aktiv rol oynayaca\u011f\u0131n\u0131 proqnozla\u015fd\u0131r\u0131rlar.<\/p>\n<p>A\u015fqabad sammiti b\u00f6lg\u0259d\u0259 yaranm\u0131\u015f yeni geosiyasi reall\u0131\u011f\u0131n formala\u015fmas\u0131 yolunda m\u00fch\u00fcm hadis\u0259 kimi yadda qald\u0131. Bu sammitd\u0259 iqtisadi \u0259m\u0259kda\u015fl\u0131\u011f\u0131n yeni m\u0259rh\u0259l\u0259sin\u0259 q\u0259d\u0259m qoyuldu. Amma h\u0259m d\u0259 b\u00f6lg\u0259 \u00f6lk\u0259l\u0259rini bir-birin\u0259 siyasi m\u00fcnasib\u0259tl\u0259r kontekstind\u0259 yax\u0131nla\u015fd\u0131rd\u0131. 44 g\u00fcnl\u00fck V\u0259t\u0259n m\u00fcharib\u0259si d\u00f6vr\u00fcnd\u0259 v\u0259 ondan sonra \u0130ranla Az\u0259rbaycan aras\u0131nda yaranm\u0131\u015f siyasi g\u0259rginlik fonunda m\u00fcxt\u0259lif t\u0259zadl\u0131 fikirl\u0259r s\u0259sl\u0259ndirilirdi. Lakin Az\u0259rbaycan Prezidenti \u0130lham \u018fliyev v\u0259 \u0130ran Prezidenti Seyid \u0130brahim R\u0259isinin A\u015fqabaddak\u0131 g\u00f6r\u00fc\u015f\u00fc iki \u00f6lk\u0259nin m\u00fcnasib\u0259tl\u0259rin\u0259 yeni bir yana\u015fman\u0131 ortaya qoymu\u015f oldu. Erm\u0259nistan\u0131n uzun ill\u0259r \u0259rzind\u0259 el\u0259diyi \u201c\u015feytanl\u0131q\u201d bu d\u0259f\u0259 d\u0259 Az\u0259rbaycan-\u0130ran m\u00fcnasib\u0259tl\u0259rin\u0259 t\u0259sir g\u00f6st\u0259rm\u0259di. Bundan sonra iki \u00f6lk\u0259 aras\u0131ndak\u0131 \u0259laq\u0259l\u0259rin yeni m\u0259rh\u0259l\u0259sind\u0259 hans\u0131 m\u00fcsb\u0259t meyill\u0259r m\u00fc\u015fahid\u0259 edil\u0259c\u0259k?<\/p>\n<p><img src=\"https:\/\/cdn.oxu.az\/uploads\/W1siZiIsIjIwMjEvMTIvMDUvMTMvMjIvMzkvZTMxNjkzZjMtOWNjZi00NDZlLTkwYTUtZDllMGJjMjEzNGVlLzE2Mzg1Mzc5MzNfMi5qcGciXSxbInAiLCJlbmNvZGUiLCJqcGciLCItcXVhbGl0eSA4MCJdLFsicCIsInRodW1iIiwiNTkweDU5MFx1MDAzZSJdXQ?sha=d73071faf127a380\" alt=\"\" \/><\/p>\n<p>M\u00f6vzu il\u0259 ba\u011fl\u0131\u00a0<a href=\"https:\/\/kaspi.az\/az\/ermeni-seytanliindan-kenar-munasibet-tehlil\" target=\"_blank\" rel=\"noopener\"><strong>\u201cKaspi\u201d q\u0259zeti<\/strong><\/a>\u00a0yaz\u0131 d\u0259rc edib.<\/p>\n<div id=\"AdviadNativeVideo0\" class=\"AdviadNativeVideo\"><\/div>\n<p><strong>Prezidentl\u0259r aras\u0131nda ilk t\u0259mas<\/strong><\/p>\n<p>M\u00f6vzu il\u0259 ba\u011fl\u0131 \u201cKaspi\u201d q\u0259zetin\u0259 a\u00e7\u0131qlamas\u0131nda politoloq F\u0259rhad M\u0259mm\u0259dov bildirdi ki, A\u015fqabadda Az\u0259rbaycan-\u0130ran prezidentl\u0259rinin ilk t\u0259mas\u0131 ba\u015f verdi v\u0259 bu da m\u00fch\u00fcm bir q\u0259rarla yekunla\u015fd\u0131: \u201cBu q\u0259rar da \u0130ran vasit\u0259sil\u0259 t\u00fcrkm\u0259n qaz\u0131n\u0131n al\u0131nmas\u0131d\u0131r. Hesab edir\u0259m ki, bu da \u00e7ox vacibdir. \u00c7\u00fcnki art\u0131q ilk t\u0259mas iqtisadi xarakterli q\u0259rar\u0131n \u0259sas\u0131n\u0131 t\u0259\u015fkil el\u0259di. N\u0259z\u0259r\u0259 almaq laz\u0131md\u0131r ki, \u0130ran-Az\u0259rbaycan m\u00fcnasib\u0259tl\u0259rinin son on illik tarixi g\u00f6st\u0259rir ki, bu, qar\u015f\u0131l\u0131ql\u0131 m\u0259nf\u0259\u0259t v\u0259 b\u0259rab\u0259rh\u00fcquqlu \u015f\u0259raitd\u0259 ba\u015f verib. Eyni zamanda yax\u0131n bir ne\u00e7\u0259 ay \u0259rzind\u0259 \u0130ran \u00fcz\u0259rind\u0259n sanksiyalar\u0131n qald\u0131r\u0131lmas\u0131 g\u00f6zl\u0259nilir. Bu da \u0130ran\u0131n d\u00fcnyaya a\u00e7\u0131lmas\u0131na v\u0259 iqtisadiyyat\u0131n\u0131n daha f\u0259al \u015f\u0259kild\u0259 inki\u015faf\u0131na g\u0259tirib \u00e7\u0131xaracaq. O c\u00fcml\u0259d\u0259n Az\u0259rbaycanla yar\u0131da qalm\u0131\u015f n\u0259qliyyat layih\u0259l\u0259ri v\u0259 dig\u0259rl\u0259rinin yenid\u0259n b\u0259rpa olunmas\u0131 v\u0259 canlanmas\u0131 m\u00fc\u015fahid\u0259 olunacaq. Bunlar\u0131 n\u0259z\u0259r\u0259 alaraq dey\u0259 bil\u0259rik ki, Az\u0259rbaycan v\u0259 \u0130ran prezidentl\u0259rinin g\u00f6r\u00fc\u015f\u00fc s\u0259m\u0259r\u0259li ke\u00e7di. H\u0259tta n\u00fcmay\u0259nd\u0259 hey\u0259tl\u0259rinin t\u0259rkibin\u0259 d\u0259 baxsaq, g\u00f6r\u0259rik ki, h\u0259m xarici siyas\u0259t, h\u0259m t\u0259hl\u00fck\u0259sizlik, h\u0259m d\u0259 iqtisadiyyat m\u0259s\u0259l\u0259l\u0259ri m\u00fczakir\u0259 olundu. Bu da \u00f6z n\u00f6vb\u0259sind\u0259 \u0130ran-Az\u0259rbaycan m\u00fcnasib\u0259tl\u0259rinin geni\u015f \u015fax\u0259li oldu\u011funu n\u00fcmayi\u015f etdirir\u201d.<\/p>\n<p><img src=\"https:\/\/cdn.oxu.az\/uploads\/W1siZiIsIjIwMjEvMTIvMDUvMTMvMjIvMzkvZTI3MDY1YjMtY2U1YS00YWJjLTg0MjItNDcxYmQ5M2NjZjUzLzE2Mzg1Mzc5MTVfNC5qcGciXSxbInAiLCJlbmNvZGUiLCJqcGciLCItcXVhbGl0eSA4MCJdLFsicCIsInRodW1iIiwiNTkweDU5MFx1MDAzZSJdXQ?sha=f0a00a1cf02cc279\" alt=\"\" \/><\/p>\n<p><strong>\u201cB\u00f6y\u00fck tikintil\u0259r g\u00f6zl\u0259nilir\u201d<\/strong><\/p>\n<p>Politoloq qeyd etdi ki, iki \u00f6lk\u0259 aras\u0131ndak\u0131 m\u00fcnasib\u0259tl\u0259rl\u0259 ba\u011fl\u0131 bir m\u0259s\u0259l\u0259ni d\u0259 qeyd etm\u0259k m\u00fcmk\u00fcnd\u00fcr: \u201cBu da Az\u0259rbaycan\u0131n planlar\u0131 il\u0259 ba\u011fl\u0131d\u0131r. \u0130\u015f\u011faldan azad olunmu\u015f \u0259razil\u0259rin b\u0259rpas\u0131nda \u0130ran \u015firk\u0259tl\u0259rinin i\u015ftirak\u0131, x\u00fcsusil\u0259 tikinti materiallar\u0131 il\u0259 \u0259laq\u0259dar m\u0259s\u0259l\u0259dir. Bilirsiniz ki, b\u00f6y\u00fck tikintil\u0259r g\u00f6zl\u0259nilir. Tikinti prosesinin d\u0259 \u00f6z\u0259lliyi ondan ibar\u0259tdir ki, m\u0259hsulu n\u0259ql etm\u0259k kifay\u0259t q\u0259d\u0259r bahal\u0131 oldu\u011fu \u00fc\u00e7\u00fcn istehsal sah\u0259sinin yax\u0131n olmas\u0131 bir o q\u0259d\u0259r yax\u015f\u0131d\u0131r. Ona g\u00f6r\u0259 d\u0259, \u0130ran bu kontekstd\u0259, \u0259lb\u0259tt\u0259 ki, \u00f6z rolunu v\u0259 yerini tapa bil\u0259r. Bu da Az\u0259rbaycan-\u0130ran ticar\u0259t m\u00fcnasib\u0259tl\u0259rind\u0259 m\u00fcsb\u0259t m\u0259nada \u00f6z \u0259ksini tapacaq\u201d.<\/p>\n<p><img src=\"https:\/\/cdn.oxu.az\/uploads\/W1siZiIsIjIwMjEvMTIvMDUvMTMvMjIvMzkvN2Q2NjM3MzQtZGViNy00YmE4LTllOTktYjZiYTUwM2Q1ZWQxLzE2Mzg1Mzc5MjNfZmVyaGFkLW1lbW1lZG92LXBvbGl0b2xvcS5qcGciXSxbInAiLCJlbmNvZGUiLCJqcGciLCItcXVhbGl0eSA4MCJdLFsicCIsInRodW1iIiwiNTkweDU5MFx1MDAzZSJdXQ?sha=8f1934b2816b6d60\" alt=\"\" \/><\/p>\n<p><strong>\u201c\u0130ran\u0131n Avrasiya \u0130ttifaq\u0131 il\u0259 m\u00fcnasib\u0259tl\u0259ri d\u0259rinl\u0259\u015fir\u201d<\/strong><\/p>\n<p>F.M\u0259mm\u0259dov vur\u011fulad\u0131 ki, Az\u0259rbaycan-\u0130ran aras\u0131nda n\u0259qliyyat- logistika m\u00f6vzusu vacib sah\u0259l\u0259rd\u0259ndir: \u201c\u00c7\u00fcnki \u0130ran\u0131n Avrasiya \u0130qtisadi \u0130ttifaq\u0131 il\u0259 m\u00fcnasib\u0259tl\u0259ri d\u0259rinl\u0259\u015fir v\u0259 yax\u0131n bir ne\u00e7\u0259 ay \u0259rzind\u0259 bu qurumla r\u0259smi Tehran aras\u0131nda m\u00fcnasib\u0259tl\u0259rin keyfiyy\u0259tc\u0259 yeni m\u0259rh\u0259l\u0259y\u0259 q\u0259d\u0259m qoyaca\u011f\u0131 g\u00f6zl\u0259nil\u0259ndir. Art\u0131q b\u00fct\u00fcn haz\u0131rl\u0131q i\u015fl\u0259ri bitib. Bu da eyni zamanda \u0130ranla bu m\u0259kan\u0131n ticar\u0259t d\u00f6vriyy\u0259sin\u0259 m\u00fcsb\u0259t t\u0259sir ed\u0259c\u0259k. \u018fn b\u00f6y\u00fck bazar Rusiya Federasiyas\u0131d\u0131rsa, daha sonra Belarusdursa, bu \u00f6lk\u0259l\u0259rl\u0259 n\u0259qliyyat \u0259laq\u0259si Az\u0259rbaycan \u00fcz\u0259rind\u0259ndir. Az\u0259rbaycan da bu istiqam\u0259td\u0259 \u00f6z m\u00fcsb\u0259t rolunu oynama\u011fa haz\u0131rd\u0131r. \u018flb\u0259tt\u0259, Z\u0259ng\u0259zur d\u0259hlizi il\u0259 ba\u011fl\u0131 m\u0259s\u0259l\u0259l\u0259r d\u0259 vard\u0131r ki, burada da a\u00e7\u0131lan imkanlar \u0130ran \u00fc\u00e7\u00fcn d\u0259 n\u0259z\u0259rd\u0259n ke\u00e7iril\u0259 bil\u0259r. Y\u0259ni \u0130ran bu d\u0259hlizd\u0259n istifad\u0259 edib \u00f6z y\u00fckl\u0259rini h\u0259m Erm\u0259nistan \u00fcz\u0259rind\u0259n G\u00fcrc\u00fcstana, Qara d\u0259niz\u0259, eyni zamanda T\u00fcrkiy\u0259y\u0259 v\u0259 daha sonra Avropaya n\u0259ql ed\u0259 bil\u0259r. B\u00fct\u00fcn bu istiqam\u0259tl\u0259r \u00fczr\u0259 Az\u0259rbaycan-\u0130ran m\u00fcnasib\u0259tl\u0259ri iqtisadi s\u0259viyy\u0259d\u0259 \u00e7ox g\u00fccl\u00fc potensiala malikdir\u201d.<\/p>\n<p><img src=\"https:\/\/cdn.oxu.az\/uploads\/W1siZiIsIjIwMjEvMTIvMDUvMTMvMjIvMzkvMzAzNWY5YTMtNzQ2MC00YjAxLWE1YTYtMDQwZGMxYTNiNDBmLzE2Mzg1MzgwNjFfemF1ci1tZW1tZWRvdi1wb2xpdG9sb3EuanBnIl0sWyJwIiwiZW5jb2RlIiwianBnIiwiLXF1YWxpdHkgODAiXSxbInAiLCJ0aHVtYiIsIjU5MHg1OTBcdTAwM2UiXV0?sha=c51f50b3d0ab4761\" alt=\"\" \/><br \/>\n<strong>\u201cM\u00fcnasib\u0259tl\u0259r eni\u015fli-yoxu\u015flu olub\u201d<\/strong><\/p>\n<p>Prezident yan\u0131nda \u0130dar\u0259\u00e7ilik Akademiyas\u0131n\u0131n m\u00fc\u015faviri, Bak\u0131 Politoloqlar Klubunun s\u0259dri Zaur M\u0259mm\u0259dov bildirdi ki, Az\u0259rbaycanla \u0130ran aras\u0131nda m\u00fcnasib\u0259tl\u0259r olduqca vacibdir: \u201cOtuz il \u0259rzind\u0259 m\u00fcxt\u0259lif zamanlarda h\u0259min m\u00fcnasib\u0259tl\u0259r eni\u015fli- yoxu\u015flu olmu\u015fdur. R\u0259smi Bak\u0131 h\u0259r zaman qon\u015fu \u00f6lk\u0259l\u0259rl\u0259 m\u00fcnasib\u0259tl\u0259rd\u0259 sabitliy\u0259 \u00f6n\u0259m verir. A\u015fqabaddak\u0131 g\u00f6r\u00fc\u015fd\u0259, \u0259lb\u0259tt\u0259 ki, iki t\u0259r\u0259f aras\u0131nda yeni s\u0259hif\u0259 a\u00e7\u0131ld\u0131. R\u0259isi \u0130randa hakimiyy\u0259t\u0259 g\u0259l\u0259nd\u0259n sonra ilk d\u0259f\u0259 idi ki, onun Az\u0259rbaycan Prezidenti \u0130lham \u018fliyevl\u0259 g\u00f6r\u00fc\u015f\u00fc ba\u015f tuturdu. A\u015fqabadda T\u00fcrkm\u0259nistan, \u0130ran v\u0259 Az\u0259rbaycan aras\u0131nda s\u0259n\u0259din imzalanmas\u0131 oldu. Bununla da t\u00fcrkm\u0259n qaz\u0131n\u0131n \u0130ran vasit\u0259sil\u0259 Az\u0259rbaycana n\u0259ql edilm\u0259si n\u0259z\u0259rd\u0259 tutulub. T\u0259bii ki, bu tarixi bir s\u0259n\u0259ddir v\u0259 biz qar\u015f\u0131da iki \u00f6lk\u0259 aras\u0131nda, eyni zamanda \u0130ran vasit\u0259sil\u0259 dig\u0259r \u00f6lk\u0259l\u0259rin d\u0259 C\u0259nub-\u015eimal n\u0259qliyyat d\u0259hlizind\u0259 aktiv rol oynayaca\u011f\u0131n\u0131 d\u00fc\u015f\u00fcn\u00fcr\u00fck\u201d.<\/p>\n<p><img src=\"https:\/\/cdn.oxu.az\/uploads\/W1siZiIsIjIwMjEvMTIvMDUvMTMvMjIvMzkvZTJlZTI4NDQtNDY1Zi00MjczLWIwMWMtZDNlMmMwNzBjMmQzLzE2Mzg1Mzc5MzlfMy5qcGciXSxbInAiLCJlbmNvZGUiLCJqcGciLCItcXVhbGl0eSA4MCJdLFsicCIsInRodW1iIiwiNTkweDU5MFx1MDAzZSJdXQ?sha=77355df35361c4c7\" alt=\"\" \/><\/p>\n<p><strong>\u201cBak\u0131 v\u0259 Tehran\u0131 \u0259m\u0259kda\u015fl\u0131q g\u00f6zl\u0259yir\u201d<\/strong><\/p>\n<p>Z.M\u0259mm\u0259dovun s\u00f6zl\u0259rin\u0259 g\u00f6r\u0259, son prosesl\u0259r bir daha g\u00f6st\u0259rir ki, ist\u0259r \u015e\u0259rq-Q\u0259rb, ist\u0259r C\u0259nub-\u015eimal, ist\u0259rs\u0259 d\u0259 C\u0259nub-Q\u0259rb layih\u0259l\u0259rind\u0259 Az\u0259rbaycan m\u00fch\u00fcm yer tutur: \u201cBundan sonra da \u00f6lk\u0259miz bu istiqam\u0259td\u0259 m\u00fch\u00fcm add\u0131mlar atacaq. Qar\u015f\u0131da Bak\u0131 v\u0259 Tehran\u0131 m\u00fcxt\u0259lif sah\u0259l\u0259rd\u0259 \u0259m\u0259kda\u015fl\u0131q g\u00f6zl\u0259yir. Bildiyimiz kimi, postm\u00fcharib\u0259 d\u00f6vr\u00fcnd\u0259 Az\u0259rbaycan b\u00fct\u00fcn t\u0259r\u0259fl\u0259r\u0259 3+2, 3+3 platformalarda yer alma\u011f\u0131 t\u0259klif edib. D\u00fc\u015f\u00fcn\u00fcr\u0259m ki, m\u00f6vcud reall\u0131q, ist\u0259s\u0259l\u0259r, ist\u0259m\u0259s\u0259l\u0259r bel\u0259 b\u0259zi d\u00f6vl\u0259tl\u0259ri bu prosesl\u0259r\u0259 qo\u015fulma\u011fa vadar ed\u0259c\u0259k. \u00dcmumilikd\u0259, biz bilirik ki, h\u0259m d\u0259 A\u015fqabad sammiti \u00e7\u0259r\u00e7iv\u0259sind\u0259 Z\u0259ng\u0259zur d\u0259hlizi ifad\u0259sind\u0259n istifad\u0259 edilib, i\u015f\u011faldan azad olunmu\u015f rayonlara investisiya qoyulu\u015funa \u00e7a\u011f\u0131r\u0131\u015flar da olub ki, bu da r\u0259smi Bak\u0131n\u0131n ist\u0259kl\u0259rin\u0259 h\u0259min sammit \u00e7\u0259r\u00e7iv\u0259sind\u0259 nail olmas\u0131 v\u0259 yeni reall\u0131\u011f\u0131n b\u00fct\u00fcn d\u00fcnya t\u0259r\u0259find\u0259n q\u0259bul edilm\u0259sinin g\u00f6st\u0259ricisidir\u201d.<\/p>\n","protected":false},"excerpt":{"rendered":"<p>Ekspertl\u0259r A\u015fqabadda T\u00fcrkm\u0259nistan qaz\u0131n\u0131n \u0130ran vasit\u0259sil\u0259 Az\u0259rbaycana n\u0259ql edilm\u0259sini n\u0259z\u0259rd\u0259 tutan m\u00fcqavil\u0259nin imzalanmas\u0131ndan sonra bir s\u0131ra \u00f6lk\u0259l\u0259rin d\u0259 C\u0259nub-\u015eimal n\u0259qliyyat d\u0259hlizind\u0259 aktiv rol oynayaca\u011f\u0131n\u0131 proqnozla\u015fd\u0131r\u0131rlar. A\u015fqabad sammiti b\u00f6lg\u0259d\u0259 yaranm\u0131\u015f yeni geosiyasi reall\u0131\u011f\u0131n formala\u015fmas\u0131 yolunda m\u00fch\u00fcm hadis\u0259 kimi yadda qald\u0131. Bu sammitd\u0259 iqtisadi \u0259m\u0259kda\u015fl\u0131\u011f\u0131n yeni m\u0259rh\u0259l\u0259sin\u0259 q\u0259d\u0259m qoyuldu. Amma h\u0259m d\u0259 b\u00f6lg\u0259 \u00f6lk\u0259l\u0259rini bir-birin\u0259 siyasi m\u00fcnasib\u0259tl\u0259r kontekstind\u0259 yax\u0131nla\u015fd\u0131rd\u0131. 44 g\u00fcnl\u00fck V\u0259t\u0259n m\u00fcharib\u0259si d\u00f6vr\u00fcnd\u0259 v\u0259 ondan sonra \u0130ranla Az\u0259rbaycan aras\u0131nda yaranm\u0131\u015f siyasi g\u0259rginlik fonunda m\u00fcxt\u0259lif t\u0259zadl\u0131 fikirl\u0259r s\u0259sl\u0259ndirilirdi. Lakin Az\u0259rbaycan Prezidenti \u0130lham \u018fliyev v\u0259 \u0130ran Prezidenti Seyid \u0130brahim R\u0259isinin A\u015fqabaddak\u0131 g\u00f6r\u00fc\u015f\u00fc iki&hellip;<\/p>\n","protected":false},"author":2,"featured_media":412399,"comment_status":"closed","ping_status":"closed","sticky":false,"template":"","format":"standard","meta":{"om_disable_all_campaigns":false,"_monsterinsights_skip_tracking":false,"_monsterinsights_sitenote_active":false,"_monsterinsights_sitenote_note":"","_monsterinsights_sitenote_category":0},"categories":[4],"tags":[],"aioseo_notices":[],"gutentor_comment":0,"rttpg_featured_image_url":{"full":["https:\/\/arantv.az\/wp-content\/uploads\/2021\/12\/FotoJet-75-1.jpg",620,413,false],"landscape":["https:\/\/arantv.az\/wp-content\/uploads\/2021\/12\/FotoJet-75-1.jpg",620,413,false],"portraits":["https:\/\/arantv.az\/wp-content\/uploads\/2021\/12\/FotoJet-75-1.jpg",620,413,false],"thumbnail":["https:\/\/arantv.az\/wp-content\/uploads\/2021\/12\/FotoJet-75-1-500x280.jpg",500,280,true],"medium":["https:\/\/arantv.az\/wp-content\/uploads\/2021\/12\/FotoJet-75-1-548x365.jpg",548,365,true],"large":["https:\/\/arantv.az\/wp-content\/uploads\/2021\/12\/FotoJet-75-1.jpg",620,413,false],"1536x1536":["https:\/\/arantv.az\/wp-content\/uploads\/2021\/12\/FotoJet-75-1.jpg",620,413,false],"2048x2048":["https:\/\/arantv.az\/wp-content\/uploads\/2021\/12\/FotoJet-75-1.jpg",620,413,false],"post-thumbnail":["https:\/\/arantv.az\/wp-content\/uploads\/2021\/12\/FotoJet-75-1-240x172.jpg",240,172,true],"advps-thumb-one":["https:\/\/arantv.az\/wp-content\/uploads\/2021\/12\/FotoJet-75-1.jpg",620,413,false]},"rttpg_author":{"display_name":"V\u00fcsal Rafiqo\u011flu","author_link":"https:\/\/arantv.az\/?author=2"},"rttpg_comment":0,"rttpg_category":"<a href=\"https:\/\/arantv.az\/?cat=4\" rel=\"category\">Siyas\u0259t<\/a>","rttpg_excerpt":"Ekspertl\u0259r A\u015fqabadda T\u00fcrkm\u0259nistan qaz\u0131n\u0131n \u0130ran vasit\u0259sil\u0259 Az\u0259rbaycana n\u0259ql edilm\u0259sini n\u0259z\u0259rd\u0259 tutan m\u00fcqavil\u0259nin imzalanmas\u0131ndan sonra bir s\u0131ra \u00f6lk\u0259l\u0259rin d\u0259 C\u0259nub-\u015eimal n\u0259qliyyat d\u0259hlizind\u0259 aktiv rol oynayaca\u011f\u0131n\u0131 proqnozla\u015fd\u0131r\u0131rlar. A\u015fqabad sammiti b\u00f6lg\u0259d\u0259 yaranm\u0131\u015f yeni geosiyasi reall\u0131\u011f\u0131n formala\u015fmas\u0131 yolunda m\u00fch\u00fcm hadis\u0259 kimi yadda qald\u0131. Bu sammitd\u0259 iqtisadi \u0259m\u0259kda\u015fl\u0131\u011f\u0131n yeni m\u0259rh\u0259l\u0259sin\u0259 q\u0259d\u0259m qoyuldu. Amma h\u0259m d\u0259 b\u00f6lg\u0259 \u00f6lk\u0259l\u0259rini bir-birin\u0259 siyasi m\u00fcnasib\u0259tl\u0259r&hellip;","_links":{"self":[{"href":"https:\/\/arantv.az\/index.php?rest_route=\/wp\/v2\/posts\/412398"}],"collection":[{"href":"https:\/\/arantv.az\/index.php?rest_route=\/wp\/v2\/posts"}],"about":[{"href":"https:\/\/arantv.az\/index.php?rest_route=\/wp\/v2\/types\/post"}],"author":[{"embeddable":true,"href":"https:\/\/arantv.az\/index.php?rest_route=\/wp\/v2\/users\/2"}],"replies":[{"embeddable":true,"href":"https:\/\/arantv.az\/index.php?rest_route=%2Fwp%2Fv2%2Fcomments&post=412398"}],"version-history":[{"count":0,"href":"https:\/\/arantv.az\/index.php?rest_route=\/wp\/v2\/posts\/412398\/revisions"}],"wp:featuredmedia":[{"embeddable":true,"href":"https:\/\/arantv.az\/index.php?rest_route=\/wp\/v2\/media\/412399"}],"wp:attachment":[{"href":"https:\/\/arantv.az\/index.php?rest_route=%2Fwp%2Fv2%2Fmedia&parent=412398"}],"wp:term":[{"taxonomy":"category","embeddable":true,"href":"https:\/\/arantv.az\/index.php?rest_route=%2Fwp%2Fv2%2Fcategories&post=412398"},{"taxonomy":"post_tag","embeddable":true,"href":"https:\/\/arantv.az\/index.php?rest_route=%2Fwp%2Fv2%2Ftags&post=412398"}],"curies":[{"name":"wp","href":"https:\/\/api.w.org\/{rel}","templated":true}]}}