{"id":417235,"date":"2021-12-21T07:43:57","date_gmt":"2021-12-21T04:43:57","guid":{"rendered":"http:\/\/arantv.az\/?p=417235"},"modified":"2021-12-21T07:43:57","modified_gmt":"2021-12-21T04:43:57","slug":"agentlik-s%c9%99dri-s%c9%99hid-polkovnik-leytenant-ruslan-tagiyevin-ail%c9%99sini-ziyar%c9%99t-edib-foto","status":"publish","type":"post","link":"https:\/\/arantv.az\/?p=417235","title":{"rendered":"Agentlik s\u0259dri \u015f\u0259hid polkovnik-leytenant Ruslan Ta\u011f\u0131yevin ail\u0259sini ziyar\u0259t edib &#8211; FOTO"},"content":{"rendered":"<p>\u018fm\u0259k v\u0259 \u018fhalinin Sosial M\u00fcdafi\u0259si Nazirliyinin tabeliyind\u0259ki D\u00f6vl\u0259t Tibbi-Sosial Ekspertiza v\u0259 Reabilitasiya Agentliyinin s\u0259dri Anar Bayramov m\u00f6ht\u0259\u015f\u0259m Z\u0259f\u0259rimizl\u0259 ba\u015fa \u00e7atan V\u0259t\u0259n m\u00fcharib\u0259sinin \u015f\u0259hidi Ruslan Ta\u011f\u0131yevin ail\u0259sini ziyar\u0259t edib, \u015f\u0259hidin u\u015faqlar\u0131 \u2013 Fuad, Nuray v\u0259 Poladla g\u00f6r\u00fc\u015f\u00fcb.<\/p>\n<p>Bu bar\u0259d\u0259 \u018fm\u0259k v\u0259 \u018fhalinin Sosial M\u00fcdafi\u0259si Nazirliyi m\u0259lumat yay\u0131b.<\/p>\n<p>Bildirilib ki, La\u00e7\u0131n rayonunun azad edilm\u0259si u\u011frunda d\u00f6y\u00fc\u015fl\u0259rd\u0259 \u015f\u0259hid olan polkovnik-leytenant Ruslan Ta\u011f\u0131yev Prezident \u0130lham \u018fliyevin S\u0259r\u0259ncamlar\u0131 il\u0259 \u201cV\u0259t\u0259n u\u011frunda\u201d,\u00a0 \u201c\u0130gidliy\u0259 g\u00f6r\u0259\u201d,\u00a0 \u201cLa\u00e7\u0131n\u0131n azad olunmas\u0131na g\u00f6r\u0259\u201d v\u0259 \u201cSuqovu\u015fan\u0131n azad olunmas\u0131na g\u00f6r\u0259\u201d medallar\u0131 il\u0259 t\u0259ltif edilib.<\/p>\n<p>G\u00f6r\u00fc\u015f zaman\u0131 A.Bayramov V\u0259t\u0259nimizin \u0259razi b\u00fct\u00f6vl\u00fcy\u00fcn\u00fcn t\u0259min edilm\u0259si u\u011frunda d\u00f6y\u00fc\u015fl\u0259rd\u0259 \u015f\u0259hidlik zirv\u0259sin\u0259 ucalm\u0131\u015f q\u0259hr\u0259manlar\u0131m\u0131zdan olan Ruslan Ta\u011f\u0131yevin xatir\u0259sinin xalq\u0131m\u0131z\u0131n q\u0259lbind\u0259 daim ya\u015fayaca\u011f\u0131n\u0131 vur\u011fulay\u0131b. O, Bak\u0131n\u0131n Bin\u0259q\u0259di rayonunda ya\u015fayan \u015f\u0259hid ail\u0259sinin qay\u011flar\u0131 il\u0259 maraqlan\u0131b.<\/p>\n<p>Ail\u0259y\u0259 bird\u0259f\u0259lik s\u0131\u011forta \u00f6d\u0259ni\u015fi verilib, \u018fm\u0259k v\u0259 \u018fhalinin Sosial M\u00fcdafi\u0259si Nazirliyi t\u0259r\u0259find\u0259n ail\u0259 \u00fczvl\u0259rin\u0259 (h\u0259yat yolda\u015f\u0131 v\u0259 3 \u00f6vlad\u0131) Prezidentin ayl\u0131q t\u0259qa\u00fcd\u00fc v\u0259 ail\u0259 ba\u015f\u00e7\u0131s\u0131n\u0131 itirm\u0259y\u0259 g\u00f6r\u0259 pensiya t\u0259yin olunub. Yax\u0131n vaxtlarda Nazirlik ail\u0259ni m\u0259nzill\u0259 d\u0259 t\u0259min ed\u0259c\u0259k.<\/p>\n<p>Ail\u0259nin sosial v\u0259ziyy\u0259tinin bundan sonra da diqq\u0259td\u0259 saxlanaca\u011f\u0131 qeyd edilib.<\/p>\n<p>&nbsp;<\/p>\n<div class=\"gallery\">\n<div class=\"gallery-i\"><img src=\"https:\/\/cdn.oxu.az\/uploads\/W1siZiIsIjIwMjEvMTIvMjAvMjAvNDMvMzgvYzg1MjIyNmMtMjM5MS00YjJhLThhYjktMTQ4ZWVjMDQyZGI0LzIgKDEpLmpwZyJdLFsicCIsImVuY29kZSIsImpwZyIsIi1xdWFsaXR5IDgwIl0sWyJwIiwidGh1bWIiLCI1OTB4NTkwXHUwMDNlIl1d?sha=5800ce2845bd798f\" alt=\"\" \/><\/p>\n<div class=\"gallery-i-caption\"><\/div>\n<\/div>\n<div class=\"gallery-i\"><img src=\"https:\/\/cdn.oxu.az\/uploads\/W1siZiIsIjIwMjEvMTIvMjAvMjAvNDMvMzgvYzc4NjAxMmUtMzcwNC00MDU5LWJiNWYtYjRiYWE4OWI0YmI2LzEgKDEpLmpwZyJdLFsicCIsImVuY29kZSIsImpwZyIsIi1xdWFsaXR5IDgwIl0sWyJwIiwidGh1bWIiLCI1OTB4NTkwXHUwMDNlIl1d?sha=93949dd212396daa\" alt=\"\" \/><\/p>\n<div class=\"gallery-i-caption\"><\/div>\n<\/div>\n<div class=\"gallery-i\"><img src=\"https:\/\/cdn.oxu.az\/uploads\/W1siZiIsIjIwMjEvMTIvMjAvMjAvNDMvMzgvMThjOWNjODgtMDY1OC00YmVjLWJmYTItMGVhMWE2YmRhMDZkLzQgKDEpLmpwZyJdLFsicCIsImVuY29kZSIsImpwZyIsIi1xdWFsaXR5IDgwIl0sWyJwIiwidGh1bWIiLCI1OTB4NTkwXHUwMDNlIl1d?sha=9dfb3b514e911d2d\" alt=\"\" \/><\/p>\n<div class=\"gallery-i-caption\"><\/div>\n<\/div>\n<div class=\"gallery-i\"><img src=\"https:\/\/cdn.oxu.az\/uploads\/W1siZiIsIjIwMjEvMTIvMjAvMjAvNDMvMzkvZGY2ZGQ0MDAtMzg3ZS00MGUyLTlkYTgtN2FkZGM5ZjgxNDVjLzMgKDEpLmpwZyJdLFsicCIsImVuY29kZSIsImpwZyIsIi1xdWFsaXR5IDgwIl0sWyJwIiwidGh1bWIiLCI1OTB4NTkwXHUwMDNlIl1d?sha=f73436fea45515f4\" alt=\"\" \/><\/div>\n<\/div>\n","protected":false},"excerpt":{"rendered":"<p>\u018fm\u0259k v\u0259 \u018fhalinin Sosial M\u00fcdafi\u0259si Nazirliyinin tabeliyind\u0259ki D\u00f6vl\u0259t Tibbi-Sosial Ekspertiza v\u0259 Reabilitasiya Agentliyinin s\u0259dri Anar Bayramov m\u00f6ht\u0259\u015f\u0259m Z\u0259f\u0259rimizl\u0259 ba\u015fa \u00e7atan V\u0259t\u0259n m\u00fcharib\u0259sinin \u015f\u0259hidi Ruslan Ta\u011f\u0131yevin ail\u0259sini ziyar\u0259t edib, \u015f\u0259hidin u\u015faqlar\u0131 \u2013 Fuad, Nuray v\u0259 Poladla g\u00f6r\u00fc\u015f\u00fcb. Bu bar\u0259d\u0259 \u018fm\u0259k v\u0259 \u018fhalinin Sosial M\u00fcdafi\u0259si Nazirliyi m\u0259lumat yay\u0131b. Bildirilib ki, La\u00e7\u0131n rayonunun azad edilm\u0259si u\u011frunda d\u00f6y\u00fc\u015fl\u0259rd\u0259 \u015f\u0259hid olan polkovnik-leytenant Ruslan Ta\u011f\u0131yev Prezident \u0130lham \u018fliyevin S\u0259r\u0259ncamlar\u0131 il\u0259 \u201cV\u0259t\u0259n u\u011frunda\u201d,\u00a0 \u201c\u0130gidliy\u0259 g\u00f6r\u0259\u201d,\u00a0 \u201cLa\u00e7\u0131n\u0131n azad olunmas\u0131na g\u00f6r\u0259\u201d v\u0259 \u201cSuqovu\u015fan\u0131n azad olunmas\u0131na g\u00f6r\u0259\u201d medallar\u0131 il\u0259 t\u0259ltif edilib. G\u00f6r\u00fc\u015f zaman\u0131 A.Bayramov V\u0259t\u0259nimizin \u0259razi b\u00fct\u00f6vl\u00fcy\u00fcn\u00fcn t\u0259min edilm\u0259si u\u011frunda&hellip;<\/p>\n","protected":false},"author":2,"featured_media":417236,"comment_status":"closed","ping_status":"closed","sticky":false,"template":"","format":"standard","meta":{"om_disable_all_campaigns":false,"_monsterinsights_skip_tracking":false,"_monsterinsights_sitenote_active":false,"_monsterinsights_sitenote_note":"","_monsterinsights_sitenote_category":0},"categories":[26],"tags":[],"aioseo_notices":[],"gutentor_comment":0,"rttpg_featured_image_url":{"full":["https:\/\/arantv.az\/wp-content\/uploads\/2021\/12\/FotoJet-75-2.jpg",620,413,false],"landscape":["https:\/\/arantv.az\/wp-content\/uploads\/2021\/12\/FotoJet-75-2.jpg",620,413,false],"portraits":["https:\/\/arantv.az\/wp-content\/uploads\/2021\/12\/FotoJet-75-2.jpg",620,413,false],"thumbnail":["https:\/\/arantv.az\/wp-content\/uploads\/2021\/12\/FotoJet-75-2-500x280.jpg",500,280,true],"medium":["https:\/\/arantv.az\/wp-content\/uploads\/2021\/12\/FotoJet-75-2-548x365.jpg",548,365,true],"large":["https:\/\/arantv.az\/wp-content\/uploads\/2021\/12\/FotoJet-75-2.jpg",620,413,false],"1536x1536":["https:\/\/arantv.az\/wp-content\/uploads\/2021\/12\/FotoJet-75-2.jpg",620,413,false],"2048x2048":["https:\/\/arantv.az\/wp-content\/uploads\/2021\/12\/FotoJet-75-2.jpg",620,413,false],"post-thumbnail":["https:\/\/arantv.az\/wp-content\/uploads\/2021\/12\/FotoJet-75-2-240x172.jpg",240,172,true],"advps-thumb-one":["https:\/\/arantv.az\/wp-content\/uploads\/2021\/12\/FotoJet-75-2.jpg",620,413,false]},"rttpg_author":{"display_name":"V\u00fcsal Rafiqo\u011flu","author_link":"https:\/\/arantv.az\/?author=2"},"rttpg_comment":0,"rttpg_category":"<a href=\"https:\/\/arantv.az\/?cat=26\" rel=\"category\">Sosial<\/a>","rttpg_excerpt":"\u018fm\u0259k v\u0259 \u018fhalinin Sosial M\u00fcdafi\u0259si Nazirliyinin tabeliyind\u0259ki D\u00f6vl\u0259t Tibbi-Sosial Ekspertiza v\u0259 Reabilitasiya Agentliyinin s\u0259dri Anar Bayramov m\u00f6ht\u0259\u015f\u0259m Z\u0259f\u0259rimizl\u0259 ba\u015fa \u00e7atan V\u0259t\u0259n m\u00fcharib\u0259sinin \u015f\u0259hidi Ruslan Ta\u011f\u0131yevin ail\u0259sini ziyar\u0259t edib, \u015f\u0259hidin u\u015faqlar\u0131 \u2013 Fuad, Nuray v\u0259 Poladla g\u00f6r\u00fc\u015f\u00fcb. Bu bar\u0259d\u0259 \u018fm\u0259k v\u0259 \u018fhalinin Sosial M\u00fcdafi\u0259si Nazirliyi m\u0259lumat yay\u0131b. Bildirilib ki, La\u00e7\u0131n rayonunun azad edilm\u0259si u\u011frunda d\u00f6y\u00fc\u015fl\u0259rd\u0259 \u015f\u0259hid&hellip;","_links":{"self":[{"href":"https:\/\/arantv.az\/index.php?rest_route=\/wp\/v2\/posts\/417235"}],"collection":[{"href":"https:\/\/arantv.az\/index.php?rest_route=\/wp\/v2\/posts"}],"about":[{"href":"https:\/\/arantv.az\/index.php?rest_route=\/wp\/v2\/types\/post"}],"author":[{"embeddable":true,"href":"https:\/\/arantv.az\/index.php?rest_route=\/wp\/v2\/users\/2"}],"replies":[{"embeddable":true,"href":"https:\/\/arantv.az\/index.php?rest_route=%2Fwp%2Fv2%2Fcomments&post=417235"}],"version-history":[{"count":0,"href":"https:\/\/arantv.az\/index.php?rest_route=\/wp\/v2\/posts\/417235\/revisions"}],"wp:featuredmedia":[{"embeddable":true,"href":"https:\/\/arantv.az\/index.php?rest_route=\/wp\/v2\/media\/417236"}],"wp:attachment":[{"href":"https:\/\/arantv.az\/index.php?rest_route=%2Fwp%2Fv2%2Fmedia&parent=417235"}],"wp:term":[{"taxonomy":"category","embeddable":true,"href":"https:\/\/arantv.az\/index.php?rest_route=%2Fwp%2Fv2%2Fcategories&post=417235"},{"taxonomy":"post_tag","embeddable":true,"href":"https:\/\/arantv.az\/index.php?rest_route=%2Fwp%2Fv2%2Ftags&post=417235"}],"curies":[{"name":"wp","href":"https:\/\/api.w.org\/{rel}","templated":true}]}}