{"id":417817,"date":"2021-12-22T07:56:08","date_gmt":"2021-12-22T04:56:08","guid":{"rendered":"http:\/\/arantv.az\/?p=417817"},"modified":"2021-12-22T07:56:08","modified_gmt":"2021-12-22T04:56:08","slug":"mudafi%c9%99-naziri-v%c9%99t%c9%99n-muharib%c9%99sinin-ilk-d%c9%99qiq%c9%99l%c9%99rind%c9%99n-danisdi","status":"publish","type":"post","link":"https:\/\/arantv.az\/?p=417817","title":{"rendered":"M\u00fcdafi\u0259 naziri V\u0259t\u0259n M\u00fcharib\u0259sinin ilk d\u0259qiq\u0259l\u0259rind\u0259n dan\u0131\u015fd\u0131"},"content":{"rendered":"<p>&#8220;H\u0259l\u0259 sentyabr\u0131n \u0259vv\u0259ll\u0259rind\u0259n etibar\u0259n c\u0259bh\u0259 x\u0259ttind\u0259 erm\u0259ni silahl\u0131 q\u00fcvv\u0259l\u0259rinin aktivliyinin artmas\u0131, ay\u0131n ortalar\u0131ndan is\u0259 d\u00f6y\u00fc\u015f haz\u0131rl\u0131\u011f\u0131 t\u0259dbirl\u0259rinin b\u00fct\u00fcn istiqam\u0259tl\u0259rd\u0259 ke\u00e7irilm\u0259si k\u0259\u015ffiyyat m\u0259lumatlar\u0131 \u0259sas\u0131nda t\u0259sdiql\u0259ndi&#8221;.<\/p>\n<p><strong>ARANTV.AZ<\/strong> x\u0259b\u0259r verir ki, bunu m\u00fcdafi\u0259 naziri Zakir H\u0259s\u0259nov &#8220;Az\u0259rbaycan&#8221; q\u0259zetin\u0259 m\u00fcsahib\u0259sind\u0259 V\u0259t\u0259n M\u00fcharib\u0259sinin ilk d\u0259qiq\u0259l\u0259ri il\u0259 ba\u011fl\u0131 sual\u0131 cavabland\u0131rark\u0259n deyib.<\/p>\n<p>&#8220;Erm\u0259nistan\u0131n art\u0131q t\u0259xribata yox, m\u00fcharib\u0259y\u0259 haz\u0131rla\u015fmas\u0131 ayd\u0131n g\u00f6r\u00fcn\u00fcrd\u00fc. D\u00fc\u015fm\u0259n t\u0259r\u0259find\u0259n m\u00f6vqel\u0259rimizin m\u00fct\u0259madi at\u0259\u015f\u0259 tutulmas\u0131, eyni zamanda t\u0259mas x\u0259ttini ke\u00e7m\u0259k c\u0259hdl\u0259ri intensivl\u0259\u015firdi. T\u0259bii ki, biz d\u0259 f\u0259aliyy\u0259tsiz deyildik. \u015e\u00fcbh\u0259siz, qo\u015funlar\u0131m\u0131z\u0131n y\u00fcks\u0259k d\u00f6y\u00fc\u015f haz\u0131rl\u0131\u011f\u0131 ba\u015f ver\u0259 bil\u0259c\u0259k h\u0259r hans\u0131 t\u0259xribat\u0131n qar\u015f\u0131s\u0131n\u0131 almaq \u00fc\u00e7\u00fcn kifay\u0259t edirdi.<\/p>\n<p>Sentyabr\u0131n 27-d\u0259 saat 06.00 rad\u0259l\u0259rind\u0259 Erm\u0259nistan silahl\u0131 q\u00fcvv\u0259l\u0259rinin geni\u015fmiqyasl\u0131 t\u0259xribatlara ba\u015flamas\u0131 bar\u0259d\u0259 x\u0259b\u0259r d\u0259rhal m\u0259n\u0259 m\u0259ruz\u0259 edildi. V\u0259ziyy\u0259t bar\u0259d\u0259 \u00f6lk\u0259 ba\u015f\u00e7\u0131s\u0131na m\u0259ruz\u0259 etdikd\u0259n sonra Ali Ba\u015f Komandan h\u0259rbi \u0259m\u0259liyyatlar\u0131n idar\u0259 edilm\u0259sini birba\u015fa \u00f6z \u00fcz\u0259rin\u0259 g\u00f6t\u00fcrd\u00fc.<\/p>\n<p>B\u0259li, 44 g\u00fcnl\u00fck V\u0259t\u0259n m\u00fcharib\u0259sinin ilk d\u0259qiq\u0259sind\u0259n sonunad\u0259k d\u00f6y\u00fc\u015f \u0259m\u0259liyyatlar\u0131na Ali Ba\u015f Komandan\u0131n \u00f6z\u00fc \u015f\u0259xs\u0259n r\u0259hb\u0259rlik edirdi!&#8221;, &#8211; m\u00fcdafi\u0259 naziri bildirib.<\/p>\n<p>O qeyd edib ki, d\u00fc\u015fm\u0259nin m\u00f6vqel\u0259rimizi v\u0259 ya\u015fay\u0131\u015f m\u0259nt\u0259q\u0259l\u0259rimizi iri\u00e7apl\u0131 silahlar, minaatanlar v\u0259 m\u00fcxt\u0259lif \u00e7apl\u0131 artilleriya qur\u011fular\u0131ndan intensiv at\u0259\u015f\u0259 tutmas\u0131 n\u0259tic\u0259sind\u0259 m\u00fclki \u0259hali aras\u0131nda \u015f\u0259hid v\u0259 yaralananlar oldu:<\/p>\n<p>&#8220;M\u00fclki infrastruktur obyektl\u0259rin\u0259 ciddi ziyan d\u0259ydi. Ali Ba\u015f Komandan\u0131n tap\u015f\u0131r\u0131\u011f\u0131 il\u0259 Az\u0259rbaycan Ordusunun \u00f6n x\u0259tt b\u00f6lm\u0259l\u0259ri d\u00fc\u015fm\u0259nin t\u0259xribat\u0131n\u0131n qar\u015f\u0131s\u0131n\u0131 almaq v\u0259 qo\u015funlar\u0131n qar\u015f\u0131durma x\u0259ttin\u0259 yax\u0131n \u0259razil\u0259rd\u0259 ya\u015fayan m\u00fclki \u0259halinin t\u0259hl\u00fck\u0259sizliyini t\u0259min etm\u0259k m\u0259qs\u0259dil\u0259 cavab t\u0259dbirl\u0259rin\u0259 ba\u015flad\u0131 v\u0259 d\u00fc\u015fm\u0259nin h\u0259rbi obyektl\u0259rin\u0259, at\u0259\u015f n\u00f6qt\u0259l\u0259rin\u0259 sars\u0131d\u0131c\u0131 z\u0259rb\u0259l\u0259r endirdi.<\/p>\n<p>El\u0259 ilk h\u0259ml\u0259d\u0259n qo\u015funlar\u0131m\u0131z \u0259m\u0259liyyat \u015f\u0259raitin\u0259 tam n\u0259zar\u0259t etdi v\u0259 c\u0259bh\u0259nin T\u0259rt\u0259r-A\u011fdam, F\u00fczuli-C\u0259bray\u0131l istiqam\u0259tl\u0259rind\u0259 yerl\u0259\u015f\u0259n \u00f6n x\u0259tt h\u0259rbi hiss\u0259l\u0259ri, raket v\u0259 artilleriya b\u00f6lm\u0259l\u0259ri, c\u0259bh\u0259 aviasiyas\u0131, zirehli texnika v\u0259 dig\u0259r qo\u015fun n\u00f6vl\u0259rinin qar\u015f\u0131l\u0131ql\u0131 f\u0259aliyy\u0259ti n\u0259tic\u0259sind\u0259 Erm\u0259nistan silahl\u0131 q\u00fcvv\u0259l\u0259rinin at\u0259\u015f n\u00f6qt\u0259l\u0259ri susduruldu. Ard\u0131nca da qo\u015funlar\u0131m\u0131z\u0131n b\u00fct\u00fcn c\u0259bh\u0259boyu \u0259ks-h\u00fccum \u0259m\u0259liyyat\u0131 ba\u015flad\u0131.<\/p>\n<p>Ali Ba\u015f Komandan b\u00fct\u00fcn prosesl\u0259ri \u00e7evik idar\u0259 edirdi. G\u00fcnorta saatlar\u0131nda xalqa m\u00fcraci\u0259tind\u0259 ba\u015f ver\u0259n hadis\u0259l\u0259r bar\u0259d\u0259 ictimaiyy\u0259ti m\u0259lumatland\u0131rd\u0131 v\u0259 bu t\u0259xribat\u0131 &#8220;erm\u0259ni fa\u015fizminin n\u00f6vb\u0259ti t\u0259zah\u00fcr\u00fc&#8221; adland\u0131rd\u0131.<\/p>\n<p>Prezidentin &#8220;Biz \u00f6z torpa\u011f\u0131m\u0131zda vuru\u015furuq. Bu g\u00fcn Az\u0259rbaycan Ordusu Az\u0259rbaycan torpaqlar\u0131nda d\u00fc\u015fm\u0259n\u0259 sars\u0131d\u0131c\u0131 z\u0259rb\u0259l\u0259r endirir. Biz haqq yolunday\u0131q. Bizim i\u015fimiz haqq i\u015fidir. Biz z\u0259f\u0259r \u00e7alaca\u011f\u0131q!&#8221; s\u00f6zl\u0259ri xalqda ilk andan b\u00f6y\u00fck q\u0259l\u0259b\u0259 \u0259zmi, d\u00f6y\u00fc\u015f \u0259zmi, ruh y\u00fcks\u0259kliyi yaratd\u0131. Bu m\u00fcraci\u0259td\u0259n sonra T\u0259hl\u00fck\u0259sizlik \u015euras\u0131n\u0131n iclas\u0131n\u0131 ke\u00e7ir\u0259n Ali Ba\u015f Komandan birm\u0259nal\u0131 b\u0259yan etdi ki, &#8220;bizim u\u011furlu \u0259ks-h\u00fccum \u0259m\u0259liyyat\u0131m\u0131z i\u015f\u011fala v\u0259 \u0259dal\u0259tsizliy\u0259 son qoyacaq!&#8221;<\/p>\n<p>\u0130clasda etdiyim m\u0259ruz\u0259d\u0259 Ali Ba\u015f Komandana onun r\u0259hb\u0259rliyi il\u0259 ba\u015flam\u0131\u015f \u0259ks-h\u00fccum \u0259m\u0259liyyat\u0131n\u0131n ilk saatlar\u0131n\u0131n q\u0259l\u0259b\u0259 hesabat\u0131n\u0131 verdim. Erm\u0259nistan silahl\u0131 q\u00fcvv\u0259l\u0259rinin \u00f6n x\u0259ttinin yar\u0131lmas\u0131, ordumuzun z\u0259rb\u0259l\u0259rinin art\u0131q d\u00fc\u015fm\u0259n m\u00fcdafi\u0259sinin d\u0259rinliyind\u0259ki m\u00f6vqel\u0259rin\u0259 endirilm\u0259si v\u0259 r\u0259\u015fad\u0259tli ordumuz t\u0259r\u0259find\u0259n F\u00fczuli rayonunun Qaraxanb\u0259yli, Q\u0259rv\u0259nd, K\u0259nd Horadiz, Yuxar\u0131 \u018fbd\u00fcrr\u0259hmanl\u0131, C\u0259bray\u0131l rayonunun B\u00f6y\u00fck M\u0259rcanl\u0131, N\u00fczgar k\u0259ndl\u0259rinin i\u015f\u011faldan azad edildiyi bar\u0259d\u0259 m\u0259ruz\u0259 etdim. Eyni zamanda A\u011fd\u0259r\u0259 v\u0259 Murovda\u011f istiqam\u0259tl\u0259rind\u0259ki hakim y\u00fcks\u0259klikl\u0259rd\u0259 yerl\u0259\u015f\u0259n d\u00fc\u015fm\u0259n postlar\u0131 da darmada\u011f\u0131n edil\u0259r\u0259k n\u0259zar\u0259t\u0259 g\u00f6t\u00fcr\u00fclm\u00fc\u015fd\u00fc.<\/p>\n<p>H\u0259min g\u00fcn d\u00fc\u015fm\u0259nin 3 silah-sursat anbar\u0131, 22 tank v\u0259 dig\u0259r zirehli texnikas\u0131, 15 OSA zenit-raket kompleksi, 18 pilotsuz u\u00e7u\u015f aparat\u0131, 8 artilleriya qur\u011fusu, 550 n\u0259f\u0259rd\u0259n art\u0131q canl\u0131 q\u00fcvv\u0259si m\u0259hv edildi. Bu g\u00f6st\u0259ricil\u0259r ilk g\u00fcn\u00fcn b\u00f6y\u00fck u\u011furu idi v\u0259 c\u0259bh\u0259 x\u0259ttind\u0259 \u00fcst\u00fcnl\u00fcy\u00fcn sonad\u0259k b\u00f6lm\u0259l\u0259rimizd\u0259 olmas\u0131n\u0131 t\u0259min etdi&#8221;.<\/p>\n","protected":false},"excerpt":{"rendered":"<p>&#8220;H\u0259l\u0259 sentyabr\u0131n \u0259vv\u0259ll\u0259rind\u0259n etibar\u0259n c\u0259bh\u0259 x\u0259ttind\u0259 erm\u0259ni silahl\u0131 q\u00fcvv\u0259l\u0259rinin aktivliyinin artmas\u0131, ay\u0131n ortalar\u0131ndan is\u0259 d\u00f6y\u00fc\u015f haz\u0131rl\u0131\u011f\u0131 t\u0259dbirl\u0259rinin b\u00fct\u00fcn istiqam\u0259tl\u0259rd\u0259 ke\u00e7irilm\u0259si k\u0259\u015ffiyyat m\u0259lumatlar\u0131 \u0259sas\u0131nda t\u0259sdiql\u0259ndi&#8221;. ARANTV.AZ x\u0259b\u0259r verir ki, bunu m\u00fcdafi\u0259 naziri Zakir H\u0259s\u0259nov &#8220;Az\u0259rbaycan&#8221; q\u0259zetin\u0259 m\u00fcsahib\u0259sind\u0259 V\u0259t\u0259n M\u00fcharib\u0259sinin ilk d\u0259qiq\u0259l\u0259ri il\u0259 ba\u011fl\u0131 sual\u0131 cavabland\u0131rark\u0259n deyib. &#8220;Erm\u0259nistan\u0131n art\u0131q t\u0259xribata yox, m\u00fcharib\u0259y\u0259 haz\u0131rla\u015fmas\u0131 ayd\u0131n g\u00f6r\u00fcn\u00fcrd\u00fc. D\u00fc\u015fm\u0259n t\u0259r\u0259find\u0259n m\u00f6vqel\u0259rimizin m\u00fct\u0259madi at\u0259\u015f\u0259 tutulmas\u0131, eyni zamanda t\u0259mas x\u0259ttini ke\u00e7m\u0259k c\u0259hdl\u0259ri intensivl\u0259\u015firdi. T\u0259bii ki, biz d\u0259 f\u0259aliyy\u0259tsiz deyildik. \u015e\u00fcbh\u0259siz, qo\u015funlar\u0131m\u0131z\u0131n y\u00fcks\u0259k d\u00f6y\u00fc\u015f haz\u0131rl\u0131\u011f\u0131 ba\u015f ver\u0259 bil\u0259c\u0259k h\u0259r hans\u0131 t\u0259xribat\u0131n qar\u015f\u0131s\u0131n\u0131 almaq \u00fc\u00e7\u00fcn kifay\u0259t edirdi. Sentyabr\u0131n 27-d\u0259&hellip;<\/p>\n","protected":false},"author":2,"featured_media":417818,"comment_status":"closed","ping_status":"closed","sticky":false,"template":"","format":"standard","meta":{"om_disable_all_campaigns":false,"_monsterinsights_skip_tracking":false,"_monsterinsights_sitenote_active":false,"_monsterinsights_sitenote_note":"","_monsterinsights_sitenote_category":0},"categories":[10],"tags":[],"aioseo_notices":[],"gutentor_comment":0,"rttpg_featured_image_url":{"full":["https:\/\/arantv.az\/wp-content\/uploads\/2021\/12\/1005849.jpg",637,400,false],"landscape":["https:\/\/arantv.az\/wp-content\/uploads\/2021\/12\/1005849.jpg",637,400,false],"portraits":["https:\/\/arantv.az\/wp-content\/uploads\/2021\/12\/1005849.jpg",637,400,false],"thumbnail":["https:\/\/arantv.az\/wp-content\/uploads\/2021\/12\/1005849-500x280.jpg",500,280,true],"medium":["https:\/\/arantv.az\/wp-content\/uploads\/2021\/12\/1005849-581x365.jpg",581,365,true],"large":["https:\/\/arantv.az\/wp-content\/uploads\/2021\/12\/1005849.jpg",637,400,false],"1536x1536":["https:\/\/arantv.az\/wp-content\/uploads\/2021\/12\/1005849.jpg",637,400,false],"2048x2048":["https:\/\/arantv.az\/wp-content\/uploads\/2021\/12\/1005849.jpg",637,400,false],"post-thumbnail":["https:\/\/arantv.az\/wp-content\/uploads\/2021\/12\/1005849-240x172.jpg",240,172,true],"advps-thumb-one":["https:\/\/arantv.az\/wp-content\/uploads\/2021\/12\/1005849.jpg",637,400,false]},"rttpg_author":{"display_name":"V\u00fcsal Rafiqo\u011flu","author_link":"https:\/\/arantv.az\/?author=2"},"rttpg_comment":0,"rttpg_category":"<a href=\"https:\/\/arantv.az\/?cat=10\" rel=\"category\">C\u0259bh\u0259d\u0259n X\u0259b\u0259r<\/a>","rttpg_excerpt":"&#8220;H\u0259l\u0259 sentyabr\u0131n \u0259vv\u0259ll\u0259rind\u0259n etibar\u0259n c\u0259bh\u0259 x\u0259ttind\u0259 erm\u0259ni silahl\u0131 q\u00fcvv\u0259l\u0259rinin aktivliyinin artmas\u0131, ay\u0131n ortalar\u0131ndan is\u0259 d\u00f6y\u00fc\u015f haz\u0131rl\u0131\u011f\u0131 t\u0259dbirl\u0259rinin b\u00fct\u00fcn istiqam\u0259tl\u0259rd\u0259 ke\u00e7irilm\u0259si k\u0259\u015ffiyyat m\u0259lumatlar\u0131 \u0259sas\u0131nda t\u0259sdiql\u0259ndi&#8221;. ARANTV.AZ x\u0259b\u0259r verir ki, bunu m\u00fcdafi\u0259 naziri Zakir H\u0259s\u0259nov &#8220;Az\u0259rbaycan&#8221; q\u0259zetin\u0259 m\u00fcsahib\u0259sind\u0259 V\u0259t\u0259n M\u00fcharib\u0259sinin ilk d\u0259qiq\u0259l\u0259ri il\u0259 ba\u011fl\u0131 sual\u0131 cavabland\u0131rark\u0259n deyib. &#8220;Erm\u0259nistan\u0131n art\u0131q t\u0259xribata yox, m\u00fcharib\u0259y\u0259 haz\u0131rla\u015fmas\u0131 ayd\u0131n g\u00f6r\u00fcn\u00fcrd\u00fc. D\u00fc\u015fm\u0259n t\u0259r\u0259find\u0259n&hellip;","_links":{"self":[{"href":"https:\/\/arantv.az\/index.php?rest_route=\/wp\/v2\/posts\/417817"}],"collection":[{"href":"https:\/\/arantv.az\/index.php?rest_route=\/wp\/v2\/posts"}],"about":[{"href":"https:\/\/arantv.az\/index.php?rest_route=\/wp\/v2\/types\/post"}],"author":[{"embeddable":true,"href":"https:\/\/arantv.az\/index.php?rest_route=\/wp\/v2\/users\/2"}],"replies":[{"embeddable":true,"href":"https:\/\/arantv.az\/index.php?rest_route=%2Fwp%2Fv2%2Fcomments&post=417817"}],"version-history":[{"count":0,"href":"https:\/\/arantv.az\/index.php?rest_route=\/wp\/v2\/posts\/417817\/revisions"}],"wp:featuredmedia":[{"embeddable":true,"href":"https:\/\/arantv.az\/index.php?rest_route=\/wp\/v2\/media\/417818"}],"wp:attachment":[{"href":"https:\/\/arantv.az\/index.php?rest_route=%2Fwp%2Fv2%2Fmedia&parent=417817"}],"wp:term":[{"taxonomy":"category","embeddable":true,"href":"https:\/\/arantv.az\/index.php?rest_route=%2Fwp%2Fv2%2Fcategories&post=417817"},{"taxonomy":"post_tag","embeddable":true,"href":"https:\/\/arantv.az\/index.php?rest_route=%2Fwp%2Fv2%2Ftags&post=417817"}],"curies":[{"name":"wp","href":"https:\/\/api.w.org\/{rel}","templated":true}]}}