{"id":418127,"date":"2021-12-22T14:53:33","date_gmt":"2021-12-22T11:53:33","guid":{"rendered":"http:\/\/arantv.az\/?p=418127"},"modified":"2021-12-22T14:53:33","modified_gmt":"2021-12-22T11:53:33","slug":"istanbul-konsullugu-n%c9%99zdind%c9%99-az%c9%99rbaycan-ticar%c9%99t-evinin-acilmasi-planlasdirilir","status":"publish","type":"post","link":"https:\/\/arantv.az\/?p=418127","title":{"rendered":"\u0130stanbul konsullu\u011fu n\u0259zdind\u0259 Az\u0259rbaycan Ticar\u0259t Evinin a\u00e7\u0131lmas\u0131 planla\u015fd\u0131r\u0131l\u0131r"},"content":{"rendered":"<p>\u0130stanbul konsullu\u011fu n\u0259zdind\u0259 Az\u0259rbaycan Ticar\u0259t Evinin a\u00e7\u0131lmas\u0131 planla\u015fd\u0131r\u0131l\u0131r.<\/p>\n<p><strong>ARANTV.AZ<\/strong> <a href=\"https:\/\/az.trend.az\/\" target=\"_blank\" rel=\"noopener\">Trend<\/a>-\u0259 istinad\u0259n x\u0259b\u0259r verir ki,\u00a0bunu iqtisadiyyat nazirinin m\u00fcavini R\u00f6v\u015f\u0259n N\u0259c\u0259f Bak\u0131da ke\u00e7iril\u0259n Az\u0259rbaycan-T\u00fcrkiy\u0259 1-ci Enerji Forumunda deyib.<\/p>\n<p>Onun s\u00f6zl\u0259rin\u0259 g\u00f6r\u0259, bu g\u00fcn Az\u0259rbaycanla T\u00fcrkiy\u0259 aras\u0131ndak\u0131 m\u00fcnasib\u0259tl\u0259r b\u00fct\u00fcn istiqam\u0259tl\u0259r \u00fczr\u0259 \u0259n y\u00fcks\u0259k s\u0259viyy\u0259y\u0259 \u00e7at\u0131b, iqtisadi \u0259m\u0259kda\u015fl\u0131q is\u0259 koronavirus pandemiyas\u0131n\u0131n f\u0259sadlar\u0131na baxmayaraq, geni\u015fl\u0259nib.<\/p>\n<p>&#8220;\u0130ki \u00f6lk\u0259 aras\u0131nda ticar\u0259t d\u00f6vriyy\u0259si 7 faiz artaraq 4,1 milyard dollara \u00e7at\u0131b. Bu il q\u00fcvv\u0259y\u0259 minmi\u015f elektron ticar\u0259t sazi\u015fin\u0259 uy\u011fun olaraq bu potensial\u0131n art\u0131r\u0131lmas\u0131 \u00fczr\u0259 dan\u0131\u015f\u0131qlar davam edir. G\u0259l\u0259n il \u0130stanbul konsullu\u011fu n\u0259zdind\u0259 Az\u0259rbaycan Ticar\u0259t Evinin a\u00e7\u0131lmas\u0131 planla\u015fd\u0131r\u0131l\u0131r&#8221;, &#8211; dey\u0259 o bildirib.<\/p>\n<p>Nazir m\u00fcavini \u0259lav\u0259 edib ki, T\u00fcrkiy\u0259 \u015firk\u0259tl\u0259rinin Az\u0259rbaycan\u0131n azad edilmi\u015f \u0259razil\u0259rind\u0259ki layih\u0259l\u0259rd\u0259 i\u015ftirak\u0131 \u00fc\u00e7\u00fcn \u0259lav\u0259 sazi\u015fl\u0259r imzalan\u0131b.<\/p>\n<div>\n<div class=\"AdviadNativeVideo\"><\/div>\n<\/div>\n<p>O bildirib ki, eyni zamanda regional m\u00fcnasib\u0259tl\u0259r geni\u015fl\u0259nm\u0259kd\u0259 davam edir v\u0259 Az\u0259rbaycan T\u00fcrkiy\u0259y\u0259 iri investisiyalar yerl\u0259\u015fdirir.<\/p>\n","protected":false},"excerpt":{"rendered":"<p>\u0130stanbul konsullu\u011fu n\u0259zdind\u0259 Az\u0259rbaycan Ticar\u0259t Evinin a\u00e7\u0131lmas\u0131 planla\u015fd\u0131r\u0131l\u0131r. ARANTV.AZ Trend-\u0259 istinad\u0259n x\u0259b\u0259r verir ki,\u00a0bunu iqtisadiyyat nazirinin m\u00fcavini R\u00f6v\u015f\u0259n N\u0259c\u0259f Bak\u0131da ke\u00e7iril\u0259n Az\u0259rbaycan-T\u00fcrkiy\u0259 1-ci Enerji Forumunda deyib. Onun s\u00f6zl\u0259rin\u0259 g\u00f6r\u0259, bu g\u00fcn Az\u0259rbaycanla T\u00fcrkiy\u0259 aras\u0131ndak\u0131 m\u00fcnasib\u0259tl\u0259r b\u00fct\u00fcn istiqam\u0259tl\u0259r \u00fczr\u0259 \u0259n y\u00fcks\u0259k s\u0259viyy\u0259y\u0259 \u00e7at\u0131b, iqtisadi \u0259m\u0259kda\u015fl\u0131q is\u0259 koronavirus pandemiyas\u0131n\u0131n f\u0259sadlar\u0131na baxmayaraq, geni\u015fl\u0259nib. &#8220;\u0130ki \u00f6lk\u0259 aras\u0131nda ticar\u0259t d\u00f6vriyy\u0259si 7 faiz artaraq 4,1 milyard dollara \u00e7at\u0131b. Bu il q\u00fcvv\u0259y\u0259 minmi\u015f elektron ticar\u0259t sazi\u015fin\u0259 uy\u011fun olaraq bu potensial\u0131n art\u0131r\u0131lmas\u0131 \u00fczr\u0259 dan\u0131\u015f\u0131qlar davam edir. G\u0259l\u0259n il \u0130stanbul konsullu\u011fu n\u0259zdind\u0259 Az\u0259rbaycan Ticar\u0259t Evinin a\u00e7\u0131lmas\u0131 planla\u015fd\u0131r\u0131l\u0131r&#8221;, &#8211; dey\u0259&hellip;<\/p>\n","protected":false},"author":2,"featured_media":418128,"comment_status":"closed","ping_status":"closed","sticky":false,"template":"","format":"standard","meta":{"om_disable_all_campaigns":false,"_monsterinsights_skip_tracking":false,"_monsterinsights_sitenote_active":false,"_monsterinsights_sitenote_note":"","_monsterinsights_sitenote_category":0},"categories":[19],"tags":[],"aioseo_notices":[],"gutentor_comment":0,"rttpg_featured_image_url":{"full":["https:\/\/arantv.az\/wp-content\/uploads\/2021\/12\/1006042.jpg",1280,1058,false],"landscape":["https:\/\/arantv.az\/wp-content\/uploads\/2021\/12\/1006042.jpg",1280,1058,false],"portraits":["https:\/\/arantv.az\/wp-content\/uploads\/2021\/12\/1006042.jpg",1280,1058,false],"thumbnail":["https:\/\/arantv.az\/wp-content\/uploads\/2021\/12\/1006042-500x280.jpg",500,280,true],"medium":["https:\/\/arantv.az\/wp-content\/uploads\/2021\/12\/1006042-442x365.jpg",442,365,true],"large":["https:\/\/arantv.az\/wp-content\/uploads\/2021\/12\/1006042-840x694.jpg",640,529,true],"1536x1536":["https:\/\/arantv.az\/wp-content\/uploads\/2021\/12\/1006042.jpg",1280,1058,false],"2048x2048":["https:\/\/arantv.az\/wp-content\/uploads\/2021\/12\/1006042.jpg",1280,1058,false],"post-thumbnail":["https:\/\/arantv.az\/wp-content\/uploads\/2021\/12\/1006042-240x172.jpg",240,172,true],"advps-thumb-one":["https:\/\/arantv.az\/wp-content\/uploads\/2021\/12\/1006042-1200x620.jpg",1200,620,true]},"rttpg_author":{"display_name":"V\u00fcsal Rafiqo\u011flu","author_link":"https:\/\/arantv.az\/?author=2"},"rttpg_comment":0,"rttpg_category":"<a href=\"https:\/\/arantv.az\/?cat=19\" rel=\"category\">G\u00fcnd\u0259m<\/a>","rttpg_excerpt":"\u0130stanbul konsullu\u011fu n\u0259zdind\u0259 Az\u0259rbaycan Ticar\u0259t Evinin a\u00e7\u0131lmas\u0131 planla\u015fd\u0131r\u0131l\u0131r. ARANTV.AZ Trend-\u0259 istinad\u0259n x\u0259b\u0259r verir ki,\u00a0bunu iqtisadiyyat nazirinin m\u00fcavini R\u00f6v\u015f\u0259n N\u0259c\u0259f Bak\u0131da ke\u00e7iril\u0259n Az\u0259rbaycan-T\u00fcrkiy\u0259 1-ci Enerji Forumunda deyib. Onun s\u00f6zl\u0259rin\u0259 g\u00f6r\u0259, bu g\u00fcn Az\u0259rbaycanla T\u00fcrkiy\u0259 aras\u0131ndak\u0131 m\u00fcnasib\u0259tl\u0259r b\u00fct\u00fcn istiqam\u0259tl\u0259r \u00fczr\u0259 \u0259n y\u00fcks\u0259k s\u0259viyy\u0259y\u0259 \u00e7at\u0131b, iqtisadi \u0259m\u0259kda\u015fl\u0131q is\u0259 koronavirus pandemiyas\u0131n\u0131n f\u0259sadlar\u0131na baxmayaraq, geni\u015fl\u0259nib. &#8220;\u0130ki \u00f6lk\u0259 aras\u0131nda ticar\u0259t d\u00f6vriyy\u0259si&hellip;","_links":{"self":[{"href":"https:\/\/arantv.az\/index.php?rest_route=\/wp\/v2\/posts\/418127"}],"collection":[{"href":"https:\/\/arantv.az\/index.php?rest_route=\/wp\/v2\/posts"}],"about":[{"href":"https:\/\/arantv.az\/index.php?rest_route=\/wp\/v2\/types\/post"}],"author":[{"embeddable":true,"href":"https:\/\/arantv.az\/index.php?rest_route=\/wp\/v2\/users\/2"}],"replies":[{"embeddable":true,"href":"https:\/\/arantv.az\/index.php?rest_route=%2Fwp%2Fv2%2Fcomments&post=418127"}],"version-history":[{"count":0,"href":"https:\/\/arantv.az\/index.php?rest_route=\/wp\/v2\/posts\/418127\/revisions"}],"wp:featuredmedia":[{"embeddable":true,"href":"https:\/\/arantv.az\/index.php?rest_route=\/wp\/v2\/media\/418128"}],"wp:attachment":[{"href":"https:\/\/arantv.az\/index.php?rest_route=%2Fwp%2Fv2%2Fmedia&parent=418127"}],"wp:term":[{"taxonomy":"category","embeddable":true,"href":"https:\/\/arantv.az\/index.php?rest_route=%2Fwp%2Fv2%2Fcategories&post=418127"},{"taxonomy":"post_tag","embeddable":true,"href":"https:\/\/arantv.az\/index.php?rest_route=%2Fwp%2Fv2%2Ftags&post=418127"}],"curies":[{"name":"wp","href":"https:\/\/api.w.org\/{rel}","templated":true}]}}