{"id":418217,"date":"2021-12-22T18:04:56","date_gmt":"2021-12-22T15:04:56","guid":{"rendered":"http:\/\/arantv.az\/?p=418217"},"modified":"2021-12-22T18:04:56","modified_gmt":"2021-12-22T15:04:56","slug":"rusiya-v%c9%99-erm%c9%99nistan-xin-bascilari-arasinda-telefon-danisigi-olub","status":"publish","type":"post","link":"https:\/\/arantv.az\/?p=418217","title":{"rendered":"Rusiya v\u0259 Erm\u0259nistan X\u0130N ba\u015f\u00e7\u0131lar\u0131 aras\u0131nda telefon dan\u0131\u015f\u0131\u011f\u0131 olub"},"content":{"rendered":"<p>Rusiya v\u0259 Erm\u0259nistan xarici i\u015fl\u0259r nazirl\u0259ri aras\u0131nda telefon dan\u0131\u015f\u0131\u011f\u0131 ba\u015f tutub.<\/p>\n<p>Sergey Lavrovla Ararat Mirzoyan\u0131n dan\u0131\u015f\u0131\u011f\u0131 zaman\u0131 Az\u0259rbaycan Erm\u0259nistan s\u0259rh\u0259dinin demarkasiyas\u0131 v\u0259 delimitasiyas\u0131 mexanizml\u0259rinin formala\u015fd\u0131r\u0131lmas\u0131n\u0131n vacibliyini qeyd edibl\u0259r.<\/p>\n<p>T\u0259r\u0259fl\u0259r\u00a0noyabr\u0131n 26-da Az\u0259rbaycan, Rusiya v\u0259 Erm\u0259nistan liderl\u0259rinin So\u00e7id\u0259 imzalanan\u00a0\u00fc\u00e7t\u0259r\u0259fli b\u0259yanat\u0131nda qeyd\u0259 al\u0131nm\u0131\u015f raz\u0131la\u015fmalar\u0131n icras\u0131 il\u0259 ba\u011fl\u0131 geni\u015f spektrli m\u0259s\u0259l\u0259l\u0259ri m\u00fczakir\u0259 edib.<\/p>\n<p>T\u0259r\u0259fl\u0259r h\u0259m\u00e7inin Az\u0259rbaycan Erm\u0259nistan s\u0259rh\u0259dind\u0259ki son v\u0259ziyy\u0259ti, habel\u0259 d\u00f6vl\u0259t s\u0259rh\u0259dinin delimitasiyas\u0131 v\u0259 demarkasiyas\u0131 mexanizml\u0259rinin yarad\u0131lmas\u0131 istiqam\u0259tind\u0259 at\u0131lan add\u0131mlar\u0131n vacibliyini qeyd edibl\u0259r.<\/p>\n<p>M\u0259nb\u0259: TASS<\/p>\n","protected":false},"excerpt":{"rendered":"<p>Rusiya v\u0259 Erm\u0259nistan xarici i\u015fl\u0259r nazirl\u0259ri aras\u0131nda telefon dan\u0131\u015f\u0131\u011f\u0131 ba\u015f tutub. Sergey Lavrovla Ararat Mirzoyan\u0131n dan\u0131\u015f\u0131\u011f\u0131 zaman\u0131 Az\u0259rbaycan Erm\u0259nistan s\u0259rh\u0259dinin demarkasiyas\u0131 v\u0259 delimitasiyas\u0131 mexanizml\u0259rinin formala\u015fd\u0131r\u0131lmas\u0131n\u0131n vacibliyini qeyd edibl\u0259r. T\u0259r\u0259fl\u0259r\u00a0noyabr\u0131n 26-da Az\u0259rbaycan, Rusiya v\u0259 Erm\u0259nistan liderl\u0259rinin So\u00e7id\u0259 imzalanan\u00a0\u00fc\u00e7t\u0259r\u0259fli b\u0259yanat\u0131nda qeyd\u0259 al\u0131nm\u0131\u015f raz\u0131la\u015fmalar\u0131n icras\u0131 il\u0259 ba\u011fl\u0131 geni\u015f spektrli m\u0259s\u0259l\u0259l\u0259ri m\u00fczakir\u0259 edib. T\u0259r\u0259fl\u0259r h\u0259m\u00e7inin Az\u0259rbaycan Erm\u0259nistan s\u0259rh\u0259dind\u0259ki son v\u0259ziyy\u0259ti, habel\u0259 d\u00f6vl\u0259t s\u0259rh\u0259dinin delimitasiyas\u0131 v\u0259 demarkasiyas\u0131 mexanizml\u0259rinin yarad\u0131lmas\u0131 istiqam\u0259tind\u0259 at\u0131lan add\u0131mlar\u0131n vacibliyini qeyd edibl\u0259r. M\u0259nb\u0259: TASS<\/p>\n","protected":false},"author":2,"featured_media":418218,"comment_status":"closed","ping_status":"closed","sticky":false,"template":"","format":"standard","meta":{"om_disable_all_campaigns":false,"_monsterinsights_skip_tracking":false,"_monsterinsights_sitenote_active":false,"_monsterinsights_sitenote_note":"","_monsterinsights_sitenote_category":0},"categories":[7],"tags":[],"aioseo_notices":[],"gutentor_comment":0,"rttpg_featured_image_url":{"full":["https:\/\/arantv.az\/wp-content\/uploads\/2021\/12\/268712166_258793152938138_7057940520612845266_n.jpg",620,403,false],"landscape":["https:\/\/arantv.az\/wp-content\/uploads\/2021\/12\/268712166_258793152938138_7057940520612845266_n.jpg",620,403,false],"portraits":["https:\/\/arantv.az\/wp-content\/uploads\/2021\/12\/268712166_258793152938138_7057940520612845266_n.jpg",620,403,false],"thumbnail":["https:\/\/arantv.az\/wp-content\/uploads\/2021\/12\/268712166_258793152938138_7057940520612845266_n-500x280.jpg",500,280,true],"medium":["https:\/\/arantv.az\/wp-content\/uploads\/2021\/12\/268712166_258793152938138_7057940520612845266_n-562x365.jpg",562,365,true],"large":["https:\/\/arantv.az\/wp-content\/uploads\/2021\/12\/268712166_258793152938138_7057940520612845266_n.jpg",620,403,false],"1536x1536":["https:\/\/arantv.az\/wp-content\/uploads\/2021\/12\/268712166_258793152938138_7057940520612845266_n.jpg",620,403,false],"2048x2048":["https:\/\/arantv.az\/wp-content\/uploads\/2021\/12\/268712166_258793152938138_7057940520612845266_n.jpg",620,403,false],"post-thumbnail":["https:\/\/arantv.az\/wp-content\/uploads\/2021\/12\/268712166_258793152938138_7057940520612845266_n-240x172.jpg",240,172,true],"advps-thumb-one":["https:\/\/arantv.az\/wp-content\/uploads\/2021\/12\/268712166_258793152938138_7057940520612845266_n.jpg",620,403,false]},"rttpg_author":{"display_name":"V\u00fcsal Rafiqo\u011flu","author_link":"https:\/\/arantv.az\/?author=2"},"rttpg_comment":0,"rttpg_category":"<a href=\"https:\/\/arantv.az\/?cat=7\" rel=\"category\">D\u00fcnya<\/a>","rttpg_excerpt":"Rusiya v\u0259 Erm\u0259nistan xarici i\u015fl\u0259r nazirl\u0259ri aras\u0131nda telefon dan\u0131\u015f\u0131\u011f\u0131 ba\u015f tutub. Sergey Lavrovla Ararat Mirzoyan\u0131n dan\u0131\u015f\u0131\u011f\u0131 zaman\u0131 Az\u0259rbaycan Erm\u0259nistan s\u0259rh\u0259dinin demarkasiyas\u0131 v\u0259 delimitasiyas\u0131 mexanizml\u0259rinin formala\u015fd\u0131r\u0131lmas\u0131n\u0131n vacibliyini qeyd edibl\u0259r. T\u0259r\u0259fl\u0259r\u00a0noyabr\u0131n 26-da Az\u0259rbaycan, Rusiya v\u0259 Erm\u0259nistan liderl\u0259rinin So\u00e7id\u0259 imzalanan\u00a0\u00fc\u00e7t\u0259r\u0259fli b\u0259yanat\u0131nda qeyd\u0259 al\u0131nm\u0131\u015f raz\u0131la\u015fmalar\u0131n icras\u0131 il\u0259 ba\u011fl\u0131 geni\u015f spektrli m\u0259s\u0259l\u0259l\u0259ri m\u00fczakir\u0259 edib. T\u0259r\u0259fl\u0259r h\u0259m\u00e7inin Az\u0259rbaycan Erm\u0259nistan s\u0259rh\u0259dind\u0259ki son&hellip;","_links":{"self":[{"href":"https:\/\/arantv.az\/index.php?rest_route=\/wp\/v2\/posts\/418217"}],"collection":[{"href":"https:\/\/arantv.az\/index.php?rest_route=\/wp\/v2\/posts"}],"about":[{"href":"https:\/\/arantv.az\/index.php?rest_route=\/wp\/v2\/types\/post"}],"author":[{"embeddable":true,"href":"https:\/\/arantv.az\/index.php?rest_route=\/wp\/v2\/users\/2"}],"replies":[{"embeddable":true,"href":"https:\/\/arantv.az\/index.php?rest_route=%2Fwp%2Fv2%2Fcomments&post=418217"}],"version-history":[{"count":0,"href":"https:\/\/arantv.az\/index.php?rest_route=\/wp\/v2\/posts\/418217\/revisions"}],"wp:featuredmedia":[{"embeddable":true,"href":"https:\/\/arantv.az\/index.php?rest_route=\/wp\/v2\/media\/418218"}],"wp:attachment":[{"href":"https:\/\/arantv.az\/index.php?rest_route=%2Fwp%2Fv2%2Fmedia&parent=418217"}],"wp:term":[{"taxonomy":"category","embeddable":true,"href":"https:\/\/arantv.az\/index.php?rest_route=%2Fwp%2Fv2%2Fcategories&post=418217"},{"taxonomy":"post_tag","embeddable":true,"href":"https:\/\/arantv.az\/index.php?rest_route=%2Fwp%2Fv2%2Ftags&post=418217"}],"curies":[{"name":"wp","href":"https:\/\/api.w.org\/{rel}","templated":true}]}}